{"id":17351,"date":"2016-02-15T16:24:41","date_gmt":"2016-02-15T14:24:41","guid":{"rendered":"http:\/\/www.tineretalente.org\/?p=17351"},"modified":"2016-09-08T15:25:27","modified_gmt":"2016-09-08T13:25:27","slug":"rezultate-selectie-tinere-talente-2016","status":"publish","type":"post","link":"https:\/\/www.tineretalente.org\/index.php\/2016\/02\/15\/rezultate-selectie-tinere-talente-2016\/","title":{"rendered":"Rezultate selectie Tinere Talente 2016"},"content":{"rendered":"<div>Fundatia Principesa Margareta a Romaniei a selectat un numar de 36 de tineri artisti din intreaga tara in cadrul programului Tinere Talente, editia 2016. Inscrierea tinerilor si preselectia au avut loc in luna ianuarie a acestui an. Un juriu de specialitate a selectat cei 36 de bursieri ai proiectului Tinere Talente editia 2016.<\/div>\n<div><\/div>\n<div>La sectiunea Muzica juriul a fost constituit din:<\/div>\n<div>Rafael Butaru \/ Teodor Ilinc\u0103i \/ Horia Maxim \/ Florin Pane \/ Tiberiu Soare<\/div>\n<div><\/div>\n<div>La sectiunea Arte plastice din juriu au facut parte urmatorii artisti vizuali:<\/div>\n<div>Carmen Apetrei \/ Lucian Butucariu \/ Ileana Dana Marinescu \/ Ioana Vlasiu<\/div>\n<div><\/div>\n<div>Multumim pentru generozitate membrilor juriului, artisti de valoare, care au daruit din timpul lor pentru a sustine probono selectia bursierilor din programul Tinere Talente.<\/div>\n<p><strong>Bursieri Arte plastice<\/strong><\/p>\n<ul>\n<li>Claudia Calini, 22 ani, Universitatea de Art\u0103 \u015fi Design Cluj-Napoca, sec\u0163ia design textil<\/li>\n<li>Alina Cerescu, 22 ani, Universitatea Na\u0163ional\u0103 de Arte Bucure\u015fti, sec\u0163ia grafic\u0103<\/li>\n<li>Stefana Chelaru, 23 ani, Universitatea Na\u0163ional\u0103 de Arte Bucure\u015fti, sec\u0163ia design vestimentar<\/li>\n<li>Sabina Dragomir, 23 ani, Universitatea de Art\u0103 \u015fi Design Cluj-Napoca, sec\u0163ia pictur\u0103<\/li>\n<li>Dumitru Glodeanu, 22 ani, Universitatea Na\u0163ional\u0103 de Arte Bucure\u015fti, sec\u0163ia art\u0103-mural\u0103<\/li>\n<li>Cezar Vasile Grigorescu, 15 ani, Liceul de Arte Marin Sorescu Craiova, sec\u0163ia pictur\u0103<\/li>\n<li>Elena Gruia, 20 ani, Universitatea Na\u0163ional\u0103 de Arte Bucure\u015fti, sec\u0163ia grafic\u0103<\/li>\n<li>Cristian Ion, 20 ani, Universitatea Na\u0163ional\u0103 de Arte Bucure\u015fti, sec\u0163ia grafic-design<\/li>\n<li>Alexandru Adrian Ivan, 24 ani, Universitatea Na\u0163ional\u0103 de Arte Bucure\u015fti, sec\u0163ia pictur\u0103<\/li>\n<li>Alexandra Larion, 22 ani, Universitatea de Art\u0103 \u015fi Design Cluj-Napoca, sec\u0163ia grafic\u0103<\/li>\n<li>Diana Gabriela Lemnaru, 20 ani, Universitatea Na\u0163ional\u0103 de Arte Bucure\u015fti, sec\u0163ia grafic\u0103<\/li>\n<li>Leordean Ana Maria, 24 ani, Universitatea de Art\u0103 \u015fi Design Cluj-Napoca, sec\u0163ia design vestimentar<\/li>\n<li>Andrei Nutu, 19 ani, Universitatea de Art\u0103 \u015fi Design Cluj-Napoca, sec\u0163ia pictur\u0103<\/li>\n<li>Eric Pambou, 19 ani, Universitatea Na\u0163ional\u0103 de Arte Bucure\u015fti, sec\u0163ia grafic\u0103<\/li>\n<li>Elenis Sima, 18 ani, Colegiul National de Arte Regina Maria Constanta, sec\u0163ia design vestimentar<\/li>\n<li>Daniela Tamas, 21 ani, Universitatea de Art\u0103 \u015fi Design Cluj-Napoca, sec\u0163ia design vestimentar<\/li>\n<li>Ovidiu Stefan Toader, 24 ani, Universitatea Na\u0163ional\u0103 de Arte Bucure\u015fti, sec\u0163ia sculptur\u0103<\/li>\n<li>Andrei Vasilescu, 18 ani, Liceul de Arte Plastice Nicolae Tonitza Bucuresti, sec\u0163ia grafic\u0103<\/li>\n<\/ul>\n<div class=\"vc_col-sm-12 wpb_column vc_column_container \">\n<div class=\"wpb_wrapper\">\n<div class=\"separator normal center \"><\/div>\n<div class=\"vc_row wpb_row section vc_inner vc_row-fluid\">\n<div class=\" full_section_inner clearfix\">\n<div class=\"vc_col-sm-12 wpb_column vc_column_container \">\n<div class=\"wpb_wrapper\">\n<div class=\"wpb_text_column wpb_content_element \">\n<div class=\"wpb_wrapper\">\n<p><strong>Bursieri Muzica<\/strong><\/p>\n<ul>\n<li>Iulia Martiniana Antonie, 21 ani, Universitatea Na\u0163ional\u0103 de Muzic\u0103 Bucure\u015fti, specializarea canto<\/li>\n<li>Constantin Borodin, 21 ani, Universitatea Na\u0163ional\u0103 de Muzic\u0103 Bucure\u015fti, specializarea violoncel<\/li>\n<li>Emoke Burjan, 21 ani, Universitatea Na\u0163ional\u0103 de Muzic\u0103 Bucure\u015fti, specializarea flaut<\/li>\n<li>M\u0103lina Ciobanu, 17 ani, Colegiul Na\u0163ional de Art\u0103 Octav B\u0103ncil\u0103 Ia\u015fi, specializarea vioar\u0103<\/li>\n<li>Anca Cristescu, 22 ani, Universitatea Na\u0163ional\u0103 de Muzic\u0103 Bucure\u015fti, specializarea flaut<\/li>\n<li>Ionu\u0163 Diaconu, 17 ani, Colegiul Na\u0163ional de Muzic\u0103 George Enescu Bucure\u015fti, specializarea pian<\/li>\n<li>Nicolae Dobrovicescu, 19 ani, Universitatea Na\u0163ional\u0103 de Muzic\u0103 Bucure\u015fti, specializarea vioar\u0103<\/li>\n<li>Alexandru Duda, 23 ani, Universitatea Na\u0163ional\u0103 de Muzic\u0103 Bucure\u015fti, specializarea fagot<\/li>\n<li>Mircea Dumitrescu, 17 ani, Colegiul Na\u0163ional de Muzic\u0103 George Enescu Bucure\u015fti, specializarea vioar\u0103<\/li>\n<li>Maria Izabela Ghergu, 17 ani, Colegiul Na\u0163ional de Arte Dinu Lipatti Bucure\u015fti, specializarea violoncel<\/li>\n<li>Miruna Iancu, 20ani, Universitatea Na\u0163ional\u0103 de Muzic\u0103 Bucure\u015fti, specializarea canto<\/li>\n<li>Madalina Ivancia, 14 ani, Colegiul Na\u0163ional de Art\u0103 Octavian B\u0103ncil\u0103 Ia\u015fi, specializarea vioar\u0103<\/li>\n<li>Hora\u0163iu Ludu\u015fan, 22 ani, Universitatea Na\u0163ional\u0103 de Muzic\u0103 Bucure\u015fti, specializarea violoncel<\/li>\n<li>Dumitru Moi\u015fii, 15 ani, Colegiul de Art\u0103 Ciprian Porumbescu Suceava, specializarea corn<\/li>\n<li>C\u0103t\u0103lin R\u0103ducanu, 23 ani, Universitatea Na\u0163ional\u0103 de Muzic\u0103 Bucure\u015fti, specializarea pian<\/li>\n<li>Cosmina Stancu, 22ani, Universitatea Na\u0163ional\u0103 de Muzic\u0103 Bucure\u015fti, specializarea canto<\/li>\n<li>Larisa \u015etefan, 21 ani, Facultatea de Arte Oradea, specializarea canto<\/li>\n<li>Cornelius Zirbo, 17 ani, Colegiul Na\u0163ional de Arte Dinu Lipatti Bucure\u015fti, specializarea violoncel<\/li>\n<\/ul>\n<\/div>\n<\/div>\n<\/div>\n<\/div>\n<\/div>\n<\/div>\n<\/div>\n<\/div>\n","protected":false},"excerpt":{"rendered":"<p>Fundatia Principesa Margareta a Romaniei a selectat un numar de 36 de tineri artisti din intreaga tara in cadrul programului Tinere Talente, editia 2016. Inscrierea tinerilor si preselectia au avut loc in luna ianuarie a acestui an. Un juriu de specialitate a selectat cei 36&#8230;<\/p>\n","protected":false},"author":1,"featured_media":16785,"comment_status":"closed","ping_status":"closed","sticky":false,"template":"","format":"standard","meta":[],"categories":[1],"tags":[169,168,170,166,167],"_links":{"self":[{"href":"https:\/\/www.tineretalente.org\/index.php\/wp-json\/wp\/v2\/posts\/17351"}],"collection":[{"href":"https:\/\/www.tineretalente.org\/index.php\/wp-json\/wp\/v2\/posts"}],"about":[{"href":"https:\/\/www.tineretalente.org\/index.php\/wp-json\/wp\/v2\/types\/post"}],"author":[{"embeddable":true,"href":"https:\/\/www.tineretalente.org\/index.php\/wp-json\/wp\/v2\/users\/1"}],"replies":[{"embeddable":true,"href":"https:\/\/www.tineretalente.org\/index.php\/wp-json\/wp\/v2\/comments?post=17351"}],"version-history":[{"count":1,"href":"https:\/\/www.tineretalente.org\/index.php\/wp-json\/wp\/v2\/posts\/17351\/revisions"}],"predecessor-version":[{"id":17352,"href":"https:\/\/www.tineretalente.org\/index.php\/wp-json\/wp\/v2\/posts\/17351\/revisions\/17352"}],"wp:featuredmedia":[{"embeddable":true,"href":"https:\/\/www.tineretalente.org\/index.php\/wp-json\/wp\/v2\/media\/16785"}],"wp:attachment":[{"href":"https:\/\/www.tineretalente.org\/index.php\/wp-json\/wp\/v2\/media?parent=17351"}],"wp:term":[{"taxonomy":"category","embeddable":true,"href":"https:\/\/www.tineretalente.org\/index.php\/wp-json\/wp\/v2\/categories?post=17351"},{"taxonomy":"post_tag","embeddable":true,"href":"https:\/\/www.tineretalente.org\/index.php\/wp-json\/wp\/v2\/tags?post=17351"}],"curies":[{"name":"wp","href":"https:\/\/api.w.org\/{rel}","templated":true}]}}