{"id":17372,"date":"2016-03-15T17:53:18","date_gmt":"2016-03-15T15:53:18","guid":{"rendered":"http:\/\/www.tineretalente.org\/?p=17372"},"modified":"2016-09-08T15:24:42","modified_gmt":"2016-09-08T13:24:42","slug":"identitati-expozitie-si-recital-al-bursierilor-selectati-in-cadrul-programului-tineretalente-2016","status":"publish","type":"post","link":"https:\/\/www.tineretalente.org\/index.php\/2016\/03\/15\/identitati-expozitie-si-recital-al-bursierilor-selectati-in-cadrul-programului-tineretalente-2016\/","title":{"rendered":"IDENTIT\u0102\u0162I &#8211; expozi\u0163ie \u0219i recital al bursierilor selecta\u0163i \u00een cadrul programului TinereTalente 2016"},"content":{"rendered":"<p><em>Funda\u021bia Regal\u0103 Margareta a Rom\u00e2niei \u00een parteneriat cu Elite Art Gallery v\u0103 invit\u0103 \u00een perioada 22 februarie-3 martie la expozi\u021bia cu titlul ,,Identit\u0103\u021bi\u201d ce reune\u0219te lucr\u0103rile bursierilor selecta\u021bi \u00een cadrul programului TinereTalente 2016.<\/em><\/p>\n<p>Deschis\u0103 publicului larg, \u00een cadrul Elite Art Gallery din Pia\u021ba Na\u021biunile Unite nr.3-5, expozi\u021bia \u201cIdentit\u0103\u021bi\u201d este primul eveniment de prezentare a tinerilor talenta\u021bi \u00een arte vizuale, care au fost recent selecta\u021bi ca bursieri \u00een cadrul programului TinereTalente, editia 2016. Vernisajul expozi\u021biei are loc luni, 22 februarie, la ora 18.30 \u0219i va debuta cu un recital de muzic\u0103 clasic\u0103 sus\u021binut de bursierii TinereTalente la muzic\u0103.<\/p>\n<p><a href=\"https:\/\/www.tineretalente.org\/wp-content\/uploads\/12795163_242970422703817_177702110162574051_o.jpg\"><img loading=\"lazy\" class=\"aligncenter wp-image-17550\" src=\"https:\/\/www.tineretalente.org\/wp-content\/uploads\/12795163_242970422703817_177702110162574051_o-1024x683.jpg\" alt=\"12795163_242970422703817_177702110162574051_o\" width=\"500\" height=\"333\" srcset=\"https:\/\/www.tineretalente.org\/wp-content\/uploads\/12795163_242970422703817_177702110162574051_o-1024x683.jpg 1024w, https:\/\/www.tineretalente.org\/wp-content\/uploads\/12795163_242970422703817_177702110162574051_o-300x200.jpg 300w, https:\/\/www.tineretalente.org\/wp-content\/uploads\/12795163_242970422703817_177702110162574051_o-700x467.jpg 700w, https:\/\/www.tineretalente.org\/wp-content\/uploads\/12795163_242970422703817_177702110162574051_o.jpg 1296w\" sizes=\"(max-width: 500px) 100vw, 500px\" \/><\/a><\/p>\n<p>\u201cIdentit\u0103\u021bi\u201d este un eveniment de tradi\u021bieorganizat de Funda\u021biaPrincipesaMargareta a Rom\u00e2niei, acestafiindcelde-alcincilea an \u00een care bursierii\u00ee\u0219iexpunlucr\u0103ridindomeniilepictur\u0103, grafic\u0103, sculptur\u0103sau design vestimentar\u00eencadruluneiexpozi\u021bii de debut, pentru a transmitepubliculuimesajullorartistic. Expozi\u021bia va fi deschis\u0103publicului\u00eenperioada 22 februarie \u2013 3 martie 2016, la Elite Art GallerydinPia\u0163aNa\u0163iunilorUnite, Nr. 3-5, Bl. B2, Parter, Sector 4, Bucure\u015fti.<\/p>\n<p>\u00cenlunaianuarie a acestui an, Funda\u021biaPrincipesaMargareta a Rom\u00e2niei a organizat o selec\u021biena\u021bional\u0103, implic\u00e2nd un prestigiosjuriu de specialitate, \u00eenurmac\u0103reia un num\u0103r de 36 de tineriarti\u0219ti au devenitbursieri ai programuluiTinereTalente, edi\u021bia 2016. Tinerii vor primiburseindividuale de p\u00e2n\u0103 la 2.000 de europentrudezvoltareapropriului talent, peperioadaunui an calendaristic. Tineriiarti\u0219ti vor aveaposibilitatea de a participa la concursurina\u021bionale\u0219iinterna\u021bionale, cursuri de maiestrie\u0219iateliere\u00eenRom\u00e2nia\u0219i\u00eenstr\u0103in\u0103tate, de a achizi\u021biona de instrumente \u0219imateriale de lucru. Totodat\u0103tinerii vor sus\u021binepetotparcursulanului\u00eent\u00e2lniri de mentorat cuarti\u0219ti de renume\u0219ipersonalit\u0103\u021birecunoscute\u00eendomeniulartistic ales.<\/p>\n<p>Programul TinereTalente sus\u021bine \u0219i promoveaz\u0103 arti\u0219ti din familii modeste, care nu \u00ee\u0219i pot dezvolta poten\u021bialul din cauza lipsurilor materiale. Bursierii sunt tineri cu v\u00e2rste cuprinse \u00eentre 14 \u0219i 24 de ani care studiaz\u0103 la liceele \u0219i universit\u0103\u021bile de muzic\u0103 \u0219i arte din toat\u0103 \u021bara.<\/p>\n<p>ProgramulTinereTalente, edi\u021bia 2016 este realizatcusprijinulpartenerilor BRD &#8211; Groupe Soci\u00e9t\u00e9 G\u00e9n\u00e9rale, Funda\u0163ia Vodafone Rom\u00e2nia\u0219i Dacia.<\/p>\n<p>Sponsoriiprogramuluisunt: SofMedica, Kaufland, \u0218antierul Naval Damen Gala\u0163i, Hotel Siqua, Kultho, ISS Facility Services, Class Living, KMG Rompetrol, Residence Hotels, Benclinov, RR Media, Dentons, Roche, DentalMed, Funda\u0163iaPoliclinicilorSociale Regina Maria, SEGES, Deutek, Negro 2000, Star Storage.<\/p>\n<p>&nbsp;<\/p>\n","protected":false},"excerpt":{"rendered":"<p>Funda\u021bia Regal\u0103 Margareta a Rom\u00e2niei \u00een parteneriat cu Elite Art Gallery v\u0103 invit\u0103 \u00een perioada 22 februarie-3 martie la expozi\u021bia cu titlul ,,Identit\u0103\u021bi\u201d ce reune\u0219te lucr\u0103rile bursierilor selecta\u021bi \u00een cadrul programului TinereTalente 2016. Deschis\u0103 publicului larg, \u00een cadrul Elite Art Gallery din Pia\u021ba Na\u021biunile Unite&#8230;<\/p>\n","protected":false},"author":1,"featured_media":17550,"comment_status":"closed","ping_status":"closed","sticky":false,"template":"","format":"standard","meta":[],"categories":[1],"tags":[178,177,170,179,167],"_links":{"self":[{"href":"https:\/\/www.tineretalente.org\/index.php\/wp-json\/wp\/v2\/posts\/17372"}],"collection":[{"href":"https:\/\/www.tineretalente.org\/index.php\/wp-json\/wp\/v2\/posts"}],"about":[{"href":"https:\/\/www.tineretalente.org\/index.php\/wp-json\/wp\/v2\/types\/post"}],"author":[{"embeddable":true,"href":"https:\/\/www.tineretalente.org\/index.php\/wp-json\/wp\/v2\/users\/1"}],"replies":[{"embeddable":true,"href":"https:\/\/www.tineretalente.org\/index.php\/wp-json\/wp\/v2\/comments?post=17372"}],"version-history":[{"count":5,"href":"https:\/\/www.tineretalente.org\/index.php\/wp-json\/wp\/v2\/posts\/17372\/revisions"}],"predecessor-version":[{"id":17552,"href":"https:\/\/www.tineretalente.org\/index.php\/wp-json\/wp\/v2\/posts\/17372\/revisions\/17552"}],"wp:featuredmedia":[{"embeddable":true,"href":"https:\/\/www.tineretalente.org\/index.php\/wp-json\/wp\/v2\/media\/17550"}],"wp:attachment":[{"href":"https:\/\/www.tineretalente.org\/index.php\/wp-json\/wp\/v2\/media?parent=17372"}],"wp:term":[{"taxonomy":"category","embeddable":true,"href":"https:\/\/www.tineretalente.org\/index.php\/wp-json\/wp\/v2\/categories?post=17372"},{"taxonomy":"post_tag","embeddable":true,"href":"https:\/\/www.tineretalente.org\/index.php\/wp-json\/wp\/v2\/tags?post=17372"}],"curies":[{"name":"wp","href":"https:\/\/api.w.org\/{rel}","templated":true}]}}