{"id":17510,"date":"2016-05-04T13:42:18","date_gmt":"2016-05-04T11:42:18","guid":{"rendered":"http:\/\/www.tineretalente.org\/?p=17510"},"modified":"2016-09-08T15:25:48","modified_gmt":"2016-09-08T13:25:48","slug":"mentorat-tinere-talente","status":"publish","type":"post","link":"https:\/\/www.tineretalente.org\/index.php\/2016\/05\/04\/mentorat-tinere-talente\/","title":{"rendered":"Mentorat Tinere Talente"},"content":{"rendered":"<p><a href=\"https:\/\/www.tineretalente.org\/wp-content\/uploads\/13062967_272412069759652_679288750183020631_o.jpg\"><img loading=\"lazy\" class=\"size-medium wp-image-17511 alignleft\" src=\"https:\/\/www.tineretalente.org\/wp-content\/uploads\/13062967_272412069759652_679288750183020631_o-200x300.jpg\" alt=\"13062967_272412069759652_679288750183020631_o\" width=\"200\" height=\"300\" srcset=\"https:\/\/www.tineretalente.org\/wp-content\/uploads\/13062967_272412069759652_679288750183020631_o-200x300.jpg 200w, https:\/\/www.tineretalente.org\/wp-content\/uploads\/13062967_272412069759652_679288750183020631_o.jpg 640w\" sizes=\"(max-width: 200px) 100vw, 200px\" \/><\/a><\/p>\n<p>Cel mai recent mentorat \u00een cadrul programului Tinere Talente i-a avut ca protagoni\u0219ti pe sculptorul Aurel Vlad \u0219i pe actri\u021ba Daniela Nane. Tinerii bursieri au avut ocazia s\u0103 interactioneze cu dou\u0103 personalit\u0103\u021bi importante, au pus \u00eentreb\u0103ri \u0219i au cules informa\u021bii.<\/p>\n<p>Mentor al programului Tinere Talente, sculptorul Aurel Vlad, a invitat bursierii \u00een atelierul s\u0103u, unde ne-am sim\u021bit ca \u00eentr-o mare familie.\u00a0Ulterior am vizitat \u00eempreun\u0103 Atelierele deschise, organizate la Combinatul Fondului Plastic.<\/p>\n<p>Actrita Daniela Nane, le-a vorbit bursierilor, \u00eentr-o manier\u0103 sincer\u0103 \u0219i plin\u0103 de umor, despre via\u021b\u0103 \u00een toat\u0103 complexitatea ei, despre emo\u021bii \u0219i puterea fiec\u0103ruia de a-\u0219i contura propriul drum.<\/p>\n<p>\u201dPartitura este de multe ori aceea\u0219i, \u00een schimb interpretarea este diferit\u0103, \u00een func\u021bie de alegerile pe care le facem noi. Ce punem \u00een chenar e ceea ce g\u00e2ndim \u0219i aducem afectiv din emo\u021biile pe care le tr\u0103im\u201d.<\/p>\n<p>A fost o sesiune de mentorat memorabil\u0103!<\/p>\n","protected":false},"excerpt":{"rendered":"<p>Cel mai recent mentorat \u00een cadrul programului Tinere Talente i-a avut ca protagoni\u0219ti pe sculptorul Aurel Vlad \u0219i pe actri\u021ba Daniela Nane. Tinerii bursieri au avut ocazia s\u0103 interactioneze cu dou\u0103 personalit\u0103\u021bi importante, au pus \u00eentreb\u0103ri \u0219i au cules informa\u021bii. Mentor al programului Tinere Talente,&#8230;<\/p>\n","protected":false},"author":2,"featured_media":17512,"comment_status":"closed","ping_status":"closed","sticky":false,"template":"","format":"standard","meta":[],"categories":[163],"tags":[172,168,167],"_links":{"self":[{"href":"https:\/\/www.tineretalente.org\/index.php\/wp-json\/wp\/v2\/posts\/17510"}],"collection":[{"href":"https:\/\/www.tineretalente.org\/index.php\/wp-json\/wp\/v2\/posts"}],"about":[{"href":"https:\/\/www.tineretalente.org\/index.php\/wp-json\/wp\/v2\/types\/post"}],"author":[{"embeddable":true,"href":"https:\/\/www.tineretalente.org\/index.php\/wp-json\/wp\/v2\/users\/2"}],"replies":[{"embeddable":true,"href":"https:\/\/www.tineretalente.org\/index.php\/wp-json\/wp\/v2\/comments?post=17510"}],"version-history":[{"count":3,"href":"https:\/\/www.tineretalente.org\/index.php\/wp-json\/wp\/v2\/posts\/17510\/revisions"}],"predecessor-version":[{"id":17518,"href":"https:\/\/www.tineretalente.org\/index.php\/wp-json\/wp\/v2\/posts\/17510\/revisions\/17518"}],"wp:featuredmedia":[{"embeddable":true,"href":"https:\/\/www.tineretalente.org\/index.php\/wp-json\/wp\/v2\/media\/17512"}],"wp:attachment":[{"href":"https:\/\/www.tineretalente.org\/index.php\/wp-json\/wp\/v2\/media?parent=17510"}],"wp:term":[{"taxonomy":"category","embeddable":true,"href":"https:\/\/www.tineretalente.org\/index.php\/wp-json\/wp\/v2\/categories?post=17510"},{"taxonomy":"post_tag","embeddable":true,"href":"https:\/\/www.tineretalente.org\/index.php\/wp-json\/wp\/v2\/tags?post=17510"}],"curies":[{"name":"wp","href":"https:\/\/api.w.org\/{rel}","templated":true}]}}