{"id":17519,"date":"2016-07-08T09:24:51","date_gmt":"2016-07-08T07:24:51","guid":{"rendered":"http:\/\/www.tineretalente.org\/?p=17519"},"modified":"2016-09-08T15:26:10","modified_gmt":"2016-09-08T13:26:10","slug":"masterclass-pentru-cei-mai-talentati-tineri-muzicieni-ai-romaniei-in-cadrul-programului-tinere-talente","status":"publish","type":"post","link":"https:\/\/www.tineretalente.org\/index.php\/2016\/07\/08\/masterclass-pentru-cei-mai-talentati-tineri-muzicieni-ai-romaniei-in-cadrul-programului-tinere-talente\/","title":{"rendered":"Masterclass pentru cei mai talenta\u021bi tineri muzicieni ai Rom\u00e2niei,  \u00een cadrul programului Tinere Talente"},"content":{"rendered":"<p>Bucuresti 7 iulie &#8211; <strong><em>La Ateneul Rom\u00e2n, a debutat seria de masterclass-uri dedicate tinerilor muzicieni rom\u00e2ni de valoare, prin\u00a0\u00a0\u00a0cursul de m\u0103iestrie sus\u021binut de tenorul Vasile Moldoveanu. \u00cen perioada 7-14 iulie 2016 bursierii muzicieni din cadrul programului Tinere Talente precum \u0219i al\u021bi tineri muzicieni rom\u00e2ni cu v\u00e2rsta cuprins\u0103 \u00eentre 14 \u015fi 24 de ani, elevi \u015fi studen\u0163i la licee \u015fi universit\u0103\u0163i de muzic\u0103 sec\u0163ia canto, particip\u0103 la masterclass-ul de interpretare vocal\u0103 sus\u021binut de maestrul Vasile Moldoveanu.<\/em><\/strong><\/p>\n<p><img loading=\"lazy\" class=\"alignnone size-medium wp-image-17520\" src=\"https:\/\/www.tineretalente.org\/wp-content\/uploads\/ANG0638-300x200.jpg\" alt=\"_ANG0638\" width=\"300\" height=\"200\" srcset=\"https:\/\/www.tineretalente.org\/wp-content\/uploads\/ANG0638-300x200.jpg 300w, https:\/\/www.tineretalente.org\/wp-content\/uploads\/ANG0638-1024x683.jpg 1024w, https:\/\/www.tineretalente.org\/wp-content\/uploads\/ANG0638-700x467.jpg 700w\" sizes=\"(max-width: 300px) 100vw, 300px\" \/>\u00a0<a href=\"https:\/\/www.tineretalente.org\/wp-content\/uploads\/ANG0709.jpg\"><img loading=\"lazy\" class=\"size-medium wp-image-17521 alignleft\" src=\"https:\/\/www.tineretalente.org\/wp-content\/uploads\/ANG0709-300x200.jpg\" alt=\"_ANG0709\" width=\"300\" height=\"200\" srcset=\"https:\/\/www.tineretalente.org\/wp-content\/uploads\/ANG0709-300x200.jpg 300w, https:\/\/www.tineretalente.org\/wp-content\/uploads\/ANG0709-1024x683.jpg 1024w, https:\/\/www.tineretalente.org\/wp-content\/uploads\/ANG0709-700x467.jpg 700w\" sizes=\"(max-width: 300px) 100vw, 300px\" \/><\/a><\/p>\n<p>Masterclass-ul ofer\u0103 tinerilor\u00a0muzicieni cu un real poten\u021bial artistic \u0219ansa de a beneficia, \u00een mod gratuit, de experien\u021ba \u0219i valoarea tenorului Vasile Moldoveanu, un artist consacrat la nivel interna\u021bional. Vasile Moldoveanu este singurul tenor rom\u00e2n care a sus\u0163inut peste 100 de spectacole la Metropolitan Opera din New York. De-a lungul carierei sale a interpretat cele mai importante roluri \u00een s\u0103li prestigioase precum Covent Garden, Opera din Paris, Roma, Monaco, Nisa, Lisabona, Stuttgart sau Hamburg, printre altele.<\/p>\n<p>\u00cen prezent, tenorul rom\u00e2n \u00ee\u015fi dedic\u0103 timpul tinerilor interpre\u0163i lirici, \u00eemp\u0103rt\u0103\u015findu-le din frumoasa \u015fi vasta sa experien\u0163\u0103 pe cele mai importante scene ale lumii. Maestrul Vasile Moldoveanu sus\u0163ine pro bono, pentru al treilea an consecutiv, un masterclass de interpretare vocal\u0103 pentru tinerii muzicieni romani veniti din toata tara.<\/p>\n<p>Pe parcursul anului 2016, masterclass-urile orga abordez\u0103 \u00eentr-o manier\u0103 unic\u0103 \u0219i practic\u0103 educa\u021bia muzical\u0103. Pe parcursul verii tinerii muzicieni instrumentisti vor participa la masterclassul de interpretare \u00eentr-o orchestr\u0103 simfonic\u0103 ce va avea loc la final lunii iulie, la Bu\u0219teni, sub coordonarea dirijorului Tiberiu Soare \u0219i a violonistului Rafael Butaru.<\/p>\n<p>Programul Tinere Talente dezvoltat de Funda\u021bia Regal\u0103 Margareta a Rom\u00e2niei ofer\u0103 anual burse de studiu, mentorat \u0219i promovare pentru tinerii arti\u0219ti plastici \u0219i muzicieni afla\u021bi la \u00eenceput de carier\u0103 \u0219i \u00een imposibilitatea de a se dezvolta pe viitor din motive financiare.<\/p>\n<p>Programul Tinere Talente, edi\u021bia 2016 este realizat cu sprijinul partenerilor BRD &#8211; Groupe Soci\u00e9t\u00e9 G\u00e9n\u00e9rale, Funda\u0163ia Vodafone Rom\u00e2nia \u0219i Dacia.<\/p>\n<p>Sponsorii programului sunt: SofMedica, Kaufland, \u0218antierul Naval Damen Gala\u0163i, Hotel Siqua, Kultho, ISS Facility Services, Class Living, Residence Hotels, Benclinov, RR Media, Dentons, Roche, Dental Med, Funda\u0163ia Policlinicilor Sociale Regina Maria, SEGES, Deutek, Negro 2000, Star Storage.<\/p>\n","protected":false},"excerpt":{"rendered":"<p>Bucuresti 7 iulie &#8211; La Ateneul Rom\u00e2n, a debutat seria de masterclass-uri dedicate tinerilor muzicieni rom\u00e2ni de valoare, prin\u00a0\u00a0\u00a0cursul de m\u0103iestrie sus\u021binut de tenorul Vasile Moldoveanu. \u00cen perioada 7-14 iulie 2016 bursierii muzicieni din cadrul programului Tinere Talente precum \u0219i al\u021bi tineri muzicieni rom\u00e2ni cu&#8230;<\/p>\n","protected":false},"author":2,"featured_media":17521,"comment_status":"closed","ping_status":"closed","sticky":false,"template":"","format":"standard","meta":[],"categories":[163],"tags":[174,176,167,175],"_links":{"self":[{"href":"https:\/\/www.tineretalente.org\/index.php\/wp-json\/wp\/v2\/posts\/17519"}],"collection":[{"href":"https:\/\/www.tineretalente.org\/index.php\/wp-json\/wp\/v2\/posts"}],"about":[{"href":"https:\/\/www.tineretalente.org\/index.php\/wp-json\/wp\/v2\/types\/post"}],"author":[{"embeddable":true,"href":"https:\/\/www.tineretalente.org\/index.php\/wp-json\/wp\/v2\/users\/2"}],"replies":[{"embeddable":true,"href":"https:\/\/www.tineretalente.org\/index.php\/wp-json\/wp\/v2\/comments?post=17519"}],"version-history":[{"count":8,"href":"https:\/\/www.tineretalente.org\/index.php\/wp-json\/wp\/v2\/posts\/17519\/revisions"}],"predecessor-version":[{"id":17548,"href":"https:\/\/www.tineretalente.org\/index.php\/wp-json\/wp\/v2\/posts\/17519\/revisions\/17548"}],"wp:featuredmedia":[{"embeddable":true,"href":"https:\/\/www.tineretalente.org\/index.php\/wp-json\/wp\/v2\/media\/17521"}],"wp:attachment":[{"href":"https:\/\/www.tineretalente.org\/index.php\/wp-json\/wp\/v2\/media?parent=17519"}],"wp:term":[{"taxonomy":"category","embeddable":true,"href":"https:\/\/www.tineretalente.org\/index.php\/wp-json\/wp\/v2\/categories?post=17519"},{"taxonomy":"post_tag","embeddable":true,"href":"https:\/\/www.tineretalente.org\/index.php\/wp-json\/wp\/v2\/tags?post=17519"}],"curies":[{"name":"wp","href":"https:\/\/api.w.org\/{rel}","templated":true}]}}