{"id":17559,"date":"2016-07-26T16:08:10","date_gmt":"2016-07-26T14:08:10","guid":{"rendered":"http:\/\/www.tineretalente.org\/?p=17559"},"modified":"2016-09-08T16:18:46","modified_gmt":"2016-09-08T14:18:46","slug":"masterclass-de-interpretare-intr-o-orchestra-simfonica","status":"publish","type":"post","link":"https:\/\/www.tineretalente.org\/index.php\/2016\/07\/26\/masterclass-de-interpretare-intr-o-orchestra-simfonica\/","title":{"rendered":"Masterclass de interpretare intr-o orchestra simfonica"},"content":{"rendered":"<p>\u00cen cadrul masterclass-ului de interpretare \u00eentr-o orchestr\u0103 simfonic\u0103 de la Bu\u015fteni, care s-a desf\u0103\u015furat \u00eentre 22-24 iulie, tinerii muzicieni au primit sfaturi \u015fi \u00eenv\u0103\u0163\u0103minte de la dirijorul Tiberiu Soare\u00a0 \u015fi violonistul Rafel Butaru, fiecare fiind o personalitate cunoscut\u0103, cu experien\u0163\u0103 pe scenele lumii.<\/p>\n<p>Obiectivele masterclass-ului au fost de a familiariza membrii orchestrei cu conceptul de Concert Eveniment si cu apartenta la o Orchestra, ca un proiect educativ care stimuleaza lucrul\u00a0in echipa, organizarea, comunicarea si coeziunea de grup.<\/p>\n<p><a href=\"https:\/\/www.tineretalente.org\/wp-content\/uploads\/Film-Experience-1156.jpg\"><img loading=\"lazy\" class=\"aligncenter wp-image-17565\" src=\"https:\/\/www.tineretalente.org\/wp-content\/uploads\/Film-Experience-1156-1024x683.jpg\" alt=\"Film Experience-1156\" width=\"424\" height=\"283\" srcset=\"https:\/\/www.tineretalente.org\/wp-content\/uploads\/Film-Experience-1156-1024x683.jpg 1024w, https:\/\/www.tineretalente.org\/wp-content\/uploads\/Film-Experience-1156-300x200.jpg 300w, https:\/\/www.tineretalente.org\/wp-content\/uploads\/Film-Experience-1156-700x467.jpg 700w\" sizes=\"(max-width: 424px) 100vw, 424px\" \/><\/a><\/p>\n<p>&nbsp;<\/p>\n<p><a href=\"https:\/\/www.tineretalente.org\/wp-content\/uploads\/Tinere-Talente-Masterclass-Orchestra-Busteni-repetitii.jpg\"><img loading=\"lazy\" class=\"aligncenter wp-image-17562\" src=\"https:\/\/www.tineretalente.org\/wp-content\/uploads\/Tinere-Talente-Masterclass-Orchestra-Busteni-repetitii-683x1024.jpg\" alt=\"Tinere Talente - Masterclass Orchestra, Busteni - repetitii\" width=\"283\" height=\"424\" srcset=\"https:\/\/www.tineretalente.org\/wp-content\/uploads\/Tinere-Talente-Masterclass-Orchestra-Busteni-repetitii-683x1024.jpg 683w, https:\/\/www.tineretalente.org\/wp-content\/uploads\/Tinere-Talente-Masterclass-Orchestra-Busteni-repetitii-200x300.jpg 200w, https:\/\/www.tineretalente.org\/wp-content\/uploads\/Tinere-Talente-Masterclass-Orchestra-Busteni-repetitii-700x1050.jpg 700w\" sizes=\"(max-width: 283px) 100vw, 283px\" \/><\/a><\/p>\n<p>Au fost organizate activitati recreative si de culturalizare, precum vizita la Palatul, prilej pentru tineri de a invata despre istoria locului si de a vizita expozitia interactiva\u00a0\u201d Moving Van Gogh\u201d.<\/p>\n<p><a href=\"https:\/\/www.tineretalente.org\/wp-content\/uploads\/Tinere-Talente-Masterclass-OrchestraBusteni-poza-de-grup.jpg\"><img loading=\"lazy\" class=\"aligncenter wp-image-17561\" src=\"https:\/\/www.tineretalente.org\/wp-content\/uploads\/Tinere-Talente-Masterclass-OrchestraBusteni-poza-de-grup-1024x683.jpg\" alt=\"Tinere Talente - Masterclass Orchestra,Busteni - poza de grup\" width=\"424\" height=\"283\" srcset=\"https:\/\/www.tineretalente.org\/wp-content\/uploads\/Tinere-Talente-Masterclass-OrchestraBusteni-poza-de-grup-1024x683.jpg 1024w, https:\/\/www.tineretalente.org\/wp-content\/uploads\/Tinere-Talente-Masterclass-OrchestraBusteni-poza-de-grup-300x200.jpg 300w, https:\/\/www.tineretalente.org\/wp-content\/uploads\/Tinere-Talente-Masterclass-OrchestraBusteni-poza-de-grup-700x467.jpg 700w\" sizes=\"(max-width: 424px) 100vw, 424px\" \/><\/a><\/p>\n<p>&nbsp;<\/p>\n","protected":false},"excerpt":{"rendered":"<p>\u00cen cadrul masterclass-ului de interpretare \u00eentr-o orchestr\u0103 simfonic\u0103 de la Bu\u015fteni, care s-a desf\u0103\u015furat \u00eentre 22-24 iulie, tinerii muzicieni au primit sfaturi \u015fi \u00eenv\u0103\u0163\u0103minte de la dirijorul Tiberiu Soare\u00a0 \u015fi violonistul Rafel Butaru, fiecare fiind o personalitate cunoscut\u0103, cu experien\u0163\u0103 pe scenele lumii. Obiectivele masterclass-ului&#8230;<\/p>\n","protected":false},"author":4,"featured_media":17565,"comment_status":"closed","ping_status":"closed","sticky":false,"template":"","format":"standard","meta":[],"categories":[1],"tags":[174,183,182,180],"_links":{"self":[{"href":"https:\/\/www.tineretalente.org\/index.php\/wp-json\/wp\/v2\/posts\/17559"}],"collection":[{"href":"https:\/\/www.tineretalente.org\/index.php\/wp-json\/wp\/v2\/posts"}],"about":[{"href":"https:\/\/www.tineretalente.org\/index.php\/wp-json\/wp\/v2\/types\/post"}],"author":[{"embeddable":true,"href":"https:\/\/www.tineretalente.org\/index.php\/wp-json\/wp\/v2\/users\/4"}],"replies":[{"embeddable":true,"href":"https:\/\/www.tineretalente.org\/index.php\/wp-json\/wp\/v2\/comments?post=17559"}],"version-history":[{"count":3,"href":"https:\/\/www.tineretalente.org\/index.php\/wp-json\/wp\/v2\/posts\/17559\/revisions"}],"predecessor-version":[{"id":17566,"href":"https:\/\/www.tineretalente.org\/index.php\/wp-json\/wp\/v2\/posts\/17559\/revisions\/17566"}],"wp:featuredmedia":[{"embeddable":true,"href":"https:\/\/www.tineretalente.org\/index.php\/wp-json\/wp\/v2\/media\/17565"}],"wp:attachment":[{"href":"https:\/\/www.tineretalente.org\/index.php\/wp-json\/wp\/v2\/media?parent=17559"}],"wp:term":[{"taxonomy":"category","embeddable":true,"href":"https:\/\/www.tineretalente.org\/index.php\/wp-json\/wp\/v2\/categories?post=17559"},{"taxonomy":"post_tag","embeddable":true,"href":"https:\/\/www.tineretalente.org\/index.php\/wp-json\/wp\/v2\/tags?post=17559"}],"curies":[{"name":"wp","href":"https:\/\/api.w.org\/{rel}","templated":true}]}}