{"id":17603,"date":"2016-10-28T10:49:33","date_gmt":"2016-10-28T08:49:33","guid":{"rendered":"http:\/\/www.tineretalente.org\/?p=17603"},"modified":"2016-11-15T13:32:40","modified_gmt":"2016-11-15T11:32:40","slug":"concert-de-exceptie-la-ateneul-roman-fundatia-principesa-margareta-a-romaniei","status":"publish","type":"post","link":"https:\/\/www.tineretalente.org\/index.php\/2016\/10\/28\/concert-de-exceptie-la-ateneul-roman-fundatia-principesa-margareta-a-romaniei\/","title":{"rendered":"Violonistul Roman Kim \u015fi dirijorul Tiberiu Soare, au oferit  un concert de excep\u021bie la Ateneul Rom\u00e2n, \u00een sprijinul Funda\u0163iei Principesa Margareta a Rom\u00e2niei"},"content":{"rendered":"<p style=\"text-align: left;\"><em>Peste 150.000 Euro str\u00e2n\u0219i pentru a sus\u0163ine talentul tinerilor rom\u00e2ni,\u00a0<\/em><em>la cea de-a noua edi\u0163ie a Concertului Regal caritabil, mar\u0163i, 25 octombrie 2016.<\/em><\/p>\n<p style=\"text-align: left;\"><em>Funda\u021bia Regal\u0103 Margareta a Rom\u00e2niei<\/em> a organizat mar\u021bi, 25 octombrie 2016,\u00a0 a noua edi\u021bie a Concertului Regal de str\u00e2ngere de fonduri.<\/p>\n<p style=\"text-align: left;\">Violonistul <strong>Roman Kim<\/strong>, dirijorul <strong>Tiberiu Soare<\/strong> \u0219i <strong>Orchestra Funda\u021biei Principesa Margareta a Rom\u00e2niei<\/strong>, au\u00a0 oferit un concert de excep\u021bie pe scena Ateneului Rom\u00e2n.<\/p>\n<p>Programul muzical ce a reunit Uvertura Operei \u201c<em>Barbierul din Sevilla<\/em>\u201d de Cioachino Rossini,\u00a0 \u201c<em>Carmen, Suita Nr. 1<\/em>\u201d de Georges Bizet si \u201c<em>Concertul pentru vioar\u0103 nr. 1 \u00een Re Major<\/em>\u201d al lui Nicollo Paganini, a impresionat \u00a0publicul at\u00e2t prin melodicitate, cat si prin maniera de interpretare a Orchestrei Funda\u021biei Principesa Margareta a Rom\u00e2niei, din care fac parte \u0219i bursierii programului Tinere Talente.<\/p>\n<p>Momentul muzical oferit de violonistul Roman Kim a fost unul de\u00a0 virtuozitate \u0219i tenacitate, care a tinut publicul \u00b4\u00b4\u00een priz\u0103\u00b4\u00b4pe toat\u0103 durata lui. Acesta \u00a0a\u00a0 purtat \u00een timpul recitalului ochelarii-inven\u021bie proprie, \u00a0ce \u00eei ofer\u0103 un mai bun control al m\u00e2inii st\u00e2ngi\u00a0 asupra corzilor viorii.<\/p>\n<p>Concertul s-a desf\u0103\u0219urat sub bagheta dirijorului Tiberiu Soare, care prin profesionalismul s\u0103u des\u0103v\u00e2r\u0219it, a ridicat la cel mai \u00eenalt nivel maniera de interpretare\u00a0 a \u00eentregii orchestre.<\/p>\n<p>Un alt act artistic al serii a fost reprezentat de <strong>expozi\u021bia <\/strong>organizat\u0103 \u00een\u00a0 Foaierul Ateneului Rom\u00e2n , de c\u0103tre tinerii arti\u0219ti plastici sus\u021binu\u021bi de programul Tinere Talente 2016. Printre invita\u021bi s-au num\u0103rat \u0219i critici de art\u0103 care au apreciat lucr\u0103rile dar \u0219i tehnicile folosite \u00een realizarea lor.<\/p>\n<p><a href=\"https:\/\/www.tineretalente.org\/wp-content\/uploads\/ANG8288.jpg\"><img loading=\"lazy\" class=\"aligncenter size-large wp-image-17602\" src=\"https:\/\/www.tineretalente.org\/wp-content\/uploads\/ANG8288-1024x681.jpg\" alt=\"_ANG8288\" width=\"1024\" height=\"681\" srcset=\"https:\/\/www.tineretalente.org\/wp-content\/uploads\/ANG8288-1024x681.jpg 1024w, https:\/\/www.tineretalente.org\/wp-content\/uploads\/ANG8288-300x200.jpg 300w, https:\/\/www.tineretalente.org\/wp-content\/uploads\/ANG8288-700x466.jpg 700w\" sizes=\"(max-width: 1024px) 100vw, 1024px\" \/><\/a><\/p>\n<p>Evenimentul a avut loc \u00een prezen\u021ba membrilor Familiei Regale a Rom\u00e2niei \u0219i a numeroase personalit\u0103\u021bi de cultur\u0103 sau sus\u021bin\u0103tori ai Funda\u021biei, \u00eentre care Acad. Ionel Valentin Vlad, Pre\u0219edintele Academiei Rom\u00e2ne \u0219i Ministrul Educa\u021biei Mircea Dumitru. \u00cen debutul concertului, Principesa Mo\u0219tenitoare Margareta a transmis mesajul prilejuit de aniversarea Majest\u0103\u0163ii Sale Regelui Mihai I, la \u00eemplinirea v\u00e2rstei de 95 de ani.<\/p>\n<p>Fondurile str\u00e2nse \u00een urma Concertului Regal din 25 octombrie 2016 vor sprijini programul na\u0163ional <em>Tinere Talente, <\/em>edi\u0163ia 2017<em>. <\/em><\/p>\n<blockquote><p>\u201c<em>Concertul Regal este un eveniment caritabil care duce mai departe misiunea Familiei Regale de a sus\u021bine \u0219i a promova talentul arti\u0219tilor rom\u00e2ni. \u00cen fiecare an, Funda\u0163ia Principesa Margareta a Rom\u00e2niei sus\u021bine tineri cu poten\u021bial artistic extraordinar care, din cauza lipsurilor materiale, risc\u0103 s\u0103 abandoneze propria voca\u021bie. V\u0103 mul\u021bumesc tuturor pentru contribu\u021bia dumneavoastr\u0103<\/em>\u201d, a trasmis \u00a0Alte\u0163a Sa Regal\u0103 Principesa Mo\u0219tenitoare Margareta a Rom\u00e2niei cu ocazia Concertului Regal.<\/p><\/blockquote>\n<p>\u00cen decursul celor 9 ani de desf\u0103\u0219urare a programului Tinere Talente, Funda\u021bia Regal\u0103 Margareta a Rom\u00e2niei a investit aproape 1.000.000 de euro \u00een viitorul artistic al Rom\u00e2niei. Peste 250 de tineri arti\u0219ti afla\u021bi la \u00eenceput de drum, care provin din familii modeste, au fost sus\u021binu\u021bi cu burse, mentori \u0219i promovare, reu\u0219ind astfel performan\u021be pe plan na\u021bional \u0219i interna\u021bional. Programul\u00a0<em>Tinere Talente<\/em>\u00a0a fost recunoscut ca\u00a0<em>Cel mai bun program de Art\u0103 \u0219i Cultur\u0103 din Rom\u00e2nia<\/em> la Gala Societ\u0103\u021bii Civile, edi\u021biile din 2013 \u0219i 2015.<\/p>\n","protected":false},"excerpt":{"rendered":"<p>Peste 150.000 Euro str\u00e2n\u0219i pentru a sus\u0163ine talentul tinerilor rom\u00e2ni,\u00a0la cea de-a noua edi\u0163ie a Concertului Regal caritabil, mar\u0163i, 25 octombrie 2016. Funda\u021bia Regal\u0103 Margareta a Rom\u00e2niei a organizat mar\u021bi, 25 octombrie 2016,\u00a0 a noua edi\u021bie a Concertului Regal de str\u00e2ngere de fonduri. Violonistul Roman&#8230;<\/p>\n","protected":false},"author":4,"featured_media":17604,"comment_status":"closed","ping_status":"closed","sticky":false,"template":"","format":"standard","meta":[],"categories":[1],"tags":[196,184,186,180,167],"_links":{"self":[{"href":"https:\/\/www.tineretalente.org\/index.php\/wp-json\/wp\/v2\/posts\/17603"}],"collection":[{"href":"https:\/\/www.tineretalente.org\/index.php\/wp-json\/wp\/v2\/posts"}],"about":[{"href":"https:\/\/www.tineretalente.org\/index.php\/wp-json\/wp\/v2\/types\/post"}],"author":[{"embeddable":true,"href":"https:\/\/www.tineretalente.org\/index.php\/wp-json\/wp\/v2\/users\/4"}],"replies":[{"embeddable":true,"href":"https:\/\/www.tineretalente.org\/index.php\/wp-json\/wp\/v2\/comments?post=17603"}],"version-history":[{"count":3,"href":"https:\/\/www.tineretalente.org\/index.php\/wp-json\/wp\/v2\/posts\/17603\/revisions"}],"predecessor-version":[{"id":17610,"href":"https:\/\/www.tineretalente.org\/index.php\/wp-json\/wp\/v2\/posts\/17603\/revisions\/17610"}],"wp:featuredmedia":[{"embeddable":true,"href":"https:\/\/www.tineretalente.org\/index.php\/wp-json\/wp\/v2\/media\/17604"}],"wp:attachment":[{"href":"https:\/\/www.tineretalente.org\/index.php\/wp-json\/wp\/v2\/media?parent=17603"}],"wp:term":[{"taxonomy":"category","embeddable":true,"href":"https:\/\/www.tineretalente.org\/index.php\/wp-json\/wp\/v2\/categories?post=17603"},{"taxonomy":"post_tag","embeddable":true,"href":"https:\/\/www.tineretalente.org\/index.php\/wp-json\/wp\/v2\/tags?post=17603"}],"curies":[{"name":"wp","href":"https:\/\/api.w.org\/{rel}","templated":true}]}}