{"id":17619,"date":"2016-11-15T13:30:12","date_gmt":"2016-11-15T11:30:12","guid":{"rendered":"http:\/\/www.tineretalente.org\/?p=17619"},"modified":"2016-11-16T15:30:25","modified_gmt":"2016-11-16T13:30:25","slug":"gala-tinere-talente-editia-2016","status":"publish","type":"post","link":"https:\/\/www.tineretalente.org\/index.php\/2016\/11\/15\/gala-tinere-talente-editia-2016\/","title":{"rendered":"Gala Tinere Talente, edi\u021bia 2016"},"content":{"rendered":"<p style=\"text-align: center;\"><strong>Gala Tinere Talente, edi\u021bia 2016<\/strong><\/p>\n<p style=\"text-align: center;\"><strong>\u00a0un spectacol eveniment al bursierilor Funda\u021biei Principesa Margareta a Rom\u00e2niei<\/strong><\/p>\n<p style=\"text-align: center;\"><em>\u00a0<\/em><\/p>\n<p><em>Luni, 14 noiembrie, la Teatrul Na\u021bional Bucure\u0219ti, a avut loc Gala Tinere Talente 2016 \u00een prezen\u021ba Alte\u021bei Sale Regale Principesa Mo\u0219tenitoare Margareta .<\/em><\/p>\n<p><strong>Alte\u0163a Sa Regal\u0103 Principesa Mo\u015ftenitoare Margareta a \u00eenm\u00e2nat diplomele Tinere Talente celor 36 de arti\u015fti bursieri ai Funda\u0163iei Principesa Margareta a Rom\u00e2niei<\/strong>, pentru performan\u0163a artistic\u0103 \u00een domeniul artelor plastice \u015fi al muzicii clasice, \u00een cadrul galei eveniment desf\u0103\u015furat\u0103 la Teatrul Na\u0163ional Bucure\u015fti.<\/p>\n<p><a href=\"https:\/\/www.tineretalente.org\/wp-content\/uploads\/ANG1291.jpg\"><img loading=\"lazy\" class=\"aligncenter size-large wp-image-17621\" src=\"https:\/\/www.tineretalente.org\/wp-content\/uploads\/ANG1291-1024x443.jpg\" alt=\"_ANG1291\" width=\"1024\" height=\"443\" srcset=\"https:\/\/www.tineretalente.org\/wp-content\/uploads\/ANG1291-1024x443.jpg 1024w, https:\/\/www.tineretalente.org\/wp-content\/uploads\/ANG1291-300x130.jpg 300w, https:\/\/www.tineretalente.org\/wp-content\/uploads\/ANG1291-700x303.jpg 700w\" sizes=\"(max-width: 1024px) 100vw, 1024px\" \/><\/a><\/p>\n<p>Gala Tinere Talente este contextul \u00een care cei 36 de bursieri sprijini\u021bi pe parcursul acestui an de Funda\u021bie s-au prezentat sus\u021bin\u0103torilor lor: sponsori, profesori, mentori, p\u0103rin\u021bi, dar \u0219i publicului larg, prin rezultatele proiectelor lor individuale \u0219i de grup.<\/p>\n<p><strong>Programul muzical al Galei a transpus spectatorii \u00een lumea magic\u0103 a filmului abord\u00e2nd teme muzicale ale unor filme celebre, \u00een aranjamentul \u0219i interpret\u0103rile originale ale bursierilor.<\/strong> Cele mai cunoscute lucr\u0103ri muzicale de film au fost aduse pe scena S\u0103lii Pictura, \u00eentr-o sear\u0103 plin\u0103 de tinere\u021be \u0219i culoare. Evenimentul a fost prezentat de dna. Irina Margareta Nistor \u2013 critic de film.<\/p>\n<p><a href=\"https:\/\/www.tineretalente.org\/wp-content\/uploads\/ANG1026.jpg\"><img loading=\"lazy\" class=\"aligncenter wp-image-17622\" src=\"https:\/\/www.tineretalente.org\/wp-content\/uploads\/ANG1026-1024x683.jpg\" alt=\"_ANG1026\" width=\"724\" height=\"483\" srcset=\"https:\/\/www.tineretalente.org\/wp-content\/uploads\/ANG1026-1024x683.jpg 1024w, https:\/\/www.tineretalente.org\/wp-content\/uploads\/ANG1026-300x200.jpg 300w, https:\/\/www.tineretalente.org\/wp-content\/uploads\/ANG1026-700x467.jpg 700w\" sizes=\"(max-width: 724px) 100vw, 724px\" \/><\/a><\/p>\n<p><strong>Expozi\u021bia de arte vizuale Tinere Talente g\u0103zduie\u0219te lucr\u0103ri de pictur\u0103, grafic\u0103, sculptur\u0103 \u0219i design vestimentar, realizate de bursierii programului.<\/strong> Aceasta a fost deschis\u0103 de c\u0103tre doamna Ileana Dana Marinescu, artist vizual, \u00a0\u0219i va fi accesibil\u0103 publicului larg \u00een perioada <strong>14-24 noiembrie.<\/strong><\/p>\n<p><a href=\"https:\/\/www.tineretalente.org\/wp-content\/uploads\/ANG1332.jpg\"><img loading=\"lazy\" class=\"aligncenter wp-image-17623\" src=\"https:\/\/www.tineretalente.org\/wp-content\/uploads\/ANG1332-1024x683.jpg\" alt=\"_ANG1332\" width=\"724\" height=\"483\" srcset=\"https:\/\/www.tineretalente.org\/wp-content\/uploads\/ANG1332-1024x683.jpg 1024w, https:\/\/www.tineretalente.org\/wp-content\/uploads\/ANG1332-300x200.jpg 300w, https:\/\/www.tineretalente.org\/wp-content\/uploads\/ANG1332-700x467.jpg 700w\" sizes=\"(max-width: 724px) 100vw, 724px\" \/><\/a><\/p>\n<p>\u00cen decursul celor 9 ani de desf\u0103\u0219urare a programului Tinere Talente, Funda\u021bia Regal\u0103 Margareta a Rom\u00e2niei a investit aproape 1.000.000 de euro \u00een viitorul artistic al Rom\u00e2niei.<strong> Peste 250 de tineri arti\u0219ti afla\u021bi la \u00eenceput de drum, care provin din familii modeste, au fost sus\u021binu\u021bi cu burse, mentori \u0219i promovare, reu\u0219ind astfel performan\u021be pe plan na\u021bional \u0219i interna\u021bional.<\/strong><\/p>\n<p>Funda\u0163ia Principesa Margareta a Rom\u00e2niei mul\u0163ume\u015fte pentru sus\u0163inerea proiectului Tinere Talente 2016 partenerilor: Teatrul Na\u021bional Bucure\u0219ti, BRD &#8211; Groupe Soci\u00e9t\u00e9 G\u00e9n\u00e9rale, Funda\u0163ia Vodafone Rom\u00e2nia, Dacia, Kaufland \u0219i sponsorilor SofMedica, \u0218antierul Naval Damen Gala\u0163i, Kultho, ISS Facility Services, Class Living, Residence Hotels, MX1, Dentons, DentalMed, Hotel Siqua, Funda\u0163ia Policlinicilor Sociale Regina Maria, SE-GES, Star Storage, Marana Studio, Film Experience.<\/p>\n<p><strong>Despre Tinere Talente<\/strong><\/p>\n<p>Prin programul na\u0163ional Tinere Talente, Funda\u0163ia Principesa Margareta a Rom\u00e2niei ofer\u0103 burse de studiu, mentorat \u015fi oportunit\u0103\u0163i de promovare celor mai promi\u0163\u0103tori tineri arti\u015fti rom\u00e2ni din domeniul muzicii clasice \u015fi al artelor plastice, afla\u0163i la \u00eenceput de carier\u0103 \u015fi \u00een imposibilitatea de a se dezvolta pe viitor din motive financiare.<\/p>\n<p>Bursele Tinere Talente se acord\u0103 pe perioada unui an calendaristic. \u00cen 2016, Funda\u0163ia Principesa Margareta a Rom\u00e2niei a oferit 36 de burse de studiu, pentru 18 muzicieni \u015fi 18 arti\u015fti plastici.<\/p>\n<p>Tinerii sunt selecta\u0163i la \u00eenceputul fiec\u0103rui an, de un juriu de specialitate. Finan\u0163area le-a permis tinerilor s\u0103 \u00ee\u015fi cumpere materiale \u015fi instrumente \u015fi s\u0103 participe la concursuri, concerte, expozi\u0163ii \u015fi cursuri de specializare \u00een Rom\u00e2nia \u015fi \u00een str\u0103in\u0103tate, ob\u0163in\u00e2nd rezultate remarcabile. In cadrul proiectului, Funda\u0163ia Principesa Margareta a Rom\u00e2niei a organizat mentorate intergenera\u0163ionale, o tab\u0103ra de crea\u0163ie \u015fi o serie de masterclassuri cu personalit\u0103\u0163i ale muzicii clasice din \u0163ar\u0103.<\/p>\n","protected":false},"excerpt":{"rendered":"<p>Gala Tinere Talente, edi\u021bia 2016 \u00a0un spectacol eveniment al bursierilor Funda\u021biei Principesa Margareta a Rom\u00e2niei \u00a0 Luni, 14 noiembrie, la Teatrul Na\u021bional Bucure\u0219ti, a avut loc Gala Tinere Talente 2016 \u00een prezen\u021ba Alte\u021bei Sale Regale Principesa Mo\u0219tenitoare Margareta . Alte\u0163a Sa Regal\u0103 Principesa Mo\u015ftenitoare Margareta&#8230;<\/p>\n","protected":false},"author":4,"featured_media":17621,"comment_status":"closed","ping_status":"closed","sticky":false,"template":"","format":"standard","meta":[],"categories":[1],"tags":[169,198,184,197,168,170],"_links":{"self":[{"href":"https:\/\/www.tineretalente.org\/index.php\/wp-json\/wp\/v2\/posts\/17619"}],"collection":[{"href":"https:\/\/www.tineretalente.org\/index.php\/wp-json\/wp\/v2\/posts"}],"about":[{"href":"https:\/\/www.tineretalente.org\/index.php\/wp-json\/wp\/v2\/types\/post"}],"author":[{"embeddable":true,"href":"https:\/\/www.tineretalente.org\/index.php\/wp-json\/wp\/v2\/users\/4"}],"replies":[{"embeddable":true,"href":"https:\/\/www.tineretalente.org\/index.php\/wp-json\/wp\/v2\/comments?post=17619"}],"version-history":[{"count":5,"href":"https:\/\/www.tineretalente.org\/index.php\/wp-json\/wp\/v2\/posts\/17619\/revisions"}],"predecessor-version":[{"id":17628,"href":"https:\/\/www.tineretalente.org\/index.php\/wp-json\/wp\/v2\/posts\/17619\/revisions\/17628"}],"wp:featuredmedia":[{"embeddable":true,"href":"https:\/\/www.tineretalente.org\/index.php\/wp-json\/wp\/v2\/media\/17621"}],"wp:attachment":[{"href":"https:\/\/www.tineretalente.org\/index.php\/wp-json\/wp\/v2\/media?parent=17619"}],"wp:term":[{"taxonomy":"category","embeddable":true,"href":"https:\/\/www.tineretalente.org\/index.php\/wp-json\/wp\/v2\/categories?post=17619"},{"taxonomy":"post_tag","embeddable":true,"href":"https:\/\/www.tineretalente.org\/index.php\/wp-json\/wp\/v2\/tags?post=17619"}],"curies":[{"name":"wp","href":"https:\/\/api.w.org\/{rel}","templated":true}]}}