{"id":17648,"date":"2017-02-07T15:55:56","date_gmt":"2017-02-07T13:55:56","guid":{"rendered":"http:\/\/www.tineretalente.org\/?p=17648"},"modified":"2017-02-08T11:07:32","modified_gmt":"2017-02-08T09:07:32","slug":"rezultate-selectie-tinere-talente-2017","status":"publish","type":"post","link":"https:\/\/www.tineretalente.org\/index.php\/2017\/02\/07\/rezultate-selectie-tinere-talente-2017\/","title":{"rendered":"Rezultate selectie Tinere Talente 2017"},"content":{"rendered":"<p>Fundatia Principesa Margareta a Romaniei a selectat un numar de 36 de tineri artisti, elevi si studenti la liceele si universitatile de muzica si arte plastice din Romania. Tinerii provin din familii cu venituri mici, care nu-\u0219i pot dezvolta talentul din cauza lipsurilor materiale.<\/p>\n<p>Un juriu de specialitate a selectat cei 36 de bursieri ai proiectului Tinere Talente editia 2017.<\/p>\n<p><strong>La sectiunea Muzica juriul a fost constituit din:<\/strong><\/p>\n<p>Tiberiu Soare, Rafael Butaru, Teodor Ilinc\u0103i, Toma Popovici<\/p>\n<p><strong>La sectiunea Arte plastice din juriu au facut parte urmatorii artisti vizuali:<\/strong><\/p>\n<p>Virgil Scripcariu\/ Carmen Apetrei \/ Lucian Butucariu \/ Ileana Dana Marinescu \/ Raluca Pantis<\/p>\n<p>Multumim pentru generozitate membrilor juriului, artisti de valoare, care au daruit din timpul lor pentru a sustine probono selectia bursierilor din programul Tinere Talente.<\/p>\n<p><span style=\"color: #333399;\"><strong>Bursieri Muzica:<\/strong><\/span><\/p>\n<table width=\"707\">\n<tbody>\n<tr>\n<td width=\"186\"><strong>Achim Cristina <\/strong><\/td>\n<td width=\"59\">15 ani<\/td>\n<td width=\"342\">Colegiul \u201eDinu Lipatti\u201d Bucuresti<\/td>\n<td width=\"120\">Pian<\/td>\n<\/tr>\n<tr>\n<td width=\"186\"><strong>Andries Evelina<\/strong><\/td>\n<td width=\"59\">20 ani<\/td>\n<td width=\"342\">Universitatea Nationala de Muzica Bucuresti<\/td>\n<td width=\"120\">Harpa<\/td>\n<\/tr>\n<tr>\n<td width=\"186\"><strong>Antal Eduard<\/strong><\/td>\n<td width=\"59\">24 ani<\/td>\n<td width=\"342\">Universitatea Nationala de Muzica Bucuresti<\/td>\n<td width=\"120\">Orga<\/td>\n<\/tr>\n<tr>\n<td width=\"186\"><strong>Borbiro Timeea <\/strong><\/td>\n<td width=\"59\">15 ani<\/td>\n<td width=\"342\">Liceul de Arte din Oradea<\/td>\n<td width=\"120\">Flaut<\/td>\n<\/tr>\n<tr>\n<td width=\"186\"><strong>Borodin Constantin<\/strong><\/td>\n<td width=\"59\">22 ani<\/td>\n<td width=\"342\">Universitatea Nationala de Muzica Bucuresti<\/td>\n<td width=\"120\">Violoncel<\/td>\n<\/tr>\n<tr>\n<td width=\"186\"><strong>Burjan Emoke <\/strong><\/td>\n<td width=\"59\">22 ani<\/td>\n<td width=\"342\">Universitatea Nationala de Muzica Bucuresti<\/td>\n<td width=\"120\">Flaut<\/td>\n<\/tr>\n<tr>\n<td width=\"186\"><strong>Ciobanu Bogdan Paul<\/strong><\/td>\n<td width=\"59\">16 ani<\/td>\n<td width=\"342\">Liceul de Arte \u201cVictor Brauner\u201d Piatra Neamt<\/td>\n<td width=\"120\">Percu\u021bie<\/td>\n<\/tr>\n<tr>\n<td width=\"186\"><strong>Cristescu Anca<\/strong><\/td>\n<td width=\"59\">23 ani<\/td>\n<td width=\"342\">Universitatea Nationala de Muzica Bucuresti<\/td>\n<td width=\"120\">Flaut<\/td>\n<\/tr>\n<tr>\n<td width=\"186\"><strong>Eremie Iolanta<\/strong><\/td>\n<td width=\"59\">21 ani<\/td>\n<td width=\"342\">Universitatea Nationala de Muzica Bucuresti<\/td>\n<td width=\"120\">Vioara<\/td>\n<\/tr>\n<tr>\n<td width=\"186\"><strong>Ionita Fabiola <\/strong><\/td>\n<td width=\"59\">23 ani<\/td>\n<td width=\"342\">Universitatea Nationala de Muzica Bucuresti<\/td>\n<td width=\"120\">Pian<\/td>\n<\/tr>\n<tr>\n<td width=\"186\"><strong>Iorga Doris<\/strong><\/td>\n<td width=\"59\">20 ani<\/td>\n<td width=\"342\">Universitatea Nationala de Muzica Bucuresti<\/td>\n<td width=\"120\">Oboi<\/td>\n<\/tr>\n<tr>\n<td width=\"186\"><strong>Jula Elias<\/strong><\/td>\n<td width=\"59\">21 ani<\/td>\n<td width=\"342\">Universitatea Nationala de Muzica Bucuresti<\/td>\n<td width=\"120\">Trompeta<\/td>\n<\/tr>\n<tr>\n<td width=\"186\"><strong>Lapuste Dora<\/strong><\/td>\n<td width=\"59\">17 ani<\/td>\n<td width=\"342\">Colegiul \u201eSigismund Toduta\u201d Cluj<\/td>\n<td width=\"120\">Vioara<\/td>\n<\/tr>\n<tr>\n<td width=\"186\"><strong>Petho Rebeka<\/strong><\/td>\n<td width=\"59\">16 ani<\/td>\n<td width=\"342\">Liceul Voca\u021bional de Art\u0103 din T\u00e2rgu- Mure\u0219<\/td>\n<td width=\"120\">Flaut<\/td>\n<\/tr>\n<tr>\n<td width=\"186\"><strong>Preda Constantin <\/strong><\/td>\n<td width=\"59\">18 ani<\/td>\n<td width=\"342\">Colegiul National de Arte \u00b4\u00b4Octav Bancila\u00b4\u00b4Iasi<\/td>\n<td width=\"120\">Pian<\/td>\n<\/tr>\n<tr>\n<td width=\"186\"><strong>Roba Vladut<\/strong><\/td>\n<td width=\"59\">16 ani<\/td>\n<td width=\"342\">Colegiul de Arte &#8220;Ciprian Porumbescu&#8221; Suceava<\/td>\n<td width=\"120\">Clarinet<\/td>\n<\/tr>\n<tr>\n<td width=\"186\"><strong>Stefan Larisa<\/strong><\/td>\n<td width=\"59\">22 ani<\/td>\n<td width=\"342\">Universitatea Oradea<\/td>\n<td width=\"120\">Canto<\/td>\n<\/tr>\n<tr>\n<td width=\"186\"><strong>Szucs Stefania<\/strong><\/td>\n<td width=\"59\">18 ani<\/td>\n<td width=\"342\">Liceul de Arte din Oradea<\/td>\n<td width=\"120\">Flaut<\/td>\n<\/tr>\n<\/tbody>\n<\/table>\n<p><strong><br \/>\n<span style=\"color: #333399;\">Bursieri Arte plastice:<\/span><\/strong><\/p>\n<table width=\"714\">\n<tbody>\n<tr>\n<td width=\"204\"><strong>Anghel Stefan<\/strong><\/td>\n<td width=\"67\">21 ani<\/td>\n<td width=\"359\">Universitatea Nationala de Arte Bucuresti<\/td>\n<td width=\"84\">Grafica<\/td>\n<\/tr>\n<tr>\n<td width=\"204\"><strong>Cerescu Alina<\/strong><\/td>\n<td width=\"67\">23 ani<\/td>\n<td width=\"359\">Universitatea Nationala de Arte\u00a0 Bucuresti<\/td>\n<td width=\"84\">Grafica<\/td>\n<\/tr>\n<tr>\n<td width=\"204\"><strong>Chelaru Stefana<\/strong><\/td>\n<td width=\"67\">24 ani<\/td>\n<td width=\"359\">Universitatea Nationala de Arte Bucuresti<\/td>\n<td width=\"84\">Design<\/td>\n<\/tr>\n<tr>\n<td width=\"204\"><strong>Ciora Silviu<\/strong><\/td>\n<td width=\"67\">21 ani<\/td>\n<td width=\"359\">Universitatea de Arte si design Cluj Napoca<\/td>\n<td width=\"84\">Sculptura<\/td>\n<\/tr>\n<tr>\n<td width=\"204\"><strong>Dinita Consuela<\/strong><\/td>\n<td width=\"67\">23 ani<\/td>\n<td width=\"359\">Universitatea Nationala de Arte Bucuresti<\/td>\n<td width=\"84\">Pictura<\/td>\n<\/tr>\n<tr>\n<td width=\"204\"><strong>Dinu Alexandra Ioana<\/strong><\/td>\n<td width=\"67\">22 ani<\/td>\n<td width=\"359\">Universitatea Nationala de Arte Bucuresti<\/td>\n<td width=\"84\">Grafica<\/td>\n<\/tr>\n<tr>\n<td width=\"204\"><strong>Fisticanu Ion<\/strong><\/td>\n<td width=\"67\">19 ani<\/td>\n<td width=\"359\">Universitatea Nationala de Arte Bucuresti<\/td>\n<td width=\"84\">Grafica<\/td>\n<\/tr>\n<tr>\n<td width=\"204\"><strong>Florea Alexandru Daniel<\/strong><\/td>\n<td width=\"67\">21 ani<\/td>\n<td width=\"359\">Universitatea Nationala de Arte Bucuresti<\/td>\n<td width=\"84\">Grafica<\/td>\n<\/tr>\n<tr>\n<td width=\"204\"><strong>Grigoras Theodor<\/strong><\/td>\n<td width=\"67\">23 ani<\/td>\n<td width=\"359\">Universitatea Nationala de Arte Bucuresti<\/td>\n<td width=\"84\">Grafica<\/td>\n<\/tr>\n<tr>\n<td width=\"204\"><strong>Grigorescu Cezar <\/strong><\/td>\n<td width=\"67\">16 ani<\/td>\n<td width=\"359\">Liceului de Arte\u201eMarin Sorescu\u201dCraiova<\/td>\n<td width=\"84\">Design<\/td>\n<\/tr>\n<tr>\n<td width=\"204\"><strong>Gudina Mara <\/strong><\/td>\n<td width=\"67\">21 ani<\/td>\n<td width=\"359\">Universitatea Na\u0163ional\u0103 de Arte Bucure\u015fti<\/td>\n<td width=\"84\">Grafica<\/td>\n<\/tr>\n<tr>\n<td width=\"204\"><strong>Larion Alexandra<\/strong><\/td>\n<td width=\"67\">23 ani<\/td>\n<td width=\"359\">Facultatea de Arta si design Cluj Napoca<\/td>\n<td width=\"84\">Grafica<\/td>\n<\/tr>\n<tr>\n<td width=\"204\"><strong>Lemnaru Ana Maria<\/strong><\/td>\n<td width=\"67\">23 ani<\/td>\n<td width=\"359\">UniversitateaNationala de Arte \u201cGeorge Enescu\u201d Ia\u015fi<\/td>\n<td width=\"84\">Grafica<\/td>\n<\/tr>\n<tr>\n<td width=\"204\"><strong>Piscureanu Ionut Florentin<\/strong><\/td>\n<td width=\"67\">20 ani<\/td>\n<td width=\"359\">Universitatea de Vest din Timi\u015foara<\/td>\n<td width=\"84\">Design<\/td>\n<\/tr>\n<tr>\n<td width=\"204\"><strong>Rusu Doru<\/strong><\/td>\n<td width=\"67\">19 ani<\/td>\n<td width=\"359\">Universitatea Nationala de Arte Bucuresti<\/td>\n<td width=\"84\">Sculptura<\/td>\n<\/tr>\n<tr>\n<td width=\"204\"><strong>Stan Madalina<\/strong><\/td>\n<td width=\"67\">22 ani<\/td>\n<td width=\"359\">Universitatea de Arta si Design din Cluj-Napoca<\/td>\n<td width=\"84\">Design<\/td>\n<\/tr>\n<tr>\n<td width=\"204\"><strong>Tamas Paun Daniela<\/strong><\/td>\n<td width=\"67\">22 ani<\/td>\n<td width=\"359\">Universitatea de Arta si Design Cluj Napoca<\/td>\n<td width=\"84\">Design<\/td>\n<\/tr>\n<tr>\n<td width=\"204\"><strong>Tota Maria Ilinca<\/strong><\/td>\n<td width=\"67\">14 ani<\/td>\n<td width=\"359\">Liceul de Arte Plastice \u00b4\u00b4Nicolae Tonitza \u00b4\u00b4<\/td>\n<td width=\"84\">Pictura<\/td>\n<\/tr>\n<\/tbody>\n<\/table>\n<p>* Ne rezervam dreptul de a modifica lista tinerilor admisi, in functie de rezultatul anchete sociale aflate inca in derulare.<\/p>\n<p>Parteneri: Fundatia Vodafone Romania\u00a0&#8211; BRD-Groupe Societe Generale &#8211; Kaufland<\/p>\n<p>Sponsori: Dacia &#8211; Kultho &#8211; Deutek &#8211; Negro 2000 &#8211; Sofmedica &#8211; Damen Galati &#8211; Hotel Siqua &#8211; RR Media &#8211; Policlinicile Sociale Regina Maria &#8211; Residence Hotels &#8211; Dental Med &#8211; Star Storage<\/p>\n<p><a href=\"https:\/\/www.tineretalente.org\/wp-content\/uploads\/Foto-Experience-10131.jpg\"><img loading=\"lazy\" class=\"aligncenter wp-image-17654\" src=\"https:\/\/www.tineretalente.org\/wp-content\/uploads\/Foto-Experience-10131-1024x683.jpg\" alt=\"Foto Experience-1013\" width=\"624\" height=\"416\" srcset=\"https:\/\/www.tineretalente.org\/wp-content\/uploads\/Foto-Experience-10131-1024x683.jpg 1024w, https:\/\/www.tineretalente.org\/wp-content\/uploads\/Foto-Experience-10131-300x200.jpg 300w, https:\/\/www.tineretalente.org\/wp-content\/uploads\/Foto-Experience-10131-700x467.jpg 700w, https:\/\/www.tineretalente.org\/wp-content\/uploads\/Foto-Experience-10131.jpg 2000w\" sizes=\"(max-width: 624px) 100vw, 624px\" \/><\/a><\/p>\n<p style=\"text-align: center;\">FotoCredit:\u00a0<a href=\"https:\/\/www.facebook.com\/fotoexperienceromania\/\">Foto Experience Ro<\/a><\/p>\n<p>&nbsp;<\/p>\n","protected":false},"excerpt":{"rendered":"<p>Fundatia Principesa Margareta a Romaniei a selectat un numar de 36 de tineri artisti, elevi si studenti la liceele si universitatile de muzica si arte plastice din Romania. Tinerii provin din familii cu venituri mici, care nu-\u0219i pot dezvolta talentul din cauza lipsurilor materiale. Un&#8230;<\/p>\n","protected":false},"author":4,"featured_media":17651,"comment_status":"closed","ping_status":"closed","sticky":false,"template":"","format":"standard","meta":[],"categories":[1],"tags":[204,205,203,202,167],"_links":{"self":[{"href":"https:\/\/www.tineretalente.org\/index.php\/wp-json\/wp\/v2\/posts\/17648"}],"collection":[{"href":"https:\/\/www.tineretalente.org\/index.php\/wp-json\/wp\/v2\/posts"}],"about":[{"href":"https:\/\/www.tineretalente.org\/index.php\/wp-json\/wp\/v2\/types\/post"}],"author":[{"embeddable":true,"href":"https:\/\/www.tineretalente.org\/index.php\/wp-json\/wp\/v2\/users\/4"}],"replies":[{"embeddable":true,"href":"https:\/\/www.tineretalente.org\/index.php\/wp-json\/wp\/v2\/comments?post=17648"}],"version-history":[{"count":15,"href":"https:\/\/www.tineretalente.org\/index.php\/wp-json\/wp\/v2\/posts\/17648\/revisions"}],"predecessor-version":[{"id":17667,"href":"https:\/\/www.tineretalente.org\/index.php\/wp-json\/wp\/v2\/posts\/17648\/revisions\/17667"}],"wp:featuredmedia":[{"embeddable":true,"href":"https:\/\/www.tineretalente.org\/index.php\/wp-json\/wp\/v2\/media\/17651"}],"wp:attachment":[{"href":"https:\/\/www.tineretalente.org\/index.php\/wp-json\/wp\/v2\/media?parent=17648"}],"wp:term":[{"taxonomy":"category","embeddable":true,"href":"https:\/\/www.tineretalente.org\/index.php\/wp-json\/wp\/v2\/categories?post=17648"},{"taxonomy":"post_tag","embeddable":true,"href":"https:\/\/www.tineretalente.org\/index.php\/wp-json\/wp\/v2\/tags?post=17648"}],"curies":[{"name":"wp","href":"https:\/\/api.w.org\/{rel}","templated":true}]}}