{"id":17669,"date":"2017-02-21T12:07:18","date_gmt":"2017-02-21T10:07:18","guid":{"rendered":"http:\/\/www.tineretalente.org\/?p=17669"},"modified":"2017-03-10T13:30:56","modified_gmt":"2017-03-10T11:30:56","slug":"a-zecea-generatie-de-bursieri-tinere-talente-pentru-viitorul-artistic-al-romaniei","status":"publish","type":"post","link":"https:\/\/www.tineretalente.org\/index.php\/2017\/02\/21\/a-zecea-generatie-de-bursieri-tinere-talente-pentru-viitorul-artistic-al-romaniei\/","title":{"rendered":"A zecea genera\u021bie de bursieri Tinere Talente pentru viitorul artistic al Rom\u00e2niei"},"content":{"rendered":"<p>&nbsp;<\/p>\n<p>\u00cen edi\u021bia 2017, vor fi sprijini\u021bi 36 de tineri arti\u0219ti cu poten\u021bial de afirmare.<\/p>\n<p><em>Bucure\u0219ti, 21 februarie 2017 &#8211;\u00a0 <\/em>Funda\u021bia Regal\u0103 Margareta a Rom\u00e2niei d\u0103 startul celei de-a 10-a edi\u021bii a programului na\u021bional <em>Tinere Talente,<\/em> cu o nou\u0103 genera\u021bie de 36 de bursieri muzicieni \u0219i arti\u0219ti plastici. Programul <em>Tinere Talente<\/em> sus\u021bine \u0219i promoveaz\u0103 tineri arti\u0219ti talenta\u021bi din familii modeste, pentru ca ace\u0219tia s\u0103 aib\u0103 posibilitatea de a-\u0219i dezvolta poten\u021bialul \u0219i a-\u0219i exprima talentul. Bursele <em>Tinere Talente<\/em> se acord\u0103 pe perioada unui an calendaristic \u0219i permit tinerilor arti\u0219ti s\u0103 \u00ee\u015fi cumpere materiale \u015fi instrumente, s\u0103 participe la concursuri, concerte, expozi\u0163ii \u015fi cursuri de specializare \u00een Rom\u00e2nia \u015fi \u00een str\u0103in\u0103tate.<\/p>\n<p>&nbsp;<\/p>\n<p>Un num\u0103r de 36 de tineri arti\u0219ti au fost selecta\u021bi ca bursieri <em>Tinere Talente<\/em> \u00een 2017, \u00een urma unei selec\u021bii na\u021bionale care a avut loc \u00een lunile decembrie \u0219i ianuarie, jurizarea fiind realizat\u0103 de prestigio\u0219i oameni de art\u0103 \u0219i cultur\u0103. Tinerii au v\u00e2rste cuprinse \u00eentre 14 \u0219i 24 de ani \u0219i studiaz\u0103 la licee sau universit\u0103\u021bi de arte plastice \u0219i muzic\u0103 din Bucure\u015fti, Cluj Napoca, Craiova, Ia\u0219i, Piatra Neam\u021b , Oradea, T\u00e2rgu- Mure\u0219, Timi\u015foara \u0219i Suceava. Ace\u0219tia vor avea un plan de dezvoltare artistic\u0103, prin sesiuni de mentorat \u0219i stagii de masterclass cu arti\u0219ti consacra\u021bi ai altor genera\u021bii, \u00een cadrul unei tabere de crea\u021bie interdisciplinare, dar \u0219i oportunit\u0103\u021bi de promovarea a operei lor prin evenimente organizate de Funda\u021bie si partenerii programului , precum \u0219i ca membri ai Orchestrei Funda\u0163iei Principesa Margareta a Rom\u00e2niei.<\/p>\n<p>&nbsp;<\/p>\n<p>De-a lungul timpului, programul a sus\u021binut peste 250 de tineri s\u0103 \u00ee\u0219i \u00eemplineasc\u0103 un viitor artistic, \u00a0asigur\u00e2nd valorificarea unor talente reale, care altfel ar fi pierdute pentru muzica \u0219i arta mondial\u0103. \u00cen decursul a 9 ani, Funda\u021bia Regal\u0103 Margareta a Rom\u00e2niei\u00a0 a investit aproape 1.000.000 Eur \u00een viitorul artistic al Rom\u00e2niei, fonduri str\u00e2nse \u00een cadrul Concertului Regal caritabil organizat anual la Ateneul Rom\u00e2n. \u00cen prezent, un num\u0103r important dintre bursierii sus\u021binu\u021bi de-a lungul timpului au o carier\u0103 de succes, ca soli\u0219ti \u00een orchestre na\u021bionale \u0219i de tineret, ori \u00ee\u0219i expun \u0219i promoveaz\u0103 operele \u00eentr-un mediu de elit\u0103. <em>Tinere Talente<\/em> a fost recunoscut ca Cel mai bun program de Art\u0103 \u0219i Cultur\u0103 din Rom\u00e2nia, laureat la Gala Societ\u0103\u021bii Civile \u00een anii 2013 \u0219i 2015.<\/p>\n<p>&nbsp;<\/p>\n<p>\u201c<strong><em>Bursa Tinere Talente a fost pentru mine mai mult dec\u00e2t un sprijin financiar, a \u00eensemnat deschiderea unui orizont cultural imens, accesul la concursuri \u0219i mentori valoro\u0219i, precum \u0219i\u00a0 multe momente de emo\u021bie, inspira\u021bie \u0219i motiva\u021bie<\/em><\/strong>\u201d, m\u0103rturise\u0219te George Ionu\u021b V\u00eerban, unul dintre cei mai talenta\u021bi tenori ai noii genera\u021bii, fost bursier al programului.<\/p>\n<p>&nbsp;<\/p>\n<p>Funda\u021bia Regal\u0103 Margareta a Rom\u00e2niei mul\u021bume\u0219te pentru implicare membrilor juriului, muzicieni \u0219i arti\u0219ti vizuali, care au d\u0103ruit din timpul lor pentru a participa la selec\u021bia bursierilor din 120 de candida\u021bi. De asemenea, mul\u021bume\u0219te pentru generozitate partenerilor \u0219i sponsorilor care sus\u021bin financiar edi\u021bia <em>Tinere Talente<\/em> 2017.<\/p>\n<p>&nbsp;<\/p>\n<p><strong>Juriul Tinere Talente 2017:<\/strong><\/p>\n<p><strong>La sec\u021biunea <em>Muzic\u0103<\/em>: <\/strong>Tiberiu Soare, Rafael Butaru, Teodor Ilinc\u0103i \u0219i Toma Popovici.<\/p>\n<p><strong>La sec\u021biunea <em>Arte plastice<\/em>: <\/strong>Virgil Scripcariu, Carmen Apetrei, Lucian Butucariu, Ileana Dana Marinescu, Raluca Panti\u0219.<\/p>\n<p>&nbsp;<\/p>\n<p><strong>Parteneri Tinere Talente 2017: <\/strong><\/p>\n<p>Funda\u021bia Vodafone Rom\u00e2nia, BRD-Groupe Societe Generale,\u00a0 Kaufland Rom\u00e2nia<\/p>\n<p>&nbsp;<\/p>\n<p><strong>Sponsori: <\/strong><\/p>\n<p>Dacia \u2013 Kultho \u2013 Deutek \u2013 Negro 2000 \u2013 Sofmedica \u2013 Damen Gala\u021bi \u2013 Hotel Siqua \u2013 RR Media \u2013 Fundatia Policlinicilor Sociale Regina Maria \u2013 Residence Hotels \u2013 Dental Med \u2013 Star Storage<\/p>\n<p>&nbsp;<\/p>\n<p><strong>Partneri Media:<\/strong><\/p>\n<p>TVR1, Radio Rom\u00e2nia, Cariere, Revista Biz, Nine o Clock, Business Review<\/p>\n<p>&nbsp;<\/p>\n<p><strong>Institu\u021bii partenere: <\/strong><\/p>\n<p>UNMB, Filarmonica George Enescu, Teatrul Na\u021bional Bucure\u0219ti, Elite Art Gallery<\/p>\n<p><strong>\u00a0<\/strong><\/p>\n<p><strong>Bursieri Muzic\u0103:<\/strong><\/p>\n<p>Achim Cristiana, 15 ani, Colegiul \u201cDinu Lipatti\u201d Bucure\u0219ti, specializarea pian<\/p>\n<p>Andrie\u0219 Evelina, 20 ani, Universitatea Na\u0163ional\u0103 de Muzic\u0103 Bucure\u015fti, specializarea harp\u0103<\/p>\n<p>Antal Eduard, 24 ani, Universitatea Na\u0163ional\u0103 de Muzic\u0103 Bucure\u015fti, specializarea orga<\/p>\n<p>Borbiro Timeea, 15 ani, Liceul de Arte Oradea, specializarea flaut<\/p>\n<p>Borodin Constantin, 22 ani, Universitatea Na\u0163ional\u0103 de Muzic\u0103 Bucure\u015fti, specializarea violoncel<\/p>\n<p>Burjan Emoke, 22 ani, Universitatea Na\u0163ional\u0103 de Muzic\u0103 Bucure\u015fti, specializarea flaut<\/p>\n<p>Ciobanu Bogdan Paul, 16 ani, Liceul de Arte \u201cVictor Brauner\u201d Piatra Neam\u021b, percu\u021bie<\/p>\n<p>Cristescu Anca, 23 ani, Universitatea Na\u021bional\u0103 de Muzic\u0103 Bucure\u0219ti, specializarea flaut<\/p>\n<p>Eremie Iolanta, 21 ani, Universitatea Na\u021bional\u0103 de Muzic\u0103 Bucure\u0219ti, specializarea vioar\u0103<\/p>\n<p>Ioni\u021b\u0103 Fabiola, 23 ani, Universitatea Na\u021bional\u0103 de Muzic\u0103 Bucure\u0219ti, specializarea pian<\/p>\n<p>Iorga Doris, 20 ani, Universitatea Na\u021bional\u0103 de Muzic\u0103 Bucure\u0219ti, specializarea oboi<\/p>\n<p>Jula Elias, 21 ani, Universitatea Na\u021bional\u0103 de Muzic\u0103 Bucure\u0219ti, specializarea trompet\u0103<\/p>\n<p>L\u0103pu\u0219te Dora, 17 ani, Colegiul \u201eSigismund Todu\u021ba\u201d Cluj Napoca, specializarea vioar\u0103<\/p>\n<p>Petho Rebeka, 16 \u00a0ani, Liceul Voca\u021bional de Art\u0103 din T\u00e2rgu- Mure\u0219, specializarea flaut<\/p>\n<p>Preda Constantin, 18 ani, Colegiul Na\u021bional de Arte \u201cOctav Bacil\u0103\u201d Ia\u0219i, specializarea pian<\/p>\n<p>Roba Vl\u0103du\u021b, 16 ani, Colegiul de Arte \u201cCiprian Porumbescu\u201d Suceava, specializarea clarinet<\/p>\n<p>\u0218tefan Larisa, 22 ani, Universitatea Oradea, specializarea canto<\/p>\n<p>Szucs Stefania, 18 ani, Liceul de Arte din Oradea, specializarea flaut<\/p>\n<p><strong><br \/>\nBursieri Arte vizuale:<\/strong><\/p>\n<p>Anghel \u0218tefan, 21 ani, Universitatea Na\u0163ional\u0103 de Arte Bucure\u015fti, sec\u0163ia grafic\u0103<\/p>\n<p>Cerescu Alina, 23 ani, Universitatea Na\u0163ional\u0103 de Arte Bucure\u015fti, sec\u0163ia grafic\u0103<\/p>\n<p>Chelaru Stefana, 24 ani, Universitatea Na\u0163ional\u0103 de Arte Bucure\u015fti, sec\u0163ia design<\/p>\n<p>Ciora Silviu, 21 ani, Universitatea de Arte \u0219i Design Cluj Napoca, sec\u0163ia sculptur\u0103<\/p>\n<p>Dini\u021b\u0103 Consuela, 23 ani, Universitatea Na\u0163ional\u0103 de Arte Bucure\u015fti, sec\u0163ia pictur\u0103<\/p>\n<p>Dinu Alexandra Ioana, 22 ani, Universitatea Na\u0163ional\u0103 de Arte Bucure\u015fti, sec\u0163ia grafic\u0103<\/p>\n<p>Fisticanu Ion, 19 ani, Universitatea Na\u0163ional\u0103 de Arte Bucure\u015fti, sec\u0163ia grafic\u0103<\/p>\n<p>Florea Alexandru Daniel, 21 ani, Universitatea Na\u0163ional\u0103 de Arte Bucure\u015fti, sec\u0163ia grafic\u0103<\/p>\n<p>Grigora\u0219 Theodor, 23 ani, Universitatea Na\u0163ional\u0103 de Arte Bucure\u015fti, sec\u0163ia grafic\u0103<\/p>\n<p>Grigorescu Cezar, 16 ani<strong>, <\/strong>Liceul de Arte \u201eMarin Sorescu\u201d Craiova, sec\u0163ia design<\/p>\n<p>Gudin\u0103 Mara, 16 ani, Universitatea Na\u0163ional\u0103 de Arte Bucure\u015fti, sec\u0163ia grafic\u0103<\/p>\n<p>Larion Alexandra, 23 ani, Universitatea de Arte \u0219i Design Cluj Napoca, sec\u0163ia grafic\u0103<\/p>\n<p>Lemnaru Ana Maria, 23 ani, Universitatea Na\u021bional\u0103 de Arte \u201cGeorge Enescu\u201d Ia\u015fi, grafic\u0103<\/p>\n<p>Piscureanu Ionu\u021b Florentin, 20 ani, Universitatea de Vest din Timi\u015foara, sec\u0163ia design<\/p>\n<p>Rusu Doru, 19 ani, Universitatea Na\u0163ional\u0103 de Arte Bucure\u015fti, sec\u0163ia sculptur\u0103<\/p>\n<p>Stan M\u0103d\u0103lina, 22 ani, Universitatea de Arte \u0219i Design Cluj Napoca, sec\u0163ia design<\/p>\n<p>Tama\u0219 P\u0103un Daniela, 22 ani, Universitatea de Arte \u0219i Design Cluj Napoca, sec\u0163ia design<\/p>\n<p>\u021ao\u021ba Maria Ilinca, 14 ani, Liceul de Arte Plastice \u201cNicolae Tonitza\u201d Bucure\u0219ti, sec\u021bia pictur\u0103<\/p>\n<p>&nbsp;<\/p>\n<p>&nbsp;<\/p>\n<p><a href=\"https:\/\/www.tineretalente.org\">www.tineretalente.org<\/a>, <a href=\"http:\/\/www.fpmr.ro\">www.fpmr.ro<\/a><\/p>\n<p>&nbsp;<\/p>\n<p>Contact &#8211; Ioana Petrea &#8211; Director Fundraising &amp; Comunicare<strong> &#8211; <\/strong>Tel: 0723.299.448<\/p>\n","protected":false},"excerpt":{"rendered":"<p>&nbsp; \u00cen edi\u021bia 2017, vor fi sprijini\u021bi 36 de tineri arti\u0219ti cu poten\u021bial de afirmare. Bucure\u0219ti, 21 februarie 2017 &#8211;\u00a0 Funda\u021bia Regal\u0103 Margareta a Rom\u00e2niei d\u0103 startul celei de-a 10-a edi\u021bii a programului na\u021bional Tinere Talente, cu o nou\u0103 genera\u021bie de 36 de bursieri muzicieni&#8230;<\/p>\n","protected":false},"author":4,"featured_media":17670,"comment_status":"closed","ping_status":"closed","sticky":false,"template":"","format":"standard","meta":[],"categories":[1],"tags":[],"_links":{"self":[{"href":"https:\/\/www.tineretalente.org\/index.php\/wp-json\/wp\/v2\/posts\/17669"}],"collection":[{"href":"https:\/\/www.tineretalente.org\/index.php\/wp-json\/wp\/v2\/posts"}],"about":[{"href":"https:\/\/www.tineretalente.org\/index.php\/wp-json\/wp\/v2\/types\/post"}],"author":[{"embeddable":true,"href":"https:\/\/www.tineretalente.org\/index.php\/wp-json\/wp\/v2\/users\/4"}],"replies":[{"embeddable":true,"href":"https:\/\/www.tineretalente.org\/index.php\/wp-json\/wp\/v2\/comments?post=17669"}],"version-history":[{"count":3,"href":"https:\/\/www.tineretalente.org\/index.php\/wp-json\/wp\/v2\/posts\/17669\/revisions"}],"predecessor-version":[{"id":17763,"href":"https:\/\/www.tineretalente.org\/index.php\/wp-json\/wp\/v2\/posts\/17669\/revisions\/17763"}],"wp:featuredmedia":[{"embeddable":true,"href":"https:\/\/www.tineretalente.org\/index.php\/wp-json\/wp\/v2\/media\/17670"}],"wp:attachment":[{"href":"https:\/\/www.tineretalente.org\/index.php\/wp-json\/wp\/v2\/media?parent=17669"}],"wp:term":[{"taxonomy":"category","embeddable":true,"href":"https:\/\/www.tineretalente.org\/index.php\/wp-json\/wp\/v2\/categories?post=17669"},{"taxonomy":"post_tag","embeddable":true,"href":"https:\/\/www.tineretalente.org\/index.php\/wp-json\/wp\/v2\/tags?post=17669"}],"curies":[{"name":"wp","href":"https:\/\/api.w.org\/{rel}","templated":true}]}}