{"id":17808,"date":"2017-09-14T13:58:25","date_gmt":"2017-09-14T11:58:25","guid":{"rendered":"http:\/\/www.tineretalente.org\/?p=17808"},"modified":"2017-11-15T10:56:30","modified_gmt":"2017-11-15T08:56:30","slug":"tabara-de-creatie-2017","status":"publish","type":"post","link":"https:\/\/www.tineretalente.org\/index.php\/2017\/09\/14\/tabara-de-creatie-2017\/","title":{"rendered":"Tab\u0103ra de crea\u021bie 2017"},"content":{"rendered":"<p><em>\u00cen perioada 25-30 August, tinerii bursieri ai Programului Tinere Talente s-au putut bucura de tab\u0103ra organizat\u0103 la Moeciu de Jos. Aceast\u0103 tab\u0103r\u0103 i-a ajutat pe tinerii arti\u0219ti s\u0103 descopere o lume captivant\u0103, oferindu-le oportunitatea de a lucra \u00eempreun\u0103, de a \u00eemp\u0103rt\u0103\u0219i idei \u0219i viziuni, priveli\u0219tea fiindu-le inspira\u021bie.<\/em><\/p>\n<p>&nbsp;<\/p>\n<p>. <a href=\"https:\/\/www.tineretalente.org\/wp-content\/uploads\/21314727_512993785701478_306573946324235186_n.jpg\"><img loading=\"lazy\" class=\"alignnone size-medium wp-image-17812\" src=\"https:\/\/www.tineretalente.org\/wp-content\/uploads\/21314727_512993785701478_306573946324235186_n-200x300.jpg\" alt=\"21314727_512993785701478_306573946324235186_n\" width=\"200\" height=\"300\" srcset=\"https:\/\/www.tineretalente.org\/wp-content\/uploads\/21314727_512993785701478_306573946324235186_n-200x300.jpg 200w, https:\/\/www.tineretalente.org\/wp-content\/uploads\/21314727_512993785701478_306573946324235186_n.jpg 640w\" sizes=\"(max-width: 200px) 100vw, 200px\" \/><\/a> <a href=\"https:\/\/www.tineretalente.org\/wp-content\/uploads\/21433009_512993495701507_3174245411014935370_n.jpg\"><img loading=\"lazy\" class=\"wp-image-17814 size-medium alignnone\" src=\"https:\/\/www.tineretalente.org\/wp-content\/uploads\/21433009_512993495701507_3174245411014935370_n-200x300.jpg\" alt=\"21433009_512993495701507_3174245411014935370_n\" width=\"200\" height=\"300\" srcset=\"https:\/\/www.tineretalente.org\/wp-content\/uploads\/21433009_512993495701507_3174245411014935370_n-200x300.jpg 200w, https:\/\/www.tineretalente.org\/wp-content\/uploads\/21433009_512993495701507_3174245411014935370_n.jpg 640w\" sizes=\"(max-width: 200px) 100vw, 200px\" \/><\/a><a href=\"https:\/\/www.tineretalente.org\/wp-content\/uploads\/21462249_512993889034801_5700408228257026798_n.jpg\"><img loading=\"lazy\" class=\"size-medium wp-image-17813 alignleft\" src=\"https:\/\/www.tineretalente.org\/wp-content\/uploads\/21462249_512993889034801_5700408228257026798_n-200x300.jpg\" alt=\"21462249_512993889034801_5700408228257026798_n\" width=\"200\" height=\"300\" srcset=\"https:\/\/www.tineretalente.org\/wp-content\/uploads\/21462249_512993889034801_5700408228257026798_n-200x300.jpg 200w, https:\/\/www.tineretalente.org\/wp-content\/uploads\/21462249_512993889034801_5700408228257026798_n.jpg 640w\" sizes=\"(max-width: 200px) 100vw, 200px\" \/><\/a><br \/>\n<em> Cum nimic nu poate fi mai interesant dec\u00e2t momentul \u00een care muzica \u0219i arta plastic\u0103 se \u00eembin\u0103, at\u00e2t arti\u0219tii plastici, c\u00e2t \u0219i tinerii muzicieni \u0219i-au exteriorizat ideile, \u021bin\u00e2nd cont de viziunea \u00eentregii echipe. Ei au reu\u0219it s\u0103 \u00eendeplineasc\u0103 obiectivul principal al taberei, acela de dezvoltare a comunic\u0103rii \u0219i a spiritului de echip\u0103.<\/em><br \/>\n<a href=\"https:\/\/www.tineretalente.org\/wp-content\/uploads\/21314634_512993492368174_7941707821485896935_n.jpg\"><img loading=\"lazy\" class=\"alignnone wp-image-17815\" src=\"https:\/\/www.tineretalente.org\/wp-content\/uploads\/21314634_512993492368174_7941707821485896935_n-300x200.jpg\" alt=\"21314634_512993492368174_7941707821485896935_n\" width=\"476\" height=\"317\" srcset=\"https:\/\/www.tineretalente.org\/wp-content\/uploads\/21314634_512993492368174_7941707821485896935_n-300x200.jpg 300w, https:\/\/www.tineretalente.org\/wp-content\/uploads\/21314634_512993492368174_7941707821485896935_n-700x467.jpg 700w, https:\/\/www.tineretalente.org\/wp-content\/uploads\/21314634_512993492368174_7941707821485896935_n.jpg 960w\" sizes=\"(max-width: 476px) 100vw, 476px\" \/><\/a> <a href=\"https:\/\/www.tineretalente.org\/wp-content\/uploads\/21317833_512993835701473_8197114820753984032_n.jpg\"><img loading=\"lazy\" class=\"wp-image-17816 alignnone\" src=\"https:\/\/www.tineretalente.org\/wp-content\/uploads\/21317833_512993835701473_8197114820753984032_n-200x300.jpg\" alt=\"21317833_512993835701473_8197114820753984032_n\" width=\"205\" height=\"308\" srcset=\"https:\/\/www.tineretalente.org\/wp-content\/uploads\/21317833_512993835701473_8197114820753984032_n-200x300.jpg 200w, https:\/\/www.tineretalente.org\/wp-content\/uploads\/21317833_512993835701473_8197114820753984032_n.jpg 640w\" sizes=\"(max-width: 205px) 100vw, 205px\" \/><\/a><\/p>\n<p>Tenorul George V\u00eerban, fost bursier Tinere Talente \u0219i \u00een prezent voluntar \u0219i soprana Miruna Iancu s-au ocupat, \u00eempreun\u0103 cu tinerii muzicieni de programul muzical din cadrul Galei Tinere Talente, organiz\u00e2nd repeti\u021bii muzicale.<br \/>\nArti\u0219tii plastici au avut oportunitatea de a participa la cele 3 workshop-uri (\u201dMecanismul unei galerii de art\u0103 contemporan\u0103 \u0219i importan\u021ba conceptului curatorial\u201d, \u201dDe la idee la concept sau exprimarea scris\u0103 a proiectului artistic\u201d, \u201dDiscursul public \u0219i nevoia de interac\u021biune\u201d) sus\u021binute de Ana Neagoe- artist vizual. Tinerii arti\u0219ti au aflat despre importan\u021ba unui PR personal, \u00een ce const\u0103 o galerie de art\u0103, cum te poate ajuta un manager.<br \/>\nEi \u0219i-au folosit \u00eendem\u00e2narea \u0219i talentul \u00een scopuri nobile, realiz\u00e2nd 50 de felicit\u0103ri destinate zilelor de na\u0219tere ale v\u00e2rstnicilor ce fac parte din Programul Telefonul V\u00e2rstnicului \u0219i 25 de felicit\u0103ri pentru sponsorii programului. Tot ei au realizat \u0219i o lucrare compus\u0103 din 2 tablouri, lucrare ce aniverseaz\u0103 10 ani de proiect Tinere Talente.<br \/>\n<a href=\"https:\/\/www.tineretalente.org\/wp-content\/uploads\/21371062_512993499034840_7912686599706345420_n.jpg\"><img loading=\"lazy\" class=\"wp-image-17819 aligncenter\" src=\"https:\/\/www.tineretalente.org\/wp-content\/uploads\/21371062_512993499034840_7912686599706345420_n-300x200.jpg\" alt=\"21371062_512993499034840_7912686599706345420_n\" width=\"431\" height=\"287\" srcset=\"https:\/\/www.tineretalente.org\/wp-content\/uploads\/21371062_512993499034840_7912686599706345420_n-300x200.jpg 300w, https:\/\/www.tineretalente.org\/wp-content\/uploads\/21371062_512993499034840_7912686599706345420_n-700x467.jpg 700w, https:\/\/www.tineretalente.org\/wp-content\/uploads\/21371062_512993499034840_7912686599706345420_n.jpg 960w\" sizes=\"(max-width: 431px) 100vw, 431px\" \/><\/a><\/p>\n<p>At\u00e2t arti\u0219tii vizuali, c\u00e2t \u0219i muzicienii au participat, cu ajutorul bursei oferite de Funda\u021bie,\u00a0 la peste 6 concursuri de m\u0103iestrie de talie interna\u021bional\u0103, desf\u0103\u0219urate \u00een Germania, Bulgaria, Malta \u0219i Polonia, beneficiind de preg\u0103tirea unor profesori impresionan\u021bi.<\/p>\n<p><a href=\"https:\/\/www.tineretalente.org\/wp-content\/uploads\/21317621_512993305701526_3712853370164844785_n.jpg\"><img loading=\"lazy\" class=\" wp-image-17818 aligncenter\" src=\"https:\/\/www.tineretalente.org\/wp-content\/uploads\/21317621_512993305701526_3712853370164844785_n-300x200.jpg\" alt=\"21317621_512993305701526_3712853370164844785_n\" width=\"362\" height=\"241\" srcset=\"https:\/\/www.tineretalente.org\/wp-content\/uploads\/21317621_512993305701526_3712853370164844785_n-300x200.jpg 300w, https:\/\/www.tineretalente.org\/wp-content\/uploads\/21317621_512993305701526_3712853370164844785_n-700x467.jpg 700w, https:\/\/www.tineretalente.org\/wp-content\/uploads\/21317621_512993305701526_3712853370164844785_n.jpg 960w\" sizes=\"(max-width: 362px) 100vw, 362px\" \/><\/a><\/p>\n","protected":false},"excerpt":{"rendered":"<p>\u00cen perioada 25-30 August, tinerii bursieri ai Programului Tinere Talente s-au putut bucura de tab\u0103ra organizat\u0103 la Moeciu de Jos. Aceast\u0103 tab\u0103r\u0103 i-a ajutat pe tinerii arti\u0219ti s\u0103 descopere o lume captivant\u0103, oferindu-le oportunitatea de a lucra \u00eempreun\u0103, de a \u00eemp\u0103rt\u0103\u0219i idei \u0219i viziuni, priveli\u0219tea&#8230;<\/p>\n","protected":false},"author":7,"featured_media":17818,"comment_status":"closed","ping_status":"closed","sticky":false,"template":"","format":"standard","meta":[],"categories":[163],"tags":[207,172,171,167,208],"_links":{"self":[{"href":"https:\/\/www.tineretalente.org\/index.php\/wp-json\/wp\/v2\/posts\/17808"}],"collection":[{"href":"https:\/\/www.tineretalente.org\/index.php\/wp-json\/wp\/v2\/posts"}],"about":[{"href":"https:\/\/www.tineretalente.org\/index.php\/wp-json\/wp\/v2\/types\/post"}],"author":[{"embeddable":true,"href":"https:\/\/www.tineretalente.org\/index.php\/wp-json\/wp\/v2\/users\/7"}],"replies":[{"embeddable":true,"href":"https:\/\/www.tineretalente.org\/index.php\/wp-json\/wp\/v2\/comments?post=17808"}],"version-history":[{"count":5,"href":"https:\/\/www.tineretalente.org\/index.php\/wp-json\/wp\/v2\/posts\/17808\/revisions"}],"predecessor-version":[{"id":17824,"href":"https:\/\/www.tineretalente.org\/index.php\/wp-json\/wp\/v2\/posts\/17808\/revisions\/17824"}],"wp:featuredmedia":[{"embeddable":true,"href":"https:\/\/www.tineretalente.org\/index.php\/wp-json\/wp\/v2\/media\/17818"}],"wp:attachment":[{"href":"https:\/\/www.tineretalente.org\/index.php\/wp-json\/wp\/v2\/media?parent=17808"}],"wp:term":[{"taxonomy":"category","embeddable":true,"href":"https:\/\/www.tineretalente.org\/index.php\/wp-json\/wp\/v2\/categories?post=17808"},{"taxonomy":"post_tag","embeddable":true,"href":"https:\/\/www.tineretalente.org\/index.php\/wp-json\/wp\/v2\/tags?post=17808"}],"curies":[{"name":"wp","href":"https:\/\/api.w.org\/{rel}","templated":true}]}}