{"id":17825,"date":"2017-11-15T10:52:38","date_gmt":"2017-11-15T08:52:38","guid":{"rendered":"http:\/\/www.tineretalente.org\/?p=17825"},"modified":"2017-11-15T10:54:56","modified_gmt":"2017-11-15T08:54:56","slug":"mentorate-tinere-talente-2017","status":"publish","type":"post","link":"https:\/\/www.tineretalente.org\/index.php\/2017\/11\/15\/mentorate-tinere-talente-2017\/","title":{"rendered":"Mentorate Tinere Talente 2017"},"content":{"rendered":"<p><em>Prin intermediul mentoratelor, bursierii Tinere Talente au oportunitatea de a se dezvolta pe plan profesional, fiind \u00eendruma\u021bi\u00a0 de personalit\u0103\u021bi consacrate \u00een domeniul artei si muzicii. Tinerii au \u0219ansa de a\u00a0cunoaste pove\u0219ti\u00a0despre lumea artei, totodat\u0103 fiindu-le \u00eendruma\u021bi pa\u0219ii spre universal ideal al crea\u021biei. <\/em><em>Oameni de cultur\u0103, arti\u0219ti de renume r\u0103spund curiozit\u0103\u021bilor tinerilor, oferindu-le \u0219ansa de a-i \u00eent\u00e2lni \u0219i de a schimba idei.<\/em><\/p>\n<p>\u00cen data de 23 august, t\u00e2n\u0103rul pianist Iulian Ochescu, care se bucur\u0103 de recunoa\u0219tere at\u00e2t na\u021bional\u0103, c\u00e2t \u0219i la nivel interna\u021bional, le-a adus tinerilor bursieri o \u00eent\u00e2lnire inspira\u021bional\u0103, ce a avut loc \u00a0la Hotel Siqua din Bucure\u0219ti.<br \/>\nLa \u00eent\u00e2lnire au luat parte bursieri si voluntari, care s-au putut bucura de sfaturile pianistului, el \u00eenv\u0103\u021b\u00e2ndu-i c\u0103 \u00een lumea artei nu exist\u0103 \u201cprea devreme\u201d.<br \/>\n<a href=\"https:\/\/www.tineretalente.org\/wp-content\/uploads\/Foto-Experience-1042.jpg\"><img loading=\"lazy\" class=\"alignnone size-medium wp-image-17826\" src=\"https:\/\/www.tineretalente.org\/wp-content\/uploads\/Foto-Experience-1042-200x300.jpg\" alt=\"Foto Experience-1042\" width=\"200\" height=\"300\" srcset=\"https:\/\/www.tineretalente.org\/wp-content\/uploads\/Foto-Experience-1042-200x300.jpg 200w, https:\/\/www.tineretalente.org\/wp-content\/uploads\/Foto-Experience-1042-683x1024.jpg 683w, https:\/\/www.tineretalente.org\/wp-content\/uploads\/Foto-Experience-1042-700x1050.jpg 700w\" sizes=\"(max-width: 200px) 100vw, 200px\" \/><\/a> <a href=\"https:\/\/www.tineretalente.org\/wp-content\/uploads\/Foto-Experience-1078.jpg\"><img loading=\"lazy\" class=\"alignnone wp-image-17827 \" src=\"https:\/\/www.tineretalente.org\/wp-content\/uploads\/Foto-Experience-1078-300x200.jpg\" alt=\"Foto Experience-1078\" width=\"445\" height=\"297\" srcset=\"https:\/\/www.tineretalente.org\/wp-content\/uploads\/Foto-Experience-1078-300x200.jpg 300w, https:\/\/www.tineretalente.org\/wp-content\/uploads\/Foto-Experience-1078-1024x683.jpg 1024w, https:\/\/www.tineretalente.org\/wp-content\/uploads\/Foto-Experience-1078-700x467.jpg 700w\" sizes=\"(max-width: 445px) 100vw, 445px\" \/><br \/>\n<\/a>Pe data de 26 octombrie, tinerii bursieri au avut ocazia de a cunoa\u0219te dou\u0103 personalit\u0103\u021bi de renume: Alexandra Dariescu (pianist\u0103) \u0219i Remus Azoi\u021bei (violonist).<br \/>\nAlexandra Dariescu a fost numit\u0103<b>\u00a0&#8220;regina pianului&#8221;, <\/b>reu\u0219ind s\u0103 conving\u0103 at\u00e2t publicul, c\u00e2t \u0219i criticii, care cred despre ea c\u0103 este o revela\u021bie. Ea le-a vorbit bursierilor, intr-o maniera sincer\u0103 \u0219i plin\u0103 de umor, despre via\u021b\u0103 \u0219i profesie \u0219i modul \u00een care ele se \u00eempletesc \u0219i despre puterea fiec\u0103ruia de a-\u0219i contura propriul drum.<br \/>\n<a href=\"https:\/\/www.tineretalente.org\/wp-content\/uploads\/22886103_536030493397807_5656728279568783591_n.jpg\"><img loading=\"lazy\" class=\"alignnone wp-image-17828\" src=\"https:\/\/www.tineretalente.org\/wp-content\/uploads\/22886103_536030493397807_5656728279568783591_n-300x200.jpg\" alt=\"22886103_536030493397807_5656728279568783591_n\" width=\"342\" height=\"228\" srcset=\"https:\/\/www.tineretalente.org\/wp-content\/uploads\/22886103_536030493397807_5656728279568783591_n-300x200.jpg 300w, https:\/\/www.tineretalente.org\/wp-content\/uploads\/22886103_536030493397807_5656728279568783591_n-700x467.jpg 700w, https:\/\/www.tineretalente.org\/wp-content\/uploads\/22886103_536030493397807_5656728279568783591_n.jpg 960w\" sizes=\"(max-width: 342px) 100vw, 342px\" \/><\/a> <a href=\"https:\/\/www.tineretalente.org\/wp-content\/uploads\/23031210_536030500064473_1002453476791295831_n.jpg\"><img loading=\"lazy\" class=\"alignnone wp-image-17829\" src=\"https:\/\/www.tineretalente.org\/wp-content\/uploads\/23031210_536030500064473_1002453476791295831_n-300x200.jpg\" alt=\"23031210_536030500064473_1002453476791295831_n\" width=\"341\" height=\"227\" srcset=\"https:\/\/www.tineretalente.org\/wp-content\/uploads\/23031210_536030500064473_1002453476791295831_n-300x200.jpg 300w, https:\/\/www.tineretalente.org\/wp-content\/uploads\/23031210_536030500064473_1002453476791295831_n-700x467.jpg 700w, https:\/\/www.tineretalente.org\/wp-content\/uploads\/23031210_536030500064473_1002453476791295831_n.jpg 960w\" sizes=\"(max-width: 341px) 100vw, 341px\" \/><\/a><\/p>\n<p>Marele violonist Remus Azoi\u021bei a ob\u021binut titlul de Master of Music, \u00een urma absolvirii\u00a0<strong>Juilliard School<\/strong> din New York , sus\u021bin\u00e2nd numeroase concerte \u00een s\u0103li prestigioase.<br \/>\n\u00cent\u00e2lnirea cu el a avut loc intr-o atmosfera degajata. Remus le-a vorbit despre \u00eenceputul unei cariere, despre posibilitatea de a studia in strainatate.<\/p>\n<p><a href=\"https:\/\/www.tineretalente.org\/wp-content\/uploads\/23031691_536030600064463_7155083658833124699_n.jpg\"><img loading=\"lazy\" class=\"alignnone size-medium wp-image-17830\" src=\"https:\/\/www.tineretalente.org\/wp-content\/uploads\/23031691_536030600064463_7155083658833124699_n-300x200.jpg\" alt=\"23031691_536030600064463_7155083658833124699_n\" width=\"300\" height=\"200\" srcset=\"https:\/\/www.tineretalente.org\/wp-content\/uploads\/23031691_536030600064463_7155083658833124699_n-300x200.jpg 300w, https:\/\/www.tineretalente.org\/wp-content\/uploads\/23031691_536030600064463_7155083658833124699_n-700x467.jpg 700w, https:\/\/www.tineretalente.org\/wp-content\/uploads\/23031691_536030600064463_7155083658833124699_n.jpg 960w\" sizes=\"(max-width: 300px) 100vw, 300px\" \/><\/a> <a href=\"https:\/\/www.tineretalente.org\/wp-content\/uploads\/23032421_536030603397796_4466283338596847927_n.jpg\"><img loading=\"lazy\" class=\"alignnone size-medium wp-image-17831\" src=\"https:\/\/www.tineretalente.org\/wp-content\/uploads\/23032421_536030603397796_4466283338596847927_n-300x200.jpg\" alt=\"23032421_536030603397796_4466283338596847927_n\" width=\"300\" height=\"200\" srcset=\"https:\/\/www.tineretalente.org\/wp-content\/uploads\/23032421_536030603397796_4466283338596847927_n-300x200.jpg 300w, https:\/\/www.tineretalente.org\/wp-content\/uploads\/23032421_536030603397796_4466283338596847927_n-700x467.jpg 700w, https:\/\/www.tineretalente.org\/wp-content\/uploads\/23032421_536030603397796_4466283338596847927_n.jpg 960w\" sizes=\"(max-width: 300px) 100vw, 300px\" \/><\/a><\/p>\n","protected":false},"excerpt":{"rendered":"<p>Prin intermediul mentoratelor, bursierii Tinere Talente au oportunitatea de a se dezvolta pe plan profesional, fiind \u00eendruma\u021bi\u00a0 de personalit\u0103\u021bi consacrate \u00een domeniul artei si muzicii. Tinerii au \u0219ansa de a\u00a0cunoaste pove\u0219ti\u00a0despre lumea artei, totodat\u0103 fiindu-le \u00eendruma\u021bi pa\u0219ii spre universal ideal al crea\u021biei. Oameni de cultur\u0103,&#8230;<\/p>\n","protected":false},"author":7,"featured_media":17827,"comment_status":"closed","ping_status":"closed","sticky":false,"template":"","format":"standard","meta":[],"categories":[1],"tags":[210,172,209,168,211,167],"_links":{"self":[{"href":"https:\/\/www.tineretalente.org\/index.php\/wp-json\/wp\/v2\/posts\/17825"}],"collection":[{"href":"https:\/\/www.tineretalente.org\/index.php\/wp-json\/wp\/v2\/posts"}],"about":[{"href":"https:\/\/www.tineretalente.org\/index.php\/wp-json\/wp\/v2\/types\/post"}],"author":[{"embeddable":true,"href":"https:\/\/www.tineretalente.org\/index.php\/wp-json\/wp\/v2\/users\/7"}],"replies":[{"embeddable":true,"href":"https:\/\/www.tineretalente.org\/index.php\/wp-json\/wp\/v2\/comments?post=17825"}],"version-history":[{"count":6,"href":"https:\/\/www.tineretalente.org\/index.php\/wp-json\/wp\/v2\/posts\/17825\/revisions"}],"predecessor-version":[{"id":17837,"href":"https:\/\/www.tineretalente.org\/index.php\/wp-json\/wp\/v2\/posts\/17825\/revisions\/17837"}],"wp:featuredmedia":[{"embeddable":true,"href":"https:\/\/www.tineretalente.org\/index.php\/wp-json\/wp\/v2\/media\/17827"}],"wp:attachment":[{"href":"https:\/\/www.tineretalente.org\/index.php\/wp-json\/wp\/v2\/media?parent=17825"}],"wp:term":[{"taxonomy":"category","embeddable":true,"href":"https:\/\/www.tineretalente.org\/index.php\/wp-json\/wp\/v2\/categories?post=17825"},{"taxonomy":"post_tag","embeddable":true,"href":"https:\/\/www.tineretalente.org\/index.php\/wp-json\/wp\/v2\/tags?post=17825"}],"curies":[{"name":"wp","href":"https:\/\/api.w.org\/{rel}","templated":true}]}}