{"id":17851,"date":"2017-12-06T14:19:41","date_gmt":"2017-12-06T12:19:41","guid":{"rendered":"http:\/\/www.tineretalente.org\/?p=17851"},"modified":"2018-04-19T10:59:31","modified_gmt":"2018-04-19T08:59:31","slug":"gala-tinere-talente-2017-jazz-in-culori","status":"publish","type":"post","link":"https:\/\/www.tineretalente.org\/index.php\/2017\/12\/06\/gala-tinere-talente-2017-jazz-in-culori\/","title":{"rendered":"Gala Tinere Talente 2017- Jazz \u00een culori"},"content":{"rendered":"<p style=\"text-align: left;\">\u00a0 \u00a0 \u00a0 \u00a0Anul acesta, Gala Tinere Talente 2017, concert ce are ca scop celebrarea \u00eencheierii unei genera\u021bii de bursieri,\u00a0s-a desf\u0103\u0219urat la\u00a0Teatrul Na\u021bional Bucure\u0219ti, Sala Pictura.\u00a0Alte\u021ba Sa Regal\u0103 Principesa Maria a onorat cu prezen\u021ba sa, oferind celor 36 bursieri ai Funda\u021biei Principesa Margareta a Rom\u00e2niei diplome de merit pentru performan\u021ba artistic\u0103 \u00een domeniul artei plastice \u0219i al muzicii clasice.<br \/>\n<a href=\"https:\/\/www.tineretalente.org\/wp-content\/uploads\/23754643_545079772492879_8964567506894744453_n.jpg\"><img loading=\"lazy\" class=\"wp-image-17852 aligncenter\" src=\"https:\/\/www.tineretalente.org\/wp-content\/uploads\/23754643_545079772492879_8964567506894744453_n.jpg\" alt=\"23754643_545079772492879_8964567506894744453_n\" width=\"635\" height=\"423\" srcset=\"https:\/\/www.tineretalente.org\/wp-content\/uploads\/23754643_545079772492879_8964567506894744453_n.jpg 960w, https:\/\/www.tineretalente.org\/wp-content\/uploads\/23754643_545079772492879_8964567506894744453_n-300x200.jpg 300w, https:\/\/www.tineretalente.org\/wp-content\/uploads\/23754643_545079772492879_8964567506894744453_n-700x466.jpg 700w\" sizes=\"(max-width: 635px) 100vw, 635px\" \/><\/a><\/p>\n<p>Din dorin\u021ba de a sprijini tinerii c\u00e2nt\u0103re\u021bi care se dedic\u0103 artei lirice, tenorul Teodor Ilinc\u0103i a acordat bursa ce poart\u0103 numele profesorului s\u0103u, tenorul Corneliu F\u0103n\u0103\u021beanu.\u00a0T\u00e2n\u0103ra mezzo-sopran\u0103 Martiniana Antonie, fost\u0103 bursier\u0103 a programului Tinere Talente este c\u00e2\u0219tig\u0103toarea de anul acesta.\u00a0Bursa acordat\u0103\u00a0i-a oferit posibilitatea de a se dezvolta pe plan artistic, particip\u00e2nd la concursuri interna\u021bionale.<\/p>\n<p><a href=\"https:\/\/www.tineretalente.org\/wp-content\/uploads\/Foto-Experience-1105.jpg\"><img loading=\"lazy\" class=\"wp-image-17873 aligncenter\" src=\"https:\/\/www.tineretalente.org\/wp-content\/uploads\/Foto-Experience-1105.jpg\" alt=\"Foto Experience-1105\" width=\"502\" height=\"335\" srcset=\"https:\/\/www.tineretalente.org\/wp-content\/uploads\/Foto-Experience-1105.jpg 4000w, https:\/\/www.tineretalente.org\/wp-content\/uploads\/Foto-Experience-1105-300x200.jpg 300w, https:\/\/www.tineretalente.org\/wp-content\/uploads\/Foto-Experience-1105-1024x683.jpg 1024w, https:\/\/www.tineretalente.org\/wp-content\/uploads\/Foto-Experience-1105-700x467.jpg 700w\" sizes=\"(max-width: 502px) 100vw, 502px\" \/><\/a><\/p>\n<p>Tinerii muzicieni au prezentat pe scena S\u0103lii Pictura a Teatrului Na\u021bional Bucure\u0219ti o alt\u0103 ramur\u0103 a muzicii, interpret\u00e2nd unele dintre cele mai celebre lucr\u0103ri muzicale ale genului <em>Jazz<\/em>. Cu titluri precum\u00a0<em>Lady be good<\/em>,\u00a0<em>Original Rags<\/em>,<em>\u00a0Summertime<\/em>,<em>\u00a0<\/em>dar\u00a0\u0219i momentele de improviza\u021bie au adus publicului o mic\u0103 parte din Universul Jazz-ului.<\/p>\n<p><a href=\"https:\/\/www.tineretalente.org\/wp-content\/uploads\/Foto-Experience-1150.jpg\"><img loading=\"lazy\" class=\"wp-image-17870 aligncenter\" src=\"https:\/\/www.tineretalente.org\/wp-content\/uploads\/Foto-Experience-1150.jpg\" alt=\"Foto Experience-1150\" width=\"476\" height=\"318\" srcset=\"https:\/\/www.tineretalente.org\/wp-content\/uploads\/Foto-Experience-1150.jpg 4000w, https:\/\/www.tineretalente.org\/wp-content\/uploads\/Foto-Experience-1150-300x200.jpg 300w, https:\/\/www.tineretalente.org\/wp-content\/uploads\/Foto-Experience-1150-1024x683.jpg 1024w, https:\/\/www.tineretalente.org\/wp-content\/uploads\/Foto-Experience-1150-700x467.jpg 700w\" sizes=\"(max-width: 476px) 100vw, 476px\" \/><\/a><\/p>\n<p><a href=\"https:\/\/www.tineretalente.org\/wp-content\/uploads\/23755446_545079832492873_5475277095352586562_n.jpg\"><img loading=\"lazy\" class=\"wp-image-17854 aligncenter\" src=\"https:\/\/www.tineretalente.org\/wp-content\/uploads\/23755446_545079832492873_5475277095352586562_n.jpg\" alt=\"23755446_545079832492873_5475277095352586562_n\" width=\"483\" height=\"320\" srcset=\"https:\/\/www.tineretalente.org\/wp-content\/uploads\/23755446_545079832492873_5475277095352586562_n.jpg 960w, https:\/\/www.tineretalente.org\/wp-content\/uploads\/23755446_545079832492873_5475277095352586562_n-300x199.jpg 300w, https:\/\/www.tineretalente.org\/wp-content\/uploads\/23755446_545079832492873_5475277095352586562_n-700x464.jpg 700w\" sizes=\"(max-width: 483px) 100vw, 483px\" \/><\/a><\/p>\n<p>Expozi\u021bia a luat fiin\u021b\u0103 prin\u00a0lucr\u0103rile inedite ale tinerilor arti\u0219ti plastici, fiind alc\u0103tuit\u0103 din lucr\u0103ri de pictur\u0103, sculptur\u0103, grafic\u0103 \u0219i design vestimentar.\u00a0 Deschiderea expozi\u021biei a fost realizat\u0103 de c\u0103tre Ana Neagoe- curator \u0219i artist vizual.<br \/>\n<a href=\"https:\/\/www.tineretalente.org\/wp-content\/uploads\/Foto-Experience-1011.jpg\"><img loading=\"lazy\" class=\"wp-image-17871 aligncenter\" src=\"https:\/\/www.tineretalente.org\/wp-content\/uploads\/Foto-Experience-1011-683x1024.jpg\" alt=\"Foto Experience-1011\" width=\"518\" height=\"777\" srcset=\"https:\/\/www.tineretalente.org\/wp-content\/uploads\/Foto-Experience-1011-683x1024.jpg 683w, https:\/\/www.tineretalente.org\/wp-content\/uploads\/Foto-Experience-1011-200x300.jpg 200w, https:\/\/www.tineretalente.org\/wp-content\/uploads\/Foto-Experience-1011-700x1050.jpg 700w\" sizes=\"(max-width: 518px) 100vw, 518px\" \/><br \/>\n<\/a><a href=\"https:\/\/www.tineretalente.org\/wp-content\/uploads\/Foto-Experience-1010.jpg\"><img loading=\"lazy\" class=\"wp-image-17862 aligncenter\" src=\"https:\/\/www.tineretalente.org\/wp-content\/uploads\/Foto-Experience-1010-1024x683.jpg\" alt=\"Foto Experience-1010\" width=\"517\" height=\"345\" srcset=\"https:\/\/www.tineretalente.org\/wp-content\/uploads\/Foto-Experience-1010-1024x683.jpg 1024w, https:\/\/www.tineretalente.org\/wp-content\/uploads\/Foto-Experience-1010-300x200.jpg 300w, https:\/\/www.tineretalente.org\/wp-content\/uploads\/Foto-Experience-1010-700x467.jpg 700w\" sizes=\"(max-width: 517px) 100vw, 517px\" \/><br \/>\n<\/a><a href=\"https:\/\/www.tineretalente.org\/wp-content\/uploads\/Foto-Experience-1049.jpg\"><img loading=\"lazy\" class=\"wp-image-17863 aligncenter\" src=\"https:\/\/www.tineretalente.org\/wp-content\/uploads\/Foto-Experience-1049.jpg\" alt=\"Foto Experience-1049\" width=\"512\" height=\"341\" srcset=\"https:\/\/www.tineretalente.org\/wp-content\/uploads\/Foto-Experience-1049.jpg 4000w, https:\/\/www.tineretalente.org\/wp-content\/uploads\/Foto-Experience-1049-300x200.jpg 300w, https:\/\/www.tineretalente.org\/wp-content\/uploads\/Foto-Experience-1049-1024x683.jpg 1024w, https:\/\/www.tineretalente.org\/wp-content\/uploads\/Foto-Experience-1049-700x467.jpg 700w\" sizes=\"(max-width: 512px) 100vw, 512px\" \/><\/a><\/p>\n<p>\u00cen colaborare cu Groupe Renault, arti\u0219tii plastici au creat o instala\u021bie industrial\u0103, alc\u0103tuit\u0103 din piese de motor. Vernisajul a fost realizat de Raluca Panti\u0219- designer Renault.<\/p>\n<p><a href=\"https:\/\/www.tineretalente.org\/wp-content\/uploads\/ANG1104.jpg\"><img loading=\"lazy\" class=\"wp-image-17872 aligncenter\" src=\"https:\/\/www.tineretalente.org\/wp-content\/uploads\/ANG1104.jpg\" alt=\"_ANG1104\" width=\"523\" height=\"349\" srcset=\"https:\/\/www.tineretalente.org\/wp-content\/uploads\/ANG1104.jpg 2702w, https:\/\/www.tineretalente.org\/wp-content\/uploads\/ANG1104-300x200.jpg 300w, https:\/\/www.tineretalente.org\/wp-content\/uploads\/ANG1104-1024x683.jpg 1024w, https:\/\/www.tineretalente.org\/wp-content\/uploads\/ANG1104-700x467.jpg 700w\" sizes=\"(max-width: 523px) 100vw, 523px\" \/><\/a><br \/>\n<a href=\"https:\/\/www.tineretalente.org\/wp-content\/uploads\/Foto-Experience-10781.jpg\"><img loading=\"lazy\" class=\"wp-image-17865 aligncenter\" src=\"https:\/\/www.tineretalente.org\/wp-content\/uploads\/Foto-Experience-10781.jpg\" alt=\"Foto Experience-1078\" width=\"527\" height=\"790\" srcset=\"https:\/\/www.tineretalente.org\/wp-content\/uploads\/Foto-Experience-10781.jpg 2667w, https:\/\/www.tineretalente.org\/wp-content\/uploads\/Foto-Experience-10781-200x300.jpg 200w, https:\/\/www.tineretalente.org\/wp-content\/uploads\/Foto-Experience-10781-683x1024.jpg 683w, https:\/\/www.tineretalente.org\/wp-content\/uploads\/Foto-Experience-10781-700x1050.jpg 700w\" sizes=\"(max-width: 527px) 100vw, 527px\" \/><br \/>\n<\/a><a href=\"https:\/\/www.tineretalente.org\/wp-content\/uploads\/Foto-Experience-1077.jpg\"><img loading=\"lazy\" class=\"wp-image-17866 aligncenter\" src=\"https:\/\/www.tineretalente.org\/wp-content\/uploads\/Foto-Experience-1077.jpg\" alt=\"Foto Experience-1077\" width=\"529\" height=\"793\" srcset=\"https:\/\/www.tineretalente.org\/wp-content\/uploads\/Foto-Experience-1077.jpg 2667w, https:\/\/www.tineretalente.org\/wp-content\/uploads\/Foto-Experience-1077-200x300.jpg 200w, https:\/\/www.tineretalente.org\/wp-content\/uploads\/Foto-Experience-1077-683x1024.jpg 683w, https:\/\/www.tineretalente.org\/wp-content\/uploads\/Foto-Experience-1077-700x1050.jpg 700w\" sizes=\"(max-width: 529px) 100vw, 529px\" \/><br \/>\n<\/a><a href=\"https:\/\/www.tineretalente.org\/wp-content\/uploads\/Foto-Experience-1052.jpg\"><img loading=\"lazy\" class=\"wp-image-17867 aligncenter\" src=\"https:\/\/www.tineretalente.org\/wp-content\/uploads\/Foto-Experience-1052.jpg\" alt=\"Foto Experience-1052\" width=\"526\" height=\"789\" srcset=\"https:\/\/www.tineretalente.org\/wp-content\/uploads\/Foto-Experience-1052.jpg 2667w, https:\/\/www.tineretalente.org\/wp-content\/uploads\/Foto-Experience-1052-200x300.jpg 200w, https:\/\/www.tineretalente.org\/wp-content\/uploads\/Foto-Experience-1052-683x1024.jpg 683w, https:\/\/www.tineretalente.org\/wp-content\/uploads\/Foto-Experience-1052-700x1050.jpg 700w\" sizes=\"(max-width: 526px) 100vw, 526px\" \/><\/a><a href=\"https:\/\/www.tineretalente.org\/wp-content\/uploads\/Foto-Experience-10781.jpg\"><br \/>\n<\/a><\/p>\n<p>\u00cen 10 ani de desf\u0103\u0219urare a programului Tinere Talente, Funda\u021bia Regal\u0103 Margareta a Rom\u00e2niei a investit peste 1.200.000 Euro \u00een viitorul artistic al Rom\u00e2niei. Peste 260 de tineri arti\u0219ti afla\u021bi la \u00eenceput de drum, care provin din familii modeste, au fost sus\u021binu\u021bi cu burse, mentori \u0219i promovare, reu\u0219ind astfel performan\u021be pe plan na\u021bional \u0219i interna\u021bional.<\/p>\n<p>Funda\u0163ia Principesa Margareta a Rom\u00e2niei mul\u0163ume\u015fte pentru sus\u0163inerea proiectului Tinere Talente 2017<strong>\u00a0partenerilor<\/strong>: BRD \u2013 Groupe Soci\u00e9t\u00e9 G\u00e9n\u00e9rale, Funda\u0163ia Vodafone Rom\u00e2nia, Kaufland,\u00a0Teatrul Na\u021bional Bucure\u0219ti \u0219i <strong>sponsorilor<\/strong> SofMedica, Groupe Renault, Kultho, Deutek, Negro Rom\u00e2nia, Dentons, Intermedicas, Residence Hotels, MX1, DentalMed, Hotel Siqua, SE-GES, Star Storage, Film Experience.<\/p>\n","protected":false},"excerpt":{"rendered":"<p>\u00a0 \u00a0 \u00a0 \u00a0Anul acesta, Gala Tinere Talente 2017, concert ce are ca scop celebrarea \u00eencheierii unei genera\u021bii de bursieri,\u00a0s-a desf\u0103\u0219urat la\u00a0Teatrul Na\u021bional Bucure\u0219ti, Sala Pictura.\u00a0Alte\u021ba Sa Regal\u0103 Principesa Maria a onorat cu prezen\u021ba sa, oferind celor 36 bursieri ai Funda\u021biei Principesa Margareta a Rom\u00e2niei&#8230;<\/p>\n","protected":false},"author":7,"featured_media":17852,"comment_status":"closed","ping_status":"closed","sticky":false,"template":"","format":"standard","meta":[],"categories":[163],"tags":[213],"_links":{"self":[{"href":"https:\/\/www.tineretalente.org\/index.php\/wp-json\/wp\/v2\/posts\/17851"}],"collection":[{"href":"https:\/\/www.tineretalente.org\/index.php\/wp-json\/wp\/v2\/posts"}],"about":[{"href":"https:\/\/www.tineretalente.org\/index.php\/wp-json\/wp\/v2\/types\/post"}],"author":[{"embeddable":true,"href":"https:\/\/www.tineretalente.org\/index.php\/wp-json\/wp\/v2\/users\/7"}],"replies":[{"embeddable":true,"href":"https:\/\/www.tineretalente.org\/index.php\/wp-json\/wp\/v2\/comments?post=17851"}],"version-history":[{"count":16,"href":"https:\/\/www.tineretalente.org\/index.php\/wp-json\/wp\/v2\/posts\/17851\/revisions"}],"predecessor-version":[{"id":17885,"href":"https:\/\/www.tineretalente.org\/index.php\/wp-json\/wp\/v2\/posts\/17851\/revisions\/17885"}],"wp:featuredmedia":[{"embeddable":true,"href":"https:\/\/www.tineretalente.org\/index.php\/wp-json\/wp\/v2\/media\/17852"}],"wp:attachment":[{"href":"https:\/\/www.tineretalente.org\/index.php\/wp-json\/wp\/v2\/media?parent=17851"}],"wp:term":[{"taxonomy":"category","embeddable":true,"href":"https:\/\/www.tineretalente.org\/index.php\/wp-json\/wp\/v2\/categories?post=17851"},{"taxonomy":"post_tag","embeddable":true,"href":"https:\/\/www.tineretalente.org\/index.php\/wp-json\/wp\/v2\/tags?post=17851"}],"curies":[{"name":"wp","href":"https:\/\/api.w.org\/{rel}","templated":true}]}}