{"id":17892,"date":"2018-02-14T13:35:34","date_gmt":"2018-02-14T11:35:34","guid":{"rendered":"http:\/\/www.tineretalente.org\/?p=17892"},"modified":"2018-04-19T10:58:33","modified_gmt":"2018-04-19T08:58:33","slug":"programului-tinere-talente-36-de-tineri-artisti-romani-sustinuti-prin-burse-sesiuni-de-mentorat-si-promovare","status":"publish","type":"post","link":"https:\/\/www.tineretalente.org\/index.php\/2018\/02\/14\/programului-tinere-talente-36-de-tineri-artisti-romani-sustinuti-prin-burse-sesiuni-de-mentorat-si-promovare\/","title":{"rendered":"Programului \u201eTinere Talente\u201d &#8211; 36 de tineri arti\u015fti rom\u00e2ni, sus\u021binu\u021bi prin burse, sesiuni de mentorat \u015fi promovare"},"content":{"rendered":"<p><strong>Bucure\u0219ti, 13 februarie 2018<\/strong> \u2013 <strong>36 de arti\u015fti plastici \u015fi muzicieni, elevi \u015fi studen\u021bi<\/strong> care studiaz\u0103 \u00een Bucure\u0219ti, Cluj Napoca, Craiova, Constan\u021ba, Ia\u0219i, Suceava, Oradea, T\u00eergu Mure\u0219 \u0219i Timi\u0219oara au primit din partea <strong>Funda\u021biei Principesa Margareta a Rom\u00e2niei<\/strong> sprijin const\u00e2nd \u00een burse, sesiuni de mentorat \u015fi promovare \u00een cadrul celei de a X-a edi\u021bii a programului \u201eTinere Talente\u201d, desf\u0103\u0219urat\u0103 \u00een 2017. <strong>Funda\u021bia Vodafone Rom\u00e2nia<\/strong> este unul dintre partenerii tradi\u021bionali ai programului, sus\u021bin\u00e2nd p\u00e2n\u0103 acum financiar patru edi\u021bii anuale \u201eTinere Talente\u201d cu o suma total\u0103 de peste 500.000 de lei, din care aproape 140.000 de lei au fost aloca\u021bi activit\u0103\u021bilor din 2017.<\/p>\n<p>Printre bursierii din 2017 s-au aflat Ionu\u0163 Piscureanu, singurul student din Rom\u00e2nia care a trecut de selec\u021bia concursului de design vestimentar \u201eArts of Fashion Competition\u201d 2017 din SUA, Steff Chelaru, c\u00e2\u015ftig\u0103toarea Marelui Premiu al concursului #fashionFANatic2017 \u0219i Ilinca \u021aota c\u00e2\u0219tig\u0103toarea Diplomei Winners, la competi\u021bia interna\u021bional\u0103 de art\u0103 \u201eThe Small Montmartre of Bitola 2017\u201d din Macedonia.<\/p>\n<p>\u201eAm decis s\u0103 ne implic\u0103m \u00een sus\u021binerea programului \u0219tiind c\u0103 exist\u0103 at\u00e2t de mul\u021bi copii talenta\u021bi \u00een \u00eentreaga \u021bar\u0103 care, de\u0219i reu\u0219esc s\u0103 ob\u021bin\u0103 rezultate impresionante, nu au posibilitatea s\u0103-\u0219i cumpere un instrument sau s\u0103 lucreze cu un specialist, din cauza dificult\u0103\u021bilor financiare. Vrem ca prin contribu\u021bia noastr\u0103 s\u0103 facem ca op\u021biunea de a-\u021bi urma voca\u021bia s\u0103 nu mai depind\u0103 de lucruri care nu au nicio legatur\u0103 cu educa\u021bia \u0219i talentul\u201d, a declarat <strong>Angela Gale\u0163a, Directorul Funda\u021biei Vodafone Rom\u00e2nia.<\/strong><\/p>\n<p>\u201eBursierii no\u0219tri se bucur\u0103 de recunoa\u0219tere la compe\u021bii na\u021bionale \u0219i interna\u021bionale. Un exemplu este cel al lui Ionu\u0163 Piscureanu, singurul student rom\u00e2n care a trecut de selec\u021bia concursului \u00abArts of Fashion Competition\u00bb 2017, \u00een cadrul c\u0103ruia s-au calificat doar 50 de tineri din toat\u0103 lumea. Un alt copil talentat, Steff Chelaru, a reu\u0219it s\u0103 c\u00e2\u015ftige Marele Premiu la #fashionFANatic2017, iar Ilinca \u021aota, a c\u00e2\u0219tigat, la doar 15 ani, Diploma Winners, concur\u00e2nd cu peste 9.000 de participan\u021bi din toat\u0103 lumea la competi\u021bia \u00abThe Small Montmartre of Bitola 2017\u00bb\u201c, a declarat <strong>Mugurel M\u0103rg\u0103rit, Directorul Funda\u021biei Principesa Margareta a Rom\u00e2niei.<\/strong><\/p>\n<p>\u00cen 2017 au fost organizate <strong>16 evenimente<\/strong> <strong>de promovare a bursierilor<\/strong> \u00een parteneriat cu Filarmonica George Enescu, Teatrul Na\u021bional Bucure\u0219ti, Elite Art Gallery, Muzeul Na\u021bional al Satului Dimitrie Gusti -concerte, recitaluri sau expozi\u021bii de arte vizuale. <strong>Peste 70 de tineri<\/strong> au participat la programul de mentorat intergenera\u021bional, masterclass-uri \u015fi workshop-uri, ori au fost preg\u0103ti\u021bi ca membri ai Orchestrei Funda\u021biei Principesa Margareta a Rom\u00e2niei. Mentorii tinerilor muzicieni au fost <strong>pianista Alexandra Dariescu, violonistul Remus Azoitei, dirijorul Tiberiu Soare, violonistul Rafael Butaru, tenorul Teodor Ilinc\u0103i, dirijorul Constantin Adrian Grigore, flautista Mihaela Anica, pianistul Iulian Ochescu.<\/strong> Pentru tinerii arti\u015fti vizuali, \u00een 2017 s-au al\u0103turat ca mentori arti\u015fti, curatori, designeri \u015fi cristici de art\u0103, printre care <strong>Corina \u0218uteu, Diana Marincu, Lea Raszovsky, Cristina Stoenescu, Adriana Oprea, Ana Neagoe \u015fi Raluca Panti\u015f<\/strong>.<\/p>\n<p style=\"text-align: center;\"><a href=\"https:\/\/www.tineretalente.org\/wp-content\/uploads\/Orchestra-Fundatiei-Principesa-Margareta-a-Romaniei-la-Concertul-Regal.jpg\"><img loading=\"lazy\" class=\"aligncenter wp-image-17896\" src=\"https:\/\/www.tineretalente.org\/wp-content\/uploads\/Orchestra-Fundatiei-Principesa-Margareta-a-Romaniei-la-Concertul-Regal-1024x683.jpg\" alt=\"Orchestra Fundatiei Principesa Margareta a Romaniei la Concertul Regal\" width=\"747\" height=\"498\" srcset=\"https:\/\/www.tineretalente.org\/wp-content\/uploads\/Orchestra-Fundatiei-Principesa-Margareta-a-Romaniei-la-Concertul-Regal-1024x683.jpg 1024w, https:\/\/www.tineretalente.org\/wp-content\/uploads\/Orchestra-Fundatiei-Principesa-Margareta-a-Romaniei-la-Concertul-Regal-300x200.jpg 300w, https:\/\/www.tineretalente.org\/wp-content\/uploads\/Orchestra-Fundatiei-Principesa-Margareta-a-Romaniei-la-Concertul-Regal-700x467.jpg 700w, https:\/\/www.tineretalente.org\/wp-content\/uploads\/Orchestra-Fundatiei-Principesa-Margareta-a-Romaniei-la-Concertul-Regal.jpg 1645w\" sizes=\"(max-width: 747px) 100vw, 747px\" \/><\/a><\/p>\n<p><strong>Funda\u0163ia Vodafone Rom\u00e2nia<\/strong> este o organiza\u0163ie neguvernamental\u0103 rom\u00e2neasc\u0103, cu statut caritabil, distinct\u0103 \u015fi independent\u0103 de opera\u0163iunile comerciale ale companiei, \u00eenfiin\u0163at\u0103 \u00een 1998. \u00cen cei <strong>20 ani<\/strong> de activitate, Funda\u0163ia Vodafone Rom\u00e2nia a finan\u0163at <strong>1.104 de programe<\/strong> derulate de <strong>706 de ONG-uri<\/strong> din \u00eentreaga \u021bar\u0103, \u00een domeniile s\u0103n\u0103t\u0103\u0163ii, educa\u0163iei, serviciilor sociale. Proiectele au avut peste <strong>2,7 milioane de beneficiari<\/strong> &#8211; copii, tineri, b\u0103tr\u00e2ni, persoane defavorizate fizic, social sau economic. P\u00e2n\u0103 \u00een prezent, Funda\u0163ia Vodafone Rom\u00e2nia a investit peste <strong>28 milioane de euro<\/strong> \u00een proiecte desf\u0103\u015furate de organiza\u0163iile non-profit partenere. Mai multe detalii despre programele funda\u0163iei sunt disponibile pe <a href=\"http:\/\/www.fundatia-vodafone.ro\">www.fundatia-vodafone.ro<\/a>, <a href=\"http:\/\/jurnaldebine.fundatia-vodafone.ro\/\">http:\/\/jurnaldebine.fundatia-vodafone.ro\/<\/a> \u0219i <a href=\"http:\/\/www.facebook.com\/fundatiavodafone\">www.facebook.com\/fundatiavodafone<\/a><u>.<\/u><\/p>\n<p><a href=\"https:\/\/www.tineretalente.org\/wp-content\/uploads\/Tinere-Talente-la-Palatul-Elisabeta.jpg\"><img loading=\"lazy\" class=\"aligncenter wp-image-17895\" src=\"https:\/\/www.tineretalente.org\/wp-content\/uploads\/Tinere-Talente-la-Palatul-Elisabeta-1024x683.jpg\" alt=\"Tinere Talente la Palatul Elisabeta\" width=\"747\" height=\"498\" srcset=\"https:\/\/www.tineretalente.org\/wp-content\/uploads\/Tinere-Talente-la-Palatul-Elisabeta-1024x683.jpg 1024w, https:\/\/www.tineretalente.org\/wp-content\/uploads\/Tinere-Talente-la-Palatul-Elisabeta-300x200.jpg 300w, https:\/\/www.tineretalente.org\/wp-content\/uploads\/Tinere-Talente-la-Palatul-Elisabeta-700x467.jpg 700w\" sizes=\"(max-width: 747px) 100vw, 747px\" \/><\/a><\/p>\n<p>De-a lungul celor <strong>27 de ani<\/strong> de activitate,\u00a0<strong>Funda\u0163ia Principesa Margareta a Rom\u00e2niei<\/strong>\u00a0a sprijinit proiecte dedicate copiilor afla\u0163i \u00een situa\u0163ii dramatice de via\u0163\u0103, care se confrunt\u0103 cu s\u0103r\u0103cia extrem\u0103, \u00a0risc\u0103 abandonul \u015fcolar sau al familiei, probleme de s\u0103n\u0103tate sau excluziunea social\u0103. Un num\u0103r de <strong>25.000 de copii \u015fi tineri<\/strong> \u015fi aproximativ <strong>2.500 de familii cu un trai precar<\/strong>, precum \u015fi <strong>650 de mici ong-uri locale<\/strong>, au primit ajutor \u015fi asisten\u0163\u0103 din partea Funda\u0163iei, din 1990 \u015fi p\u00e2n\u0103 \u00een prezent.<\/p>\n<p><strong>\u00a0<\/strong><\/p>\n<p>&nbsp;<\/p>\n","protected":false},"excerpt":{"rendered":"<p>Bucure\u0219ti, 13 februarie 2018 \u2013 36 de arti\u015fti plastici \u015fi muzicieni, elevi \u015fi studen\u021bi care studiaz\u0103 \u00een Bucure\u0219ti, Cluj Napoca, Craiova, Constan\u021ba, Ia\u0219i, Suceava, Oradea, T\u00eergu Mure\u0219 \u0219i Timi\u0219oara au primit din partea Funda\u021biei Principesa Margareta a Rom\u00e2niei sprijin const\u00e2nd \u00een burse, sesiuni de mentorat&#8230;<\/p>\n","protected":false},"author":7,"featured_media":17896,"comment_status":"closed","ping_status":"closed","sticky":false,"template":"","format":"standard","meta":[],"categories":[163],"tags":[169,201,168,170,167,215],"_links":{"self":[{"href":"https:\/\/www.tineretalente.org\/index.php\/wp-json\/wp\/v2\/posts\/17892"}],"collection":[{"href":"https:\/\/www.tineretalente.org\/index.php\/wp-json\/wp\/v2\/posts"}],"about":[{"href":"https:\/\/www.tineretalente.org\/index.php\/wp-json\/wp\/v2\/types\/post"}],"author":[{"embeddable":true,"href":"https:\/\/www.tineretalente.org\/index.php\/wp-json\/wp\/v2\/users\/7"}],"replies":[{"embeddable":true,"href":"https:\/\/www.tineretalente.org\/index.php\/wp-json\/wp\/v2\/comments?post=17892"}],"version-history":[{"count":4,"href":"https:\/\/www.tineretalente.org\/index.php\/wp-json\/wp\/v2\/posts\/17892\/revisions"}],"predecessor-version":[{"id":17911,"href":"https:\/\/www.tineretalente.org\/index.php\/wp-json\/wp\/v2\/posts\/17892\/revisions\/17911"}],"wp:featuredmedia":[{"embeddable":true,"href":"https:\/\/www.tineretalente.org\/index.php\/wp-json\/wp\/v2\/media\/17896"}],"wp:attachment":[{"href":"https:\/\/www.tineretalente.org\/index.php\/wp-json\/wp\/v2\/media?parent=17892"}],"wp:term":[{"taxonomy":"category","embeddable":true,"href":"https:\/\/www.tineretalente.org\/index.php\/wp-json\/wp\/v2\/categories?post=17892"},{"taxonomy":"post_tag","embeddable":true,"href":"https:\/\/www.tineretalente.org\/index.php\/wp-json\/wp\/v2\/tags?post=17892"}],"curies":[{"name":"wp","href":"https:\/\/api.w.org\/{rel}","templated":true}]}}