{"id":17902,"date":"2018-02-19T11:12:34","date_gmt":"2018-02-19T09:12:34","guid":{"rendered":"http:\/\/www.tineretalente.org\/?p=17902"},"modified":"2018-04-19T10:57:36","modified_gmt":"2018-04-19T08:57:36","slug":"programul-tinere-talente-rezultatele-selectiei-2018","status":"publish","type":"post","link":"https:\/\/www.tineretalente.org\/index.php\/2018\/02\/19\/programul-tinere-talente-rezultatele-selectiei-2018\/","title":{"rendered":"Programul Tinere Talente \u2013 rezultatele selec\u021biei 2018"},"content":{"rendered":"<p>Funda\u021bia Regal\u0103 Margareta a Rom\u00e2niei d\u0103 startul celei de-a 11-a edi\u021bii a programului na\u021bional <em>Tinere Talente,<\/em> cu o nou\u0103 genera\u021bie de 30 de bursieri muzicieni \u0219i arti\u0219ti plastici. Programul <em>Tinere Talente<\/em> sus\u021bine \u0219i promoveaz\u0103 tineri arti\u0219ti talenta\u021bi din familii modeste, pentru ca ace\u0219tia s\u0103 aib\u0103 posibilitata de a-\u0219i dezvolta poten\u021bialul \u0219i exprima talentul. Bursele <em>Tinere Talente<\/em> se acord\u0103 pe perioada unui an calendaristic \u0219i permit tinerilor arti\u0219ti s\u0103 \u00ee\u015fi cumpere materiale \u015fi instrumente, s\u0103 participe la concursuri, concerte, expozi\u0163ii \u015fi cursuri de specializare \u00een Rom\u00e2nia \u015fi \u00een str\u0103in\u0103tate.<\/p>\n<p>Un num\u0103r de 30 de tineri arti\u0219ti au fost selecta\u021bi ca bursieri <em>Tinere Talente<\/em> \u00een 2018, \u00een urma unei selec\u021bii na\u021bionale care a avut loc \u00een lunile decembrie \u0219i ianuarie, jurizarea fiind realizat\u0103 de prestigio\u0219i oameni de art\u0103 \u0219i cultur\u0103.<\/p>\n<p><strong>Juriul Tinere Talente 2018:<\/strong><br \/>\n<strong>La sec\u021biunea <em>Muzic\u0103<\/em>:<\/strong> dirijorul Tiberiu Soare, violonistul Rafael Butaru, tenorul Teodor Ilinc\u0103i, pianistul Iulian Ochescu \u0219i trombonistul Forin Pane.<\/p>\n<p><strong>La sec\u021biunea <em>Arte plastice<\/em>:<\/strong> artistul vizual Ileana Dana Marinescu, Dr. Prof. Univ. Unda Popp, sculptorul Virgil Scripcariu, designerul Renault Raluca Pantis, grafic designerul IBM Simona Timofei.<\/p>\n<p><strong>Bursieri Muzic\u0103:<\/strong><\/p>\n<p><strong>Antoneac Sebastian<\/strong>, 19 ani, Universitatea Na\u021bional\u0103 de Muzic\u0103 Bucure\u0219ti, specializarea Clarinet;<br \/>\n<strong>Banta\u0219 Sandu<\/strong>, 22 ani, Universitatea Na\u021bional\u0103 de Arte \u201eGeorge Enescu\u201e Ia\u0219i, specializarea Compozi\u021bie;<br \/>\n<strong>Borodin Constantin<\/strong>, 22 ani, Universitatea Na\u0163ional\u0103 de Muzic\u0103 Bucure\u015fti, specializarea Violoncel;<br \/>\n<strong>Ciobanu Tudor George<\/strong>,16 ani, Liceul de Arte \u201eVictor Brauner\u201d Piatra Neam\u021b, specializarea Percu\u021bie;<br \/>\n<strong>Diaconu Ionu\u021b Gabriel<\/strong>, 19 ani, Universitatea Na\u021bional\u0103 de Muzic\u0103 Bucure\u0219ti, specializarea Pian;<br \/>\n<strong>Dobrovicescu S\u00e2nziana<\/strong>, 23 ani, Universitatea Na\u021bional\u0103 de Muzic\u0103 Bucure\u0219ti, specializarea Compozi\u021bie;<br \/>\n<strong>Dumitru Maria Georgiana<\/strong>, 20 ani, Universitatea Na\u021bional\u0103 de Muzic\u0103 Bucure\u0219ti, specializarea Canto;<br \/>\n<strong>Forog\u0103u Estera Damaris<\/strong>, 14 ani, Colegiul de muzic\u0103 \u201dSigismund Todu\u021b\u0103\u201d, specializarea Pian;<br \/>\n<strong>Gherasim Daniel Robert<\/strong>, 15 ani, Colegiul Na\u021bional de Art\u0103 \u201e Octav B\u0103ncil\u0103\u201d Ia\u0219i, specializarea Vioar\u0103<br \/>\n<strong>Ionescu Teodora<\/strong>, 19 ani, Colegiul Na\u021bional de Muzic\u0103 \u201eGeorge Enescu\u201d, specializarea Flaut;<br \/>\n<strong>Iordache Sabin<\/strong>, 19 ani, Colegiul Na\u021bional de Muzic\u0103 \u201eGeorge Enescu\u201d, specializarea Oboi<br \/>\n<strong>Iordache Lucia Cristina<\/strong>, 21 ani, Universitatea Na\u021bional\u0103 de Muzic\u0103 Bucure\u0219ti, specializarea Pian;<br \/>\n<strong>Laz\u0103r Marcel<\/strong>, 24 ani, Universitatea Na\u021bional\u0103 de Muzic\u0103 Bucure\u0219ti, specializarea Pian;<br \/>\n<strong>St\u0103nescu Violeta Isabela<\/strong>, 17 ani, Liceul de Arte \u201eVictor Brauner\u201d Piatra Neamt, specializarea Canto;<br \/>\n<strong>Rusu Mihaela<\/strong>, 23 ani, Universitatea Na\u021bional\u0103 de Arte \u201eGeorge Enescu\u201d Ia\u0219i, specializarea Muzicologie;<\/p>\n<p><strong>Bursieri Arte plastice: <\/strong><\/p>\n<p><strong>Anghel \u0218tefan<\/strong>, 21 ani, Universitatea Na\u0163ional\u0103 de Arte Bucure\u015fti, sec\u0163ia Grafic\u0103 ;<br \/>\n<strong>Botnari Mihail<\/strong>, 22 sni, Universitatea Na\u021bional\u0103 de Arte Bucure\u0219ti, sec\u021bia Sculptur\u0103;<br \/>\n<strong>Chiriac Emanuel<\/strong>, 24 ani, Universitatea de Arte \u201eGeorge Enescu\u201d Ia\u0219i, sec\u021bia Sculptur\u0103;<br \/>\n<strong>Cristurean Diana Damaris<\/strong>, 18 ani, Liceul de Arte Vizuale \u201eRomulus Ladea\u201d Cluj Napoca, sec\u021bia Pictur\u0103;<br \/>\n<strong>Cucuietu Doru<\/strong>, 20 ani, Universitatea Na\u021bional\u0103 de Arte Bucure\u0219ti, sec\u021bia Foto-Video;<br \/>\n<strong>Florea Alexandru Daniel<\/strong>, 21 ani, Universitatea Na\u0163ional\u0103 de Arte Bucure\u015fti, sec\u0163ia Grafic\u0103;<br \/>\n<strong>Gudin\u0103 Mara<\/strong>, 22 ani, Universitatea Na\u0163ional\u0103 de Arte Bucure\u015fti, sec\u0163ia Grafic\u0103;<br \/>\n<strong>Lungu Ailenei Andrei<\/strong>, 16 ani, Liceul de Arte \u201eVictor Brauner\u201d, Piatra Neam\u021b, sec\u021biunea Pictur\u0103<strong><br \/>\nMalearciuc Maxim<\/strong>, 20 ani, Universitatea de Arte \u201eGeorge Enescu\u201d Ia\u0219i, sec\u021bia Pictur\u0103;<br \/>\n<strong>Marin Tincu\u021ba<\/strong>, 22 ani, Universitatea de Art\u0103 \u0219i Design Cluj Napoca, sec\u021bia Pictur\u0103;<br \/>\n<strong>P\u0103noiu Iulia<\/strong>, 20 ani, Universitatea Na\u021bional\u0103 de Arte Bucure\u0219ti, sec\u021bia Grafic\u0103;<br \/>\n<strong>Piscureanu Ionu\u021b Florentin<\/strong>, 20 ani, Universitatea de Vest din Timi\u015foara, sec\u0163ia Design;<br \/>\n<strong>Rusu Ovidiu George<\/strong>, 19 ani, Universitatea Na\u021bional\u0103 de Arte Bucure\u0219ti, sec\u021bia Art\u0103 Mural\u0103;<br \/>\n<strong>Saghin Ovidiu George<\/strong>, 19 ani, Liceul de Arta \u201e Gh. Tattarescu\u201d Foc\u0219ani, sec\u021bia Pictur\u0103;<br \/>\n<strong>\u021ao\u021ba Maria Ilinca<\/strong>, 14 ani, Liceul de Arte Plastice \u201cNicolae Tonitza\u201d Bucure\u0219ti, sec\u021bia Pictur\u0103<\/p>\n<p><strong>Parteneri Tinere Talente 2018: <\/strong><\/p>\n<p>BRD-Groupe Societe Generale, Kaufland Rom\u00e2nia<\/p>\n<p><strong>Sponsori: <\/strong><\/p>\n<p>Samsung &#8211; Group Renault \u2013 Kultho \u2013 Deutek \u2013 Negro 2000 \u2013 Sofmedica<strong> \u2013<\/strong> Dentos \u2013 \u00a0Hotel Siqua \u2013\u00a0 Residence Hotels &#8211; ISS Facility Services<\/p>\n<p>&nbsp;<\/p>\n<p>&nbsp;<\/p>\n<p>&nbsp;<\/p>\n<p><strong>\u00a0<\/strong><\/p>\n","protected":false},"excerpt":{"rendered":"<p>Funda\u021bia Regal\u0103 Margareta a Rom\u00e2niei d\u0103 startul celei de-a 11-a edi\u021bii a programului na\u021bional Tinere Talente, cu o nou\u0103 genera\u021bie de 30 de bursieri muzicieni \u0219i arti\u0219ti plastici. Programul Tinere Talente sus\u021bine \u0219i promoveaz\u0103 tineri arti\u0219ti talenta\u021bi din familii modeste, pentru ca ace\u0219tia s\u0103 aib\u0103&#8230;<\/p>\n","protected":false},"author":7,"featured_media":17903,"comment_status":"closed","ping_status":"closed","sticky":false,"template":"","format":"standard","meta":[],"categories":[163],"tags":[204,205,203,216,202],"_links":{"self":[{"href":"https:\/\/www.tineretalente.org\/index.php\/wp-json\/wp\/v2\/posts\/17902"}],"collection":[{"href":"https:\/\/www.tineretalente.org\/index.php\/wp-json\/wp\/v2\/posts"}],"about":[{"href":"https:\/\/www.tineretalente.org\/index.php\/wp-json\/wp\/v2\/types\/post"}],"author":[{"embeddable":true,"href":"https:\/\/www.tineretalente.org\/index.php\/wp-json\/wp\/v2\/users\/7"}],"replies":[{"embeddable":true,"href":"https:\/\/www.tineretalente.org\/index.php\/wp-json\/wp\/v2\/comments?post=17902"}],"version-history":[{"count":4,"href":"https:\/\/www.tineretalente.org\/index.php\/wp-json\/wp\/v2\/posts\/17902\/revisions"}],"predecessor-version":[{"id":17909,"href":"https:\/\/www.tineretalente.org\/index.php\/wp-json\/wp\/v2\/posts\/17902\/revisions\/17909"}],"wp:featuredmedia":[{"embeddable":true,"href":"https:\/\/www.tineretalente.org\/index.php\/wp-json\/wp\/v2\/media\/17903"}],"wp:attachment":[{"href":"https:\/\/www.tineretalente.org\/index.php\/wp-json\/wp\/v2\/media?parent=17902"}],"wp:term":[{"taxonomy":"category","embeddable":true,"href":"https:\/\/www.tineretalente.org\/index.php\/wp-json\/wp\/v2\/categories?post=17902"},{"taxonomy":"post_tag","embeddable":true,"href":"https:\/\/www.tineretalente.org\/index.php\/wp-json\/wp\/v2\/tags?post=17902"}],"curies":[{"name":"wp","href":"https:\/\/api.w.org\/{rel}","templated":true}]}}