{"id":17914,"date":"2018-04-19T10:51:35","date_gmt":"2018-04-19T08:51:35","guid":{"rendered":"http:\/\/www.tineretalente.org\/?p=17914"},"modified":"2018-04-19T10:55:51","modified_gmt":"2018-04-19T08:55:51","slug":"o-noua-generatie-de-bursieri-tinere-talente-s-a-prezentat-in-cadrul-evenimentului-identitati-expozitie-si-recital","status":"publish","type":"post","link":"https:\/\/www.tineretalente.org\/index.php\/2018\/04\/19\/o-noua-generatie-de-bursieri-tinere-talente-s-a-prezentat-in-cadrul-evenimentului-identitati-expozitie-si-recital\/","title":{"rendered":"O nou\u0103 genera\u021bie de bursieri Tinere Talente s-a prezentat \u00een cadrul evenimentului IDENTIT\u0102\u0162I \u2013 expozi\u021bie \u0219i recital"},"content":{"rendered":"<p><strong><em>Tinerii<\/em><\/strong><strong><em> arti\u0219ti, selecta\u021bi ca bursieri \u00een cadrul programul Tinere Talente al Funda\u021biei Principesa Margareta a Rom\u00e2niei, s-au prezentat ieri, prin expozi\u021bia \u0219i recitalul Identit\u0103\u021bi, g\u0103zduite la Elite Art Gallery. <\/em><\/strong><\/p>\n<p>Expozi\u021bia \u201cIdentit\u0103\u021bi\u201d este deschis\u0103 publicului larg, \u00een cadrul Elite Art Gallery \u0219i este evenimentul de debut al tinerilor talenta\u021bi \u00een arte vizuale \u0219i muzic\u0103, care au fost selecta\u021bi ca bursieri \u00een cadrul programului, edi\u021bia 2018. Vernisajul expozi\u021biei a avut loc miercuri, 18 aprilie \u0219i a debutat cu un recital de muzic\u0103 clasic\u0103 sus\u021binut de bursierii <em>Tinere Talente<\/em>.<\/p>\n<p>\u00cen cel de-al \u0219aptelea an al evenimentului Identit\u0103\u021bi, bursierii expun lucr\u0103ri din domeniile pictur\u0103, grafic\u0103, sculptur\u0103 sau design vestimentar, pentru a transmite publicului mesajul lor artistic. Expozi\u021bia va fi deschis\u0103 \u00een perioada 18 \u2013 20 aprilie 2018, la Elite Art Gallery din Pia\u0163a Na\u0163iunilor Unite, Nr. 3-5, Bl. B2, Parter, Sector 4, Bucure\u015fti.<\/p>\n<p>\u00cen luna ianuarie a acestui an, Funda\u021bia Regal\u0103 Margareta a Rom\u00e2niei a organizat o selec\u021bie na\u021bional\u0103, adresat\u0103 tinerilor cu v\u00e2rste cuprinse \u00eentre 14 \u0219i 24 de ani, care studiaz\u0103 la liceele \u0219i universit\u0103\u021bile de muzic\u0103 \u0219i arte din toat\u0103 \u021bara. \u00cen urma evalu\u0103rii realizate de c\u0103tre juriul de specialitate, 30 de tineri arti\u0219ti au devenit bursieri ai programului <em>Tinere Talente,<\/em> edi\u021bia 2018.<\/p>\n<p>Programul <em>Tinere Talente<\/em> sus\u021bine \u0219i promoveaz\u0103 arti\u0219ti din familii modeste, care nu \u00ee\u0219i pot dezvolta poten\u021bialul din cauza lipsurilor materiale. Ace\u0219tia vor primi burse individuale de p\u00e2n\u0103 la 2.000 de euro pentru dezvoltare artistic\u0103, pe perioada unui an calendaristic. \u00cen plus, vor avea posibilitatea de a participa la concursuri na\u021bionale \u0219i interna\u021bionale, masterclass-uri \u0219i ateliere, de a achizi\u021biona instrumente \u0219i materiale de lucru. Totodat\u0103, tinerii vor avea ocazia ca, pe tot parcursul anului, s\u0103 se \u00eent\u00e2lneasc\u0103 cu mentori &#8211; arti\u0219ti de renume \u0219i personalit\u0103\u021bi recunoscute \u00een domeniul artistic.<\/p>\n<p>Funda\u021bia Regal\u0103 Margareta a Rom\u00e2niei mul\u021bume\u0219te pentru implicare membrilor juriului care au d\u0103ruit din timpul lor pentru a \u00eei selecta din 100 de candida\u021bi pe cei 30 de bursieri. De asemenea, mul\u021bume\u0219te pentru generozitate partenerilor \u0219i sponsorilor care sus\u021bin financiar programul Tinere Talente, edi\u021bia 2018.<\/p>\n","protected":false},"excerpt":{"rendered":"<p>Tinerii arti\u0219ti, selecta\u021bi ca bursieri \u00een cadrul programul Tinere Talente al Funda\u021biei Principesa Margareta a Rom\u00e2niei, s-au prezentat ieri, prin expozi\u021bia \u0219i recitalul Identit\u0103\u021bi, g\u0103zduite la Elite Art Gallery. Expozi\u021bia \u201cIdentit\u0103\u021bi\u201d este deschis\u0103 publicului larg, \u00een cadrul Elite Art Gallery \u0219i este evenimentul de debut&#8230;<\/p>\n","protected":false},"author":7,"featured_media":17915,"comment_status":"closed","ping_status":"closed","sticky":false,"template":"","format":"standard","meta":[],"categories":[163],"tags":[],"_links":{"self":[{"href":"https:\/\/www.tineretalente.org\/index.php\/wp-json\/wp\/v2\/posts\/17914"}],"collection":[{"href":"https:\/\/www.tineretalente.org\/index.php\/wp-json\/wp\/v2\/posts"}],"about":[{"href":"https:\/\/www.tineretalente.org\/index.php\/wp-json\/wp\/v2\/types\/post"}],"author":[{"embeddable":true,"href":"https:\/\/www.tineretalente.org\/index.php\/wp-json\/wp\/v2\/users\/7"}],"replies":[{"embeddable":true,"href":"https:\/\/www.tineretalente.org\/index.php\/wp-json\/wp\/v2\/comments?post=17914"}],"version-history":[{"count":1,"href":"https:\/\/www.tineretalente.org\/index.php\/wp-json\/wp\/v2\/posts\/17914\/revisions"}],"predecessor-version":[{"id":17916,"href":"https:\/\/www.tineretalente.org\/index.php\/wp-json\/wp\/v2\/posts\/17914\/revisions\/17916"}],"wp:featuredmedia":[{"embeddable":true,"href":"https:\/\/www.tineretalente.org\/index.php\/wp-json\/wp\/v2\/media\/17915"}],"wp:attachment":[{"href":"https:\/\/www.tineretalente.org\/index.php\/wp-json\/wp\/v2\/media?parent=17914"}],"wp:term":[{"taxonomy":"category","embeddable":true,"href":"https:\/\/www.tineretalente.org\/index.php\/wp-json\/wp\/v2\/categories?post=17914"},{"taxonomy":"post_tag","embeddable":true,"href":"https:\/\/www.tineretalente.org\/index.php\/wp-json\/wp\/v2\/tags?post=17914"}],"curies":[{"name":"wp","href":"https:\/\/api.w.org\/{rel}","templated":true}]}}