{"id":18040,"date":"2018-07-30T15:42:24","date_gmt":"2018-07-30T13:42:24","guid":{"rendered":"http:\/\/www.tineretalente.org\/?p=18040"},"modified":"2018-07-30T15:43:51","modified_gmt":"2018-07-30T13:43:51","slug":"masterclass-de-muzica-de-camera-cu-verona-maier","status":"publish","type":"post","link":"https:\/\/www.tineretalente.org\/index.php\/2018\/07\/30\/masterclass-de-muzica-de-camera-cu-verona-maier\/","title":{"rendered":"Masterclass de muzic\u0103 de camer\u0103 cu Verona Maier"},"content":{"rendered":"<div class=\"\" data-block=\"true\" data-editor=\"53b47\" data-offset-key=\"fnrvj-0-0\">\n<div class=\"_1mf _1mj\" data-offset-key=\"fnrvj-0-0\">\u00cen perioada 20-24 Iulie a avut loc masteraclass-ul de muzic\u0103 de camer\u0103, sus\u021binut de Prof. Univ. Dr. Verona Maier,\u00a0 \u00een beneficiul bursierilor Tinere Talente. \u00cen cadrul acestuia, doamna Maier i-a invitat pe tinerii muzicieni c\u0103tre comunicare \u0219i colaborare, i-a \u00eendemnat s\u0103 priveasc\u0103 orele de curs petrecute \u00eempreun\u0103 ca pe un exerci\u021biu de libertate, \u00een care arti\u0219ti \u00ee\u0219i pot exprima pasiunea pentru muzic\u0103, f\u0103r\u0103 a fi constr\u00e2n\u0219i de autoritatea notelor sau de critici.<\/div>\n<div class=\"_1mf _1mj\" data-offset-key=\"fnrvj-0-0\"><\/div>\n<div class=\"_1mf _1mj\" data-offset-key=\"fnrvj-0-0\"><span data-offset-key=\"fnrvj-0-0\"><span data-text=\"true\">Un aspect esen\u021bial a fost faptul c\u0103 doamna Maier\u00a0 le-a oferit tinerilor muzicieni o prezentare evolutiv\u0103 a epocilor componistice, \u00eencep\u00e2nd cu preclasicismul \u0219i finaliz\u00e2nd cu crea\u021bia enescian\u0103. Astfel, bursierii au fost ini\u021bia\u021bi din punct de vedere stilistic, au descoperit aspectele tehnice specifice fiec\u0103rei perioade, integr\u00e2ndu-se, astfel, \u00een spiritul acestor epoci. Mai mult dec\u00e2t at\u00e2t, doamna Maier i-a \u00eendemnat la introspec\u021bie, fiecare participant reflect\u00e2nd la propriile temeri, la modul \u00een care se manifest\u0103 pe scen\u0103. S-a discutat despre dimensiunea uman\u0103 a muzicii, care este \u00een esen\u021b\u0103 un &#8220;dar ce trebuie oferit at\u00e2t publicului, c\u00e2t \u0219i propriei persoane&#8221;.<\/span><\/span><\/div>\n<\/div>\n<div class=\"\" data-block=\"true\" data-editor=\"53b47\" data-offset-key=\"e33ee-0-0\">\n<div class=\"_1mf _1mj\" data-offset-key=\"e33ee-0-0\"><span data-offset-key=\"e33ee-0-0\">\u00a0<\/span><\/div>\n<\/div>\n<div class=\"\" data-block=\"true\" data-editor=\"53b47\" data-offset-key=\"9ugkp-0-0\">\n<div class=\"_1mf _1mj\" data-offset-key=\"9ugkp-0-0\"><span data-offset-key=\"9ugkp-0-0\"><span data-text=\"true\">Masteraclass-ul s-a \u00eencheiat cu un concert de muzic\u0103 de camer\u0103 sus\u021binut de c\u0103tre bursierii Tinere Talente. Ace\u0219tia au interpretat operele compuse de Enescu, Mozart, Ravel, Gaubert, Telemann \u0219i Schumann. <\/span><\/span><\/div>\n<\/div>\n<div class=\"\" data-block=\"true\" data-editor=\"53b47\" data-offset-key=\"be77i-0-0\">\n<div class=\"_1mf _1mj\" data-offset-key=\"be77i-0-0\"><span data-offset-key=\"be77i-0-0\">\u00a0<\/span><\/div>\n<\/div>\n<div class=\"\" data-block=\"true\" data-editor=\"53b47\" data-offset-key=\"chlu8-0-0\">\n<div class=\"_1mf _1mj\" data-offset-key=\"chlu8-0-0\"><span data-offset-key=\"chlu8-0-0\"><span data-text=\"true\">&#8220;Muzica de camer\u0103 a fost principala preocupare \u0219i prilejul evalu\u0103rii sinelui prin ceilal\u021bi. Muzica, cel mai frumos \u0219i subtil mod de a structura, este vectorul unora dintre valorile esen\u021biale ale umanit\u0103\u021bii: generozitatea, echilibrul, respectul.&#8221;, ne-a declarat doamna Maier cu privire la\u00a0 pasiunea sa pentru muzica de camer\u0103 \u0219i la cele 5 zile petrecute al\u0103turi de bursierii Tinere Talente.<\/span><\/span><\/div>\n<\/div>\n<div class=\"\" data-block=\"true\" data-editor=\"53b47\" data-offset-key=\"btb19-0-0\">\n<div class=\"_1mf _1mj\" data-offset-key=\"btb19-0-0\"><span data-offset-key=\"btb19-0-0\">\u00a0<\/span><\/div>\n<\/div>\n<div class=\"\" data-block=\"true\" data-editor=\"53b47\" data-offset-key=\"33isa-0-0\">\n<div class=\"_1mf _1mj\" data-offset-key=\"33isa-0-0\"><span data-offset-key=\"33isa-0-0\"><span data-text=\"true\">Verona Maier este profesor universitar doctor \u0219i prorector la Universitatea Na\u0163ional\u0103 de Muzic\u0103 din Bucure\u015fti. Debutul s\u0103u concertistic, din 1970, a deschis drumul a numeroase concerte \u015fi recitaluri care au avut loc pe scene din Italia, Elve\u0163ia, Fran\u0163a, Grecia si alte \u021b\u0103ri. \u00cen 2004 a fost distins\u0103 de c\u0103tre Pre\u015fedin\u0163ia Rom\u00e2niei cu medalia \u201eMeritul cultural\u201d &#8211; clasa I.<\/span><\/span><\/div>\n<\/div>\n<div class=\"_1mf _1mj\" data-offset-key=\"33isa-0-0\"><\/div>\n<div class=\"_1mf _1mj\" data-offset-key=\"33isa-0-0\"><\/div>\n","protected":false},"excerpt":{"rendered":"<p>\u00cen perioada 20-24 Iulie a avut loc masteraclass-ul de muzic\u0103 de camer\u0103, sus\u021binut de Prof. Univ. Dr. Verona Maier,\u00a0 \u00een beneficiul bursierilor Tinere Talente. \u00cen cadrul acestuia, doamna Maier i-a invitat pe tinerii muzicieni c\u0103tre comunicare \u0219i colaborare, i-a \u00eendemnat s\u0103 priveasc\u0103 orele de curs&#8230;<\/p>\n","protected":false},"author":7,"featured_media":18041,"comment_status":"closed","ping_status":"closed","sticky":false,"template":"","format":"standard","meta":[],"categories":[163],"tags":[],"_links":{"self":[{"href":"https:\/\/www.tineretalente.org\/index.php\/wp-json\/wp\/v2\/posts\/18040"}],"collection":[{"href":"https:\/\/www.tineretalente.org\/index.php\/wp-json\/wp\/v2\/posts"}],"about":[{"href":"https:\/\/www.tineretalente.org\/index.php\/wp-json\/wp\/v2\/types\/post"}],"author":[{"embeddable":true,"href":"https:\/\/www.tineretalente.org\/index.php\/wp-json\/wp\/v2\/users\/7"}],"replies":[{"embeddable":true,"href":"https:\/\/www.tineretalente.org\/index.php\/wp-json\/wp\/v2\/comments?post=18040"}],"version-history":[{"count":1,"href":"https:\/\/www.tineretalente.org\/index.php\/wp-json\/wp\/v2\/posts\/18040\/revisions"}],"predecessor-version":[{"id":18042,"href":"https:\/\/www.tineretalente.org\/index.php\/wp-json\/wp\/v2\/posts\/18040\/revisions\/18042"}],"wp:featuredmedia":[{"embeddable":true,"href":"https:\/\/www.tineretalente.org\/index.php\/wp-json\/wp\/v2\/media\/18041"}],"wp:attachment":[{"href":"https:\/\/www.tineretalente.org\/index.php\/wp-json\/wp\/v2\/media?parent=18040"}],"wp:term":[{"taxonomy":"category","embeddable":true,"href":"https:\/\/www.tineretalente.org\/index.php\/wp-json\/wp\/v2\/categories?post=18040"},{"taxonomy":"post_tag","embeddable":true,"href":"https:\/\/www.tineretalente.org\/index.php\/wp-json\/wp\/v2\/tags?post=18040"}],"curies":[{"name":"wp","href":"https:\/\/api.w.org\/{rel}","templated":true}]}}