{"id":18060,"date":"2018-10-11T14:55:43","date_gmt":"2018-10-11T12:55:43","guid":{"rendered":"http:\/\/www.tineretalente.org\/?p=18060"},"modified":"2018-10-11T14:56:28","modified_gmt":"2018-10-11T12:56:28","slug":"istoria-de-11-ani-a-concertului-regal-caritabil","status":"publish","type":"post","link":"https:\/\/www.tineretalente.org\/index.php\/2018\/10\/11\/istoria-de-11-ani-a-concertului-regal-caritabil\/","title":{"rendered":"Istoria de 11 ani a Concertului Regal Caritabil"},"content":{"rendered":"<p><em>\u201cNu<\/em>\u00a0<em>e de<\/em>\u00a0<em>ajuns ca o \u021bar\u0103 s\u0103 <\/em><em>dea talente; ea trebuie\u00a0<\/em><em>s\u0103<\/em>\u00a0<em>\u0219tie a le \u021bine vii.\u201d<\/em> (Nicolae Iorga)<\/p>\n<p><strong>\u00a0<\/strong><\/p>\n<p>Urm\u00e2nd tradi\u021bia \u00eenceput\u0103 de Carol I \u0219i de Regina Elisabeta prin funda\u021biile regale, continuat\u0103 apoi de Regina Maria \u0219i Carol II, Funda\u021bia Regal\u0103 Margareta a Rom\u00e2niei \u0219i-a asumat misiunea de a sprijini \u0219i promova talentul tinerilor arti\u0219ti rom\u00e2ni.<\/p>\n<p>&nbsp;<\/p>\n<p>Concertul Regal este unul dintre cele mai longevive \u0219i de succes evenimente de str\u00e2ngere de fonduri din Rom\u00e2nia, organizat anual, \u00eencep\u00e2nd din 2008, de c\u0103tre Funda\u021bia Principesa Margareta Rom\u00e2niei, \u00een ziua de 25 octombrie.<\/p>\n<p>&nbsp;<\/p>\n<p>Fiecare edi\u021bie a concertului aniversar a adus pe scena Ateneului Rom\u00e2n cei mai valoro\u0219i muzicieni ai momentului\u00a0\u0219i mari orchestre, \u00een sus\u021binerea tinerilor arti\u0219ti rom\u00e2ni. \u00cen mod tradi\u021bional, timp de zece ani, Concertul Regal Caritabil a avut loc pe 25 octombrie, cu ocazia anivers\u0103rii Regelui Mihai I al Rom\u00e2niei, fondator al Funda\u021biei Principesa Margareta a Rom\u00e2niei al\u0103turi de Majestatea Sa Margareta, Custodele Coroanei rom\u00e2ne. Serile de gal\u0103 s-au bucurat de o prezen\u021b\u0103 remarcabil\u0103\u00a0: peste 800 de invita\u021bi, membri ai Familiilor Regale, membri ai Corpului Diplomatic, demnitari rom\u00e2ni, personalit\u0103\u021bi de cultur\u0103 \u0219i din mediul de afaceri, sponsori \u0219i sus\u021bin\u0103tori ai Funda\u021biei, dar \u0219i de o mediatizare de succes.<\/p>\n<p><strong>\u00a0<\/strong><\/p>\n<p>S-au al\u0103turat acestui prestigios eveniment pianistul Dan Grigore (2008), Orchestra de Camer\u0103 Radio si dirijorul Cristian Mandeal (2009), soprana Nelly Miricioiu, baritonul Yuriy Tsiple \u015fi dirijorul Horia Andreescu (2010), violonistul Remus Azoi\u021bei \u0219i Orchestra Simfonic\u0103 a Filarmonicii &#8220;George Enescu&#8221; \u015fi dirijorul Christian Badea (2011), violonistul Alexandru Tomescu, Ansamblul Stradivarius si dirijorul Gabriel Bebe\u015felea (2012), violonistul Giuliano Carminola \u0219i Ansamblul Stravaganza (2013), pianista Alexandra Dariescu, Orchestra Funda\u0163iei Principesa Margareta a Rom\u00e2niei\u00a0\u0219i dirijorul Tiberiu Soare (2014), tenorul Teodor Ilinc\u0103i (2015), violonistul Roman Kim (2016), iar \u00een\u00a0 anul 2017, la cea de-a zecea edi\u021bie, s-au reunit patru dintre arti\u0219tii care au oferit momente unice \u0219i emo\u021bionante.<\/p>\n<p>&nbsp;<\/p>\n<p>Concertul de gal\u0103 din 2011, \u00een prezen\u021ba Regelui Mihai I \u0219i a multor reprezentan\u021bi ai familiilor regale europene, a \u00eensemnat un moment de referin\u021b\u0103 din istoria acestui prestigios eveniment. Un concert triumfal \u0219i momente de maxim\u0103 emo\u021bie, la \u00eemplinirea v\u00e2rstei de 90 de ani de c\u0103tre Regele Mihai I!\u00a0 Violonistul Remus Azoi\u021bei, <strong>Orchestra Simfonic\u0103 a Filarmonicii &#8220;George Enescu&#8221; \u015fi dirijorul Christian Badea au \u00eenc\u00e2ntat publicul \u0219i criticii muzicali cu <\/strong>un repertoriu dedicat anivers\u0103rii Regelui \u0219i cu o interpretare de excep\u021bie.<\/p>\n<p>&nbsp;<\/p>\n<p>De-a lungul timpului, fondurile str\u00e2nse din sponsoriz\u0103ri \u0219i dona\u021bii la Concertul Regal au \u00eensumat peste 1.300.000 de euro \u0219i au dezvoltat programul na\u021bional <em>Tinere Talente<\/em>. \u00centre companiile care au avut o contribu\u021bie substan\u021bial\u0103 \u0219i constant\u0103 la acest proiect cultural se num\u0103r\u0103 BRD &#8211; Groupe Soci\u00e9t\u00e9 G\u00e9n\u00e9rale, Kaufland Rom\u00e2nia, ISS Facility Services, Funda\u021bia Vodafone Rom\u00e2nia \u0219i Groupe Renault.<\/p>\n<p>&nbsp;<\/p>\n<p>Fiecare edi\u021bie a Concertului Regal a fost transmis\u0103 \u00een direct la tv \u0219i radio, \u00een parteneriat cu TVR \u0219i SRR, iar evenimentul a fost preluat de toate canalele na\u021bionale de \u0219tiri, audien\u021ba dep\u0103\u0219ind anual 5.000.000 de persoane \u0219i 250.000 euro valoare media.<\/p>\n<p>&nbsp;<\/p>\n<p>Programul\u00a0<em>Tinere Talente<\/em>\u00a0este ast\u0103zi recunoscut ca\u00a0<em>Cel mai bun program de Art\u0103<\/em>\u00a0<em>\u0219i Cultur\u0103 din Rom\u00e2nia, laureat <\/em>la Gala Societ\u0103\u021bii Civile. Prin programul <em>Tinere Talente,<\/em> Funda\u021bia asigur\u0103 valorificarea unor talente reale, care altfel ar fi pierdute pentru muzica \u0219i arta mondial\u0103. Au fost acordate peste 280 de burse arti\u0219tilor afla\u021bi la \u00eenceput de drum, care provin din familii cu venituri modeste, iar cu sprijinul mentorilor \u0219i a promov\u0103rii sus\u021binute, ace\u0219tia au reu\u0219it performan\u021be extraordinare pe plan na\u021bional \u0219i interna\u021bional.<\/p>\n<p>&nbsp;<\/p>\n<p>Violoncelistul Andrei Ioni\u021b\u0103, pianistul Mihai Ritivoiu \u0219i compozitorul Sebastian Androne sunt trei dintre fo\u0219tii bursieri ai Funda\u021biei Principesa Margareta a Rom\u00e2niei, laurea\u021bi la prestigioase concursuri interna\u021bionale \u0219i aplauda\u021bi ast\u0103zi pe mari scene ale lumii. \u00cen 2014, a fost \u00eenfiin\u021bat\u0103 <strong>Orchestra Funda\u021biei Principesa Margareta<\/strong>, prin contribu\u021bia dirijorului Tiberiu Soare, care a devenit una dintre cele mai \u00eendr\u0103gite orchestre de tineri muzicieni din Rom\u00e2nia, c\u00e2t \u0219i o prezen\u021b\u0103 spectaculoas\u0103 a fiec\u0103rei edi\u021bii ulterioare a Concertului Regal Caritabil.<\/p>\n<p>&nbsp;<\/p>\n<p>Cea de-a XI-a edi\u021bie a Concertului Regal Caritabil va avea loc pe data de 25 octombrie, pe scena Ateneului Rom\u00e2n. Vor concerta muzicieni de valoare din noua genera\u021bie, care se bucur\u0103 de recunoa\u0219tere interna\u021bional\u0103:\u00a0<strong>violonista Anna Tifu, pianistul Mihai Diaconescu \u0219i dirijorul Constantin Adrian Grigore.<\/strong><strong>\u00a0<\/strong>Evenimentul are loc \u00een prezen\u021ba Familiei Regale a Rom\u00e2niei. Biletele pot fi achizi\u021bionate pe <a href=\"https:\/\/www.fpmr.ro\/concert-regal\">www.fpmr.ro\/concert-regal<\/a> \u0219i pe <a href=\"http:\/\/www.eventbook.ro\">www.eventbook.ro<\/a>.<\/p>\n<p><strong>\u00a0<\/strong><\/p>\n<p>&nbsp;<\/p>\n<p>&nbsp;<\/p>\n<p><strong>\u00a0<\/strong><\/p>\n","protected":false},"excerpt":{"rendered":"<p>\u201cNu\u00a0e de\u00a0ajuns ca o \u021bar\u0103 s\u0103 dea talente; ea trebuie\u00a0s\u0103\u00a0\u0219tie a le \u021bine vii.\u201d (Nicolae Iorga) \u00a0 Urm\u00e2nd tradi\u021bia \u00eenceput\u0103 de Carol I \u0219i de Regina Elisabeta prin funda\u021biile regale, continuat\u0103 apoi de Regina Maria \u0219i Carol II, Funda\u021bia Regal\u0103 Margareta a Rom\u00e2niei \u0219i-a asumat&#8230;<\/p>\n","protected":false},"author":7,"featured_media":18062,"comment_status":"closed","ping_status":"closed","sticky":false,"template":"","format":"standard","meta":[],"categories":[163],"tags":[],"_links":{"self":[{"href":"https:\/\/www.tineretalente.org\/index.php\/wp-json\/wp\/v2\/posts\/18060"}],"collection":[{"href":"https:\/\/www.tineretalente.org\/index.php\/wp-json\/wp\/v2\/posts"}],"about":[{"href":"https:\/\/www.tineretalente.org\/index.php\/wp-json\/wp\/v2\/types\/post"}],"author":[{"embeddable":true,"href":"https:\/\/www.tineretalente.org\/index.php\/wp-json\/wp\/v2\/users\/7"}],"replies":[{"embeddable":true,"href":"https:\/\/www.tineretalente.org\/index.php\/wp-json\/wp\/v2\/comments?post=18060"}],"version-history":[{"count":1,"href":"https:\/\/www.tineretalente.org\/index.php\/wp-json\/wp\/v2\/posts\/18060\/revisions"}],"predecessor-version":[{"id":18063,"href":"https:\/\/www.tineretalente.org\/index.php\/wp-json\/wp\/v2\/posts\/18060\/revisions\/18063"}],"wp:featuredmedia":[{"embeddable":true,"href":"https:\/\/www.tineretalente.org\/index.php\/wp-json\/wp\/v2\/media\/18062"}],"wp:attachment":[{"href":"https:\/\/www.tineretalente.org\/index.php\/wp-json\/wp\/v2\/media?parent=18060"}],"wp:term":[{"taxonomy":"category","embeddable":true,"href":"https:\/\/www.tineretalente.org\/index.php\/wp-json\/wp\/v2\/categories?post=18060"},{"taxonomy":"post_tag","embeddable":true,"href":"https:\/\/www.tineretalente.org\/index.php\/wp-json\/wp\/v2\/tags?post=18060"}],"curies":[{"name":"wp","href":"https:\/\/api.w.org\/{rel}","templated":true}]}}