{"id":18068,"date":"2018-11-01T15:10:39","date_gmt":"2018-11-01T13:10:39","guid":{"rendered":"http:\/\/www.tineretalente.org\/?p=18068"},"modified":"2018-11-01T15:10:39","modified_gmt":"2018-11-01T13:10:39","slug":"mentorat-cu-violonista-anna-tifu-si-dirijorul-constantin-adrian-grigore","status":"publish","type":"post","link":"https:\/\/www.tineretalente.org\/index.php\/2018\/11\/01\/mentorat-cu-violonista-anna-tifu-si-dirijorul-constantin-adrian-grigore\/","title":{"rendered":"Mentorat cu violonista Anna \u021aifu \u0219i dirijorul Constantin Adrian Grigore"},"content":{"rendered":"<p>Bursierii programului Tinere Talente au avut ocazia s\u0103 participe la mentoratul sus\u021binut de violonista Anna \u021aifu \u0219i dirijorul Constantin Adrian Grigore, chiar a doua zi dup\u0103 Concertul Regal. Astfel, cei doi arti\u0219ti au putut \u00eemp\u0103rt\u0103\u0219i bursierilor din experien\u021ba avut\u0103 \u00een cadrul acestui eveniment, dar \u0219i despre lucrurile care i-au ajutat s\u0103 devin\u0103 arti\u0219ti de renume.<\/p>\n<p>N\u0103scut\u0103 la Cagliari, \u00een Italia, Anna \u0162ifu a fost considerat\u0103 copil-minune \u015fi s-a bucurat \u00eenc\u0103 din primii ani de studiu de \u00eendrumarea renumitului violonist Salvatore Accardo. O leag\u0103 foarte multe de \u0163ara noastr\u0103: tat\u0103l ei este rom\u00e2n, ea vine frecvent aici pentru a-\u015fi vizita bunica \u015fi este c\u00e2\u015ftig\u0103toarea edi\u0163iei 2007 a Concursului Interna\u0163ional \u201eGeorge Enescu\u201c.<\/p>\n<p>Constantin Adrian Grigore este unul din membrii fondatori \u0219i dirijorul orchestrei de camer\u0103 Camerata Regal\u0103, cu care a sus\u021binut numeroase concerte \u00een Rom\u00e2nia, dar \u0219i \u00een Albania, Republica Moldova sau Polonia, iar \u00een ianuarie 2016 a fost invitat de c\u0103tre Institutul Cultural Rom\u00e2n, s\u0103 sus\u021bin\u0103 un concert la pupitrul Cameratei Regale, \u00een Mozart Saal din Konzerthaus Viena.<\/p>\n<p>Cei doi arti\u0219ti le-au vorbit tinerilor talenta\u021bi despre emo\u021bii, fric\u0103, bucurie \u0219i atitudinea fa\u021b\u0103 de public. Dirijorul Adrian Grigore m\u0103rturise\u0219te: \u201d \u00cenainte s\u0103 intr\u0103m pe scen\u0103 le spun celor din orchestr\u0103 s\u0103 aib\u0103 z\u00e2mbetul pe buze. Publicul simte imediat starea celui care interpreteaz\u0103.\u201d De asemenea, ace\u0219tia i-au \u00eencurajat pe tinerii arti\u0219ti s\u0103 fie naturali, s\u0103 nu \u00ee\u0219i fac\u0103 un scop din \u00eenfr\u00e2ngerea emo\u021biilor \u0219i s\u0103 fie \u00een\u0219i\u0219i pe scen\u0103. \u201cC\u00e2nd c\u00e2n\u021bi pe scen\u0103, \u00eenve\u021bi s\u0103 controlezi frica, \u00eens\u0103 ea nu dispare niciodat\u0103.\u201d Anna \u021aifu<\/p>\n<p>Vorbind despre drumul pe care cei doi l-au parcurs p\u00e2n\u0103 la succes, ace\u0219tia m\u0103rturisesc faptul c\u0103 nu exist\u0103 perfec\u021biune \u0219i c\u0103 nu \u00ee\u0219i fac a\u0219tept\u0103ri \u00een privin\u021ba concertelor, pentru c\u0103 \u201cmuzica nu-i niciodat\u0103 la fel\u201d. Dirijorul Constantin Adrian Grigore le-a povestit bursierilor c\u00e2teva momente de cump\u0103n\u0103 din cariera sa, dintre care aminte\u0219te faptul c\u0103 a avut parte de mul\u021bi oameni care l-au sus\u021binut, \u00eens\u0103 a \u00eent\u00e2lnit \u0219i oameni care s-au \u00eendoit de el. Astfel, \u00eei \u00eencurajeaz\u0103 pe bursieri s\u0103 nu se opreasc\u0103 atunci c\u00e2nd drumul devine mai greu, s\u0103 se focuseze \u00eentr-o singur\u0103 direc\u021bie \u0219i s\u0103 cread\u0103 \u00een ea. \u201cEu am crezut \u00een dirijat, a\u0219a c\u0103 asta am f\u0103cut.\u201d<\/p>\n<p>\u00centrebat\u0103 care sunt lucrurile care au ajutat-o s\u0103 ajung\u0103 o violonist\u0103 de renume, Anna \u021aifu i-a sf\u0103tuit pe tinerii arti\u0219ti s\u0103 exerseze foarte mult, \u00eens\u0103 s\u0103 \u00ee\u0219i respecte propriul ritm \u0219i s\u0103 participe la c\u00e2t mai multe concursuri, pentru c\u0103 acest lucru le va oferi \u00eencredere \u0219i experien\u021b\u0103. \u00cen ceea ce prive\u0219te studiatul, aceasta le-a oferit un indiciu \u201eDe fiecare dat\u0103 c\u00e2nt o pies\u0103 ca \u0219i cum ar fi prima dat\u0103, chiar dac\u0103 am mai c\u00e2ntat-o de milioane de ori.\u201d<\/p>\n<p>Bursierii au \u00eenv\u0103\u021bat faptul c\u0103 psihologia are importan\u021b\u0103 \u00een via\u021ba unui artist, pentru c\u0103 fiecare are tipul s\u0103u de personalitate \u0219i acest lucru \u00eei poate ajuta s\u0103 colaboreze mai bine at\u00e2t \u00eentr-o orchestr\u0103, c\u00e2t \u0219i \u00een via\u021ba de zi cu zi. \u00cen final, ace\u0219tia au \u00eenv\u0103\u021bat care sunt cele mai importante 3 calit\u0103\u021bi ale unui artist: r\u0103bdarea, perseveren\u021ba \u0219i abilitatea de a comunica cu publicul, de a transmite emo\u021bie prin muzic\u0103 sau art\u0103.<\/p>\n","protected":false},"excerpt":{"rendered":"<p>Bursierii programului Tinere Talente au avut ocazia s\u0103 participe la mentoratul sus\u021binut de violonista Anna \u021aifu \u0219i dirijorul Constantin Adrian Grigore, chiar a doua zi dup\u0103 Concertul Regal. Astfel, cei doi arti\u0219ti au putut \u00eemp\u0103rt\u0103\u0219i bursierilor din experien\u021ba avut\u0103 \u00een cadrul acestui eveniment, dar \u0219i&#8230;<\/p>\n","protected":false},"author":7,"featured_media":18069,"comment_status":"closed","ping_status":"closed","sticky":false,"template":"","format":"standard","meta":[],"categories":[163],"tags":[],"_links":{"self":[{"href":"https:\/\/www.tineretalente.org\/index.php\/wp-json\/wp\/v2\/posts\/18068"}],"collection":[{"href":"https:\/\/www.tineretalente.org\/index.php\/wp-json\/wp\/v2\/posts"}],"about":[{"href":"https:\/\/www.tineretalente.org\/index.php\/wp-json\/wp\/v2\/types\/post"}],"author":[{"embeddable":true,"href":"https:\/\/www.tineretalente.org\/index.php\/wp-json\/wp\/v2\/users\/7"}],"replies":[{"embeddable":true,"href":"https:\/\/www.tineretalente.org\/index.php\/wp-json\/wp\/v2\/comments?post=18068"}],"version-history":[{"count":1,"href":"https:\/\/www.tineretalente.org\/index.php\/wp-json\/wp\/v2\/posts\/18068\/revisions"}],"predecessor-version":[{"id":18070,"href":"https:\/\/www.tineretalente.org\/index.php\/wp-json\/wp\/v2\/posts\/18068\/revisions\/18070"}],"wp:featuredmedia":[{"embeddable":true,"href":"https:\/\/www.tineretalente.org\/index.php\/wp-json\/wp\/v2\/media\/18069"}],"wp:attachment":[{"href":"https:\/\/www.tineretalente.org\/index.php\/wp-json\/wp\/v2\/media?parent=18068"}],"wp:term":[{"taxonomy":"category","embeddable":true,"href":"https:\/\/www.tineretalente.org\/index.php\/wp-json\/wp\/v2\/categories?post=18068"},{"taxonomy":"post_tag","embeddable":true,"href":"https:\/\/www.tineretalente.org\/index.php\/wp-json\/wp\/v2\/tags?post=18068"}],"curies":[{"name":"wp","href":"https:\/\/api.w.org\/{rel}","templated":true}]}}