{"id":18106,"date":"2018-11-15T17:05:37","date_gmt":"2018-11-15T15:05:37","guid":{"rendered":"http:\/\/www.tineretalente.org\/?p=18106"},"modified":"2018-11-15T17:05:37","modified_gmt":"2018-11-15T15:05:37","slug":"arta-contemporana-la-uzina-dacia","status":"publish","type":"post","link":"https:\/\/www.tineretalente.org\/index.php\/2018\/11\/15\/arta-contemporana-la-uzina-dacia\/","title":{"rendered":"ART\u0102 CONTEMPORAN\u0102 LA UZINA DACIA"},"content":{"rendered":"<p><strong>SPECTACOL DE COMPOZI\u021aIE<\/strong><strong> \u0218I <\/strong><strong>CULOARE PE FA\u021aADA UNEIA DINTRE CL\u0102DIRI, CREAT DE BURSIERII PROGRAMULUI TINERE TALENTE<\/strong><\/p>\n<p><strong>Arta \u0219i industria \u0219i-au dat \u00eent\u00e2lnire la uzina Dacia de la Mioveni. Pe platforma industrial\u0103 a fost inaugurat\u0103 o pictur\u0103 mural\u0103 pe una dintre cl\u0103diri, \u00een proximitatea Uzinei Vehicule Dacia. <\/strong><strong>Lucrarea a fost realizat\u0103 de cinci tineri arti\u0219ti rom\u00e2ni, bursiei ai programului Tinere Talente, \u0219i reprezint\u0103 un omagiu adus unora dintre semnatarii de renume mondial ai <\/strong><strong><a href=\"https:\/\/group.renault.com\/en\/our-company\/art-collection\/\">Colec\u021biei de Art\u0103 Contemporan\u0103 Renault<\/a><\/strong><strong>,\u00a0 VASARELY, SOTO \u0219i TIGUELY. <\/strong><strong>La nivel interna\u021bional, colec\u021bia cuprinde 300 de lucr\u0103ri. Acest demers este parte din campania \u201eUzina inspir\u0103 pasiune\u201d, prefa\u021b\u00e2nd totodat\u0103 sus\u021binerea companiei pentru arta contemporan\u0103, a unor ini\u021biative viitoare. <\/strong><\/p>\n<p>&nbsp;<\/p>\n<p><strong>Ionu\u021b \u0218tefan Anghel<\/strong> (23), <strong>Iulia P\u0103noiu<\/strong> (21), <strong>Alexandru Daniel Florea<\/strong> (23), <strong>Mara Gudin\u0103<\/strong> (23) \u0219i <strong>Rusu Ovidiu George<\/strong> (20) sunt stunden\u021bi \u0219i masteranzi la Universitatea Na\u021bional\u0103 de Arte din Bucure\u0219ti \u0219i bursieri ai <a href=\"https:\/\/www.fpmr.ro\/tinere-talente\/\">Funda\u021biei Principesa Margareta a Rom\u00e2niei<\/a>. Timp de o s\u0103pt\u0103m\u00e2n\u0103 s-au mutat la Mioveni \u0219i au acceptat provocarea <a href=\"https:\/\/www.gruprenault.ro\/fundatia-groupe-renault-romania\/acces-la-arta-si-cultura\">Groupe Renault Rom\u00e2nia<\/a>, aceea de a da fr\u00e2u liber imagina\u021biei, creativit\u0103\u021bii \u0219i expresiei cromatice. Au recreat un perete al unei cl\u0103diri de birouri situate pe platforma industrial\u0103 Dacia, l\u00e2ng\u0103 departamentul Montaj al Uzinei Vehicule, aflat\u0103 \u00eentr-o zon\u0103 cu trafic intens, astfel \u00eenc\u00e2t s\u0103 poat\u0103 fi vizualizat\u0103 de c\u00e2t mai mul\u021bi angaja\u021bi. Titlul lucr\u0103rii este inspirat de crea\u021biile a trei arti\u0219ti interna\u021bionali: \u201eOmagiu pentru Vasarely, Soto \u0219i Tiguely\u201d.<\/p>\n<p>&nbsp;<\/p>\n<p>\u201e<em>Ini\u021bial, am avut o list\u0103 de 5-6 arti\u0219ti, dintre care trei se potriveau foarte bine cu stilul minimalist-geometric pe care \u00eel aveam \u00een minte pentru mural\u0103. Iar ei au fost: Soto, Tinguely \u0219i Vasarely. Elementele din lucr\u0103rile lor m-au ajutat la crearea layout-ului picturii murale. Marea miz\u0103 a fost s\u0103 surprind esen\u021ba fiec\u0103rui artist \u00een parte \u0219i, \u00een egal\u0103 m\u0103sur\u0103, s\u0103 reu\u0219esc s\u0103 le aduc \u00een acela\u0219i loc, s\u0103 se potriveasc\u0103 compozi\u021bional, cromatic \u0219i cu tema lucrat\u0103 \u00eempreun\u0103 cu cei de la Groupe Renault Rom\u00e2nia<\/em>\u201d, a declarat Ionu\u021b \u0218tefan Anghel, unul dintre arti\u0219ti.<\/p>\n<p>&nbsp;<\/p>\n<p>Vernisajul picturii murale a avut loc mar\u021bi, 13 noiembrie, la Mioveni. La eveniment au participat al\u0103turi de realizatorii lucr\u0103rii, <strong>Sile Fulga &#8211; director<\/strong> <strong>Fabrica\u021bie Uzina Vehicule, Adina Ionescu &#8211; director de Comunicare \u0219i Responsabilitate social\u0103, Mugurel M\u0103rg\u0103rit &#8211; director executiv al Funda\u021biei Principesa Margareta a Rom\u00e2niei, Ioana\u00a0 Petrea, director de comunicare \u0219i atragere fonduri al Funda\u021biei Principesa Margareta a Rom\u00e2niei , precum \u0219i jurnali\u0219ti, angaja\u021bi ai uzinei \u0219i echipa de proiect. <\/strong><\/p>\n<p><strong>\u00a0<\/strong><\/p>\n<p><strong>In 2017, arti\u0219tii bursieri ai programului Tinere Talente au realizat o instala\u021bie de art\u0103 din piese de motor pe care le-au v\u0103zut \u00een procesele de fabrica\u021bie la Uzina Mecanic\u0103 \u0219i \u0218asiuri Dacia, tot ca parte a campaniei \u201eUzina inspir\u0103 pasiune&#8221;.<\/strong><\/p>\n<p>&nbsp;<\/p>\n<p><strong>\u00a0<\/strong><\/p>\n","protected":false},"excerpt":{"rendered":"<p>SPECTACOL DE COMPOZI\u021aIE \u0218I CULOARE PE FA\u021aADA UNEIA DINTRE CL\u0102DIRI, CREAT DE BURSIERII PROGRAMULUI TINERE TALENTE Arta \u0219i industria \u0219i-au dat \u00eent\u00e2lnire la uzina Dacia de la Mioveni. Pe platforma industrial\u0103 a fost inaugurat\u0103 o pictur\u0103 mural\u0103 pe una dintre cl\u0103diri, \u00een proximitatea Uzinei Vehicule&#8230;<\/p>\n","protected":false},"author":7,"featured_media":18109,"comment_status":"closed","ping_status":"closed","sticky":false,"template":"","format":"standard","meta":[],"categories":[163],"tags":[],"_links":{"self":[{"href":"https:\/\/www.tineretalente.org\/index.php\/wp-json\/wp\/v2\/posts\/18106"}],"collection":[{"href":"https:\/\/www.tineretalente.org\/index.php\/wp-json\/wp\/v2\/posts"}],"about":[{"href":"https:\/\/www.tineretalente.org\/index.php\/wp-json\/wp\/v2\/types\/post"}],"author":[{"embeddable":true,"href":"https:\/\/www.tineretalente.org\/index.php\/wp-json\/wp\/v2\/users\/7"}],"replies":[{"embeddable":true,"href":"https:\/\/www.tineretalente.org\/index.php\/wp-json\/wp\/v2\/comments?post=18106"}],"version-history":[{"count":2,"href":"https:\/\/www.tineretalente.org\/index.php\/wp-json\/wp\/v2\/posts\/18106\/revisions"}],"predecessor-version":[{"id":18110,"href":"https:\/\/www.tineretalente.org\/index.php\/wp-json\/wp\/v2\/posts\/18106\/revisions\/18110"}],"wp:featuredmedia":[{"embeddable":true,"href":"https:\/\/www.tineretalente.org\/index.php\/wp-json\/wp\/v2\/media\/18109"}],"wp:attachment":[{"href":"https:\/\/www.tineretalente.org\/index.php\/wp-json\/wp\/v2\/media?parent=18106"}],"wp:term":[{"taxonomy":"category","embeddable":true,"href":"https:\/\/www.tineretalente.org\/index.php\/wp-json\/wp\/v2\/categories?post=18106"},{"taxonomy":"post_tag","embeddable":true,"href":"https:\/\/www.tineretalente.org\/index.php\/wp-json\/wp\/v2\/tags?post=18106"}],"curies":[{"name":"wp","href":"https:\/\/api.w.org\/{rel}","templated":true}]}}