{"id":18116,"date":"2018-11-26T11:31:33","date_gmt":"2018-11-26T09:31:33","guid":{"rendered":"http:\/\/www.tineretalente.org\/?p=18116"},"modified":"2018-12-19T18:43:45","modified_gmt":"2018-12-19T16:43:45","slug":"selectie-tinere-talente-2019","status":"publish","type":"post","link":"https:\/\/www.tineretalente.org\/index.php\/2018\/11\/26\/selectie-tinere-talente-2019\/","title":{"rendered":"Selec\u021bie pentru Bursele Tinere Talente 2019"},"content":{"rendered":"<p><a href=\"https:\/\/www.tineretalente.org\/wp-content\/uploads\/selectie1.jpg\">\u00a0<\/a><\/p>\n<p>&nbsp;<\/p>\n<p>Funda\u021bia Regal\u0103 Margareta a Rom\u00e2niei lanseaz\u0103 o nou\u0103 selec\u021bie pentru programul de Burse Tinere Talente edi\u021bia 2019, oferind 30 de burse tinerilor muzicieni \u0219i arti\u0219ti plastici, proveni\u021bi din familii cu venituri reduse.<\/p>\n<p>Termenul limit\u0103 al aplica\u021biei este data de <b>7 ianuarie 2019<\/b>.<\/p>\n<p>Candida\u021bii pentru Bursele Tinere Talente 2019 trebuie s\u0103 \u00eendeplineasc\u0103 urm\u0103toarele <strong>criterii de eligibilitate<\/strong>:<\/p>\n<ol>\n<li>s\u0103 aib\u0103 v\u00e2rsta cuprins\u0103 \u00eentre 14 \u0219i 24 de ani.<\/li>\n<li>s\u0103 studieze la liceele sau universit\u0103\u021bile de arte plastice \u0219i muzic\u0103 din Rom\u00e2nia.<\/li>\n<li>s\u0103 provin\u0103 din familii cu venitul de sub 1.400 LEI \/ membru de familie, \u0219i s\u0103 poat\u0103 dovedi c\u0103 nu dispun de mijloace financiare pentru a-\u0219i perfec\u021biona talentul.<\/li>\n<\/ol>\n<p>* Cei care au fost bursieri Tinere Talente de 3 ori p\u00e2n\u0103 acum nu mai pot aplica pentru o nou\u0103 selec\u021bie.<\/p>\n<p><strong>\u00a0 \u00a0 \u00a0Cum aplici pentru Bursa Tinere Talente:<\/strong><\/p>\n<p>Trimite prin e-mail sau prin po\u0219t\u0103, p\u00e2n\u0103 la data de 7 ianuarie 2019, dosarul de candidatur\u0103. Acesta trebuie s\u0103 includ\u0103:<\/p>\n<p><strong>\u00a0 \u00a0 \u00a0<\/strong>1.<strong>Formularul de \u00eenscriere. Pe care \u00eel desc\u0103rca\u021bi de <a href=\"https:\/\/www.tineretalente.org\/wp-content\/uploads\/Formular-de-\u00eenscriere-Programul-Tinere-Talente2.docx\">aici<\/a>.\u00a0<\/strong><\/p>\n<p><strong><em>Formularul<\/em><\/strong><strong><em>\u00a0va fi \u00eenso\u021bit de documente justificative pentru situa\u021bia prezentat\u0103 <\/em><\/strong><em>(adeverin\u021b\u0103 de venit sau flutura\u0219 de salariu sau copie talon de pensie pentru to\u021bi membrii familiei care au venituri). P<\/em><em>entru membrii familiei care nu au venit dar au peste 18 ani ani \u0219i nu sunt \u00eenscri\u0219i \u00eentr-o form\u0103 de \u00eenv\u0103\u021b\u0103m\u00e2nt, ata\u0219a\u021bi <\/em><em>ad<\/em><em>everin\u021ba de la administra\u021bia financiar\u0103 din care s\u0103 reias\u0103 c\u0103 nu au niciun venit. Aceste documente justificative se ata\u0219eaz\u0103 pentru p\u0103rin\u021bi, bunici \u0219i fra\u021bi.<\/em><\/p>\n<ol start=\"2\">\n<li><strong> Curriculum vitae.<\/strong> \u00cen acesta vor fi men\u021bionate concursurile la care a participat candidatul, diplome \u0219i premii ob\u021binute, date de contact (e-mail \u0219i telefon).<\/li>\n<li><strong> O scrisoare de recomandare din partea unui profesor de specialitate<\/strong> &#8211; va face referire la calit\u0103\u021bile artistice \u0219i cele umane ale candidatului (de exemplu: perseveren\u021b\u0103, dedica\u021bie, punctualitate, respect fa\u021b\u0103 de ceilal\u021bi, etc.).<\/li>\n<li><strong>Carnet\/Adeverin\u021b\u0103 de elev\/student<\/strong> (vizate pentru 2018-2019)<\/li>\n<li><strong>Scrisoare de inten\u021bie<\/strong><\/li>\n<li><strong> Copie act de identitate buletin\/carte de identitate sau certificat de na\u0219tere.<\/strong><\/li>\n<li><strong>Acord prelucrare date personale<\/strong> pe care \u00eel po\u021bi desc\u0103rca de <a href=\"https:\/\/www.tineretalente.org\/wp-content\/uploads\/GDPR.docx\">aici<\/a>.<\/li>\n<\/ol>\n<p><strong>\u00a0 \u00a0<\/strong><\/p>\n<p><strong>Ce oferim bursierilor Tinere Talente<\/strong><\/p>\n<p><strong><em>\u00a0 \u00a0\u00cen domeniul muzicii<\/em><\/strong><\/p>\n<ul>\n<li>Masterclass muzic\u0103 de camer\u0103: organizat \u00een perioada 20 \u2013 24 februarie 2019, coordonat de Univ. Dr. Verona Maier, finalizat cu un concert.<\/li>\n<li>Masterclass canto: organizat \u00een perioada 18 \u2013 21 martie 2019, coordonat de tenorul Teodor Ilinc\u0103i, finalizat cu un concert.<\/li>\n<li>Oportunitatea de a face parte din orchestre renumite \u0219i de a sus\u021bine concerte.<\/li>\n<li>Workshop de comunicare.<\/li>\n<\/ul>\n<p><strong><em>\u00a0<\/em><\/strong><\/p>\n<p><strong><em> \u00cen domeniul artelor vizuale <\/em><\/strong><\/p>\n<ul>\n<li>Atelier \u201cMecanismul galeriei de art\u0103\u201d cu durata de 4 zile. Atelierul se finalizeaz\u0103 cu o expozi\u021bie de grup.<\/li>\n<li>Workshop \u00een atelier de artist<\/li>\n<li>Atelier de prelucrare grafic\u0103<\/li>\n<li>Workshop de comunicare<\/li>\n<li>Vizite ghidate la muzee de art\u0103 \u0219i case de arti\u0219ti.<\/li>\n<\/ul>\n<p><strong>\u00a0<\/strong><\/p>\n<p><strong> Tuturor bursierilor la sec\u021biunea Muzic\u0103 &amp; Arte vizuale <\/strong><\/p>\n<ul>\n<li>Evaluarea talentului \u0219i a poten\u021bialului artistic, realizat de c\u0103tre un juriu format din personalit\u0103\u021bi din lumea artei<\/li>\n<li>6 sesiuni de mentorat cu arti\u0219ti de renume<\/li>\n<li>6 ateliere de dezvoltare personal\u0103<\/li>\n<li>Tab\u0103r\u0103 de crea\u021bie<\/li>\n<li>2 evenimente de\u00a0 promovare: Identit\u0103\u021bi , Gala Tinere Talente<\/li>\n<\/ul>\n<p>&nbsp;<\/p>\n<p><strong>\u00a0 Etapele procesului de selec\u021bie:<\/strong><\/p>\n<p>Trimiterea dosarului de candidatur\u0103 \u2013 p\u00e2n\u0103 la data de 7 ianuarie 2019.<\/p>\n<p>Preselec\u021bia: analiza dosarelor, realizat\u0103 de echipa proiectului \u2013 p\u00e2n\u0103 la data de 10 ianuarie 2019.<\/p>\n<p>Selec\u021bia \u00a0const\u0103 \u00een audi\u021bie sau prezentarea portofoliului, \u00een func\u021bie de domeniul artistic \u0219i este\u00a0realizat\u0103 de c\u0103tre un juriu de specialitate<strong>. \u00a0Data \u0219i alte detalii privind \u00a0selec\u021bia realizat\u0103 de juriu \u00a0vor fi comunicate pe e-mail\u00a0candida\u021bilor eligibili.\u00a0<\/strong><\/p>\n<p><strong>Dosarul complet<\/strong> se trimite p\u00e2n\u0103 la data de 7 ianuarie 2019 (data po\u0219tei). \u00cen aten\u021bia doamnei Gabriela Iordache, coordonator program Tinere Talente. Prin e-mail la adresa Tineretalente@principesa.ro &#8211; documentele originale se trimit scanate sau prin po\u0219t\u0103, pe adresa Funda\u021biei Principesa Margareta a Rom\u00e2niei, CP 327 &#8211; \u00a0oficiul postal 12, sector 1, Bucure\u0219ti.<\/p>\n<p><strong>Despre Tinere Talente<\/strong><\/p>\n<p>Programul Tinere Talente sus\u021bine \u0219i promoveaz\u0103 tinerii arti\u0219ti din familii cu venituri modeste, care nu-\u0219i pot dezvolta talentul din cauza lipsurilor materiale \u0219i financiare. Bursele Tinere Talente se acord\u0103 pe perioada unui an calendaristic \u0219i permit tinerilor s\u0103 \u00ee\u015fi cumpere materiale \u015fi instrumente \u015fi s\u0103 participe la concursuri, concerte, expozi\u0163ii \u015fi cursuri de specializare \u00een Rom\u00e2nia \u015fi \u00een str\u0103in\u0103tate. De asemenea, Funda\u021bia Regal\u0103 Margareta a Rom\u00e2niei organizeaz\u0103 anual o tab\u0103r\u0103 de crea\u021bie \u0219i o serie de diferite workshop-uri de mentorat artistic.<\/p>\n<p>&nbsp;<\/p>\n<p>&nbsp;<\/p>\n","protected":false},"excerpt":{"rendered":"<p>\u00a0 &nbsp; Funda\u021bia Regal\u0103 Margareta a Rom\u00e2niei lanseaz\u0103 o nou\u0103 selec\u021bie pentru programul de Burse Tinere Talente edi\u021bia 2019, oferind 30 de burse tinerilor muzicieni \u0219i arti\u0219ti plastici, proveni\u021bi din familii cu venituri reduse. Termenul limit\u0103 al aplica\u021biei este data de 7 ianuarie 2019. Candida\u021bii&#8230;<\/p>\n","protected":false},"author":7,"featured_media":18120,"comment_status":"closed","ping_status":"closed","sticky":false,"template":"","format":"standard","meta":[],"categories":[163],"tags":[],"_links":{"self":[{"href":"https:\/\/www.tineretalente.org\/index.php\/wp-json\/wp\/v2\/posts\/18116"}],"collection":[{"href":"https:\/\/www.tineretalente.org\/index.php\/wp-json\/wp\/v2\/posts"}],"about":[{"href":"https:\/\/www.tineretalente.org\/index.php\/wp-json\/wp\/v2\/types\/post"}],"author":[{"embeddable":true,"href":"https:\/\/www.tineretalente.org\/index.php\/wp-json\/wp\/v2\/users\/7"}],"replies":[{"embeddable":true,"href":"https:\/\/www.tineretalente.org\/index.php\/wp-json\/wp\/v2\/comments?post=18116"}],"version-history":[{"count":16,"href":"https:\/\/www.tineretalente.org\/index.php\/wp-json\/wp\/v2\/posts\/18116\/revisions"}],"predecessor-version":[{"id":18160,"href":"https:\/\/www.tineretalente.org\/index.php\/wp-json\/wp\/v2\/posts\/18116\/revisions\/18160"}],"wp:featuredmedia":[{"embeddable":true,"href":"https:\/\/www.tineretalente.org\/index.php\/wp-json\/wp\/v2\/media\/18120"}],"wp:attachment":[{"href":"https:\/\/www.tineretalente.org\/index.php\/wp-json\/wp\/v2\/media?parent=18116"}],"wp:term":[{"taxonomy":"category","embeddable":true,"href":"https:\/\/www.tineretalente.org\/index.php\/wp-json\/wp\/v2\/categories?post=18116"},{"taxonomy":"post_tag","embeddable":true,"href":"https:\/\/www.tineretalente.org\/index.php\/wp-json\/wp\/v2\/tags?post=18116"}],"curies":[{"name":"wp","href":"https:\/\/api.w.org\/{rel}","templated":true}]}}