{"id":18173,"date":"2019-03-04T16:47:38","date_gmt":"2019-03-04T14:47:38","guid":{"rendered":"http:\/\/www.tineretalente.org\/?p=18173"},"modified":"2019-11-06T11:59:37","modified_gmt":"2019-11-06T09:59:37","slug":"programul-tinere-talente-editia-2019-debuteaza-cu-un-mentorat-intergenerational-pentru-tinerii-artisti","status":"publish","type":"post","link":"https:\/\/www.tineretalente.org\/index.php\/2019\/03\/04\/programul-tinere-talente-editia-2019-debuteaza-cu-un-mentorat-intergenerational-pentru-tinerii-artisti\/","title":{"rendered":"Programul Tinere Talente &#8211; edi\u021bia 2019 debuteaz\u0103 cu un mentorat intergenera\u021bional pentru tinerii arti\u0219ti"},"content":{"rendered":"<p>30 de tineri arti\u0219ti din toat\u0103 \u021bara vor beneficia \u0219i anul acesta de sprijin financiar de p\u00e2n\u0103 la 2000 euro, \u00eendrumare \u0219i promovare \u00een cadrul programului na\u021bional Tinere Talente, edi\u021bia 2019. Ace\u0219tia au trecut printr-un proces de selec\u021bie riguros, care a constat \u00een demonstrarea abilit\u0103\u021bilor teoretice \u0219i practice \u00een fa\u021ba unui juriu \u00a0de specialitate, \u00a0dar \u0219i \u00eentrunirea unor criterii sociale.<\/p>\n<p>Prima \u00eent\u00e2lnire a tinerilor a avut loc de cur\u00e2nd, \u00eentr-un cadru non formal, care le-a dat prilejul s\u0103 se cunoasc\u0103, \u00a0dar care totodat\u0103 a avut ca scop stabilirea obiectivelor profesionale pentru anul 2019 \u0219i alc\u0103tuirea unui plan de dezvoltare individual.<\/p>\n<p>Tinerii s-au familiarizat cu specificul \u0219i cerin\u021bele programului Tinere Talente, au fost planificate evenimentele \u0219i activit\u0103\u021bile importante ale acestui an, dintre care pot fi men\u021bionate: evenimentul de debut Identit\u0103\u021bi, tab\u0103ra anual\u0103 de crea\u021bie interactiv\u0103 \u0219i evenimentul de \u00eencheiere, Gala Tinere Talente.<\/p>\n<p>Tot \u00een cadrul acestei prime \u00eent\u00e2lniri, tinerii arti\u0219ti i-au cunoscut pe doi mentori ai programului: artistul vizual Dana Ileana Marinescu \u0219i cornistul Cristian Borcan. Cei doi le-au \u00eemp\u0103rt\u0103\u0219it din vasta lor experien\u021b\u0103, ce i-a ajutat \u00een demersul artistic \u0219i piedici pe care le-au dep\u0103\u0219it prin munc\u0103 \u0219i perseveren\u021b\u0103. Discu\u021bia a fost dinamic\u0103, tinerii adres\u00e2nd \u00eentreb\u0103ri despre dep\u0103\u0219irea emo\u021biilor pe scen\u0103, \u00eencrederea \u00een sine, transpunerea emo\u021biei \u00een lucr\u0103rile de art\u0103 \u0219i despre timpul petrecut la studiul unei partituri sau pentru finalizarea unei lucr\u0103ri de art\u0103.<\/p>\n<p>De asemenea, tinerii arti\u0219ti \u0219i-au putut \u00eembog\u0103\u021bi cultura muzical\u0103, vizion\u00e2nd \u00eempreun\u0103 Concertul Orchestrei Na\u021bionale Radio, dirijat\u0103 de Cristian Mandeal, ce l-a avut ca solist pe violoncelistul \u0218tefan Cazacu. \u00cen ceea ce prive\u0219te cuno\u0219tin\u021bele despre artele vizuale \u0219i istoria artei, ace\u0219tia s-au putut bucura de o vizit\u0103 ghidat\u0103 la Muzeul Na\u021bional de Art\u0103 al Rom\u00e2niei, al\u0103turi de Gabriela Tofan, referent comunicare pe sec\u021bia Educa\u021bie, Comunicare, Proiecte Culturale \u0219i Marketing.<\/p>\n<p>Cele dou\u0103 vizite fac parte dintr-o nou\u0103 direc\u021bie a programului, prin care ne propunem ca, pe l\u00e2ng\u0103 sprijinul material, s\u0103 intensific\u0103m activit\u0103\u021bile de cunoa\u0219tere \u0219i dezvoltare, facilit\u00e2ndu-le tinerilor din program, accesul gratuit la expozi\u021bii, concerte \u0219i spectacole.<\/p>\n<p>&nbsp;<\/p>\n<p>Programul Tinere Talente, aflat la cea de-a 11 edi\u021bie, sus\u021bine \u0219i promoveaz\u0103 tineri arti\u0219ti talenta\u021bi din familii cu venituri mici, care nu-\u0219i pot dezvolta talentul din cauza lipsurilor materiale \u0219i financiare. Peste 1,4 milioane de EURO au fost investi\u021bi \u00een viitorul cultural al Rom\u00e2niei.<\/p>\n","protected":false},"excerpt":{"rendered":"<p>30 de tineri arti\u0219ti din toat\u0103 \u021bara vor beneficia \u0219i anul acesta de sprijin financiar de p\u00e2n\u0103 la 2000 euro, \u00eendrumare \u0219i promovare \u00een cadrul programului na\u021bional Tinere Talente, edi\u021bia 2019. Ace\u0219tia au trecut printr-un proces de selec\u021bie riguros, care a constat \u00een demonstrarea abilit\u0103\u021bilor&#8230;<\/p>\n","protected":false},"author":7,"featured_media":18178,"comment_status":"closed","ping_status":"closed","sticky":false,"template":"","format":"standard","meta":[],"categories":[163],"tags":[],"_links":{"self":[{"href":"https:\/\/www.tineretalente.org\/index.php\/wp-json\/wp\/v2\/posts\/18173"}],"collection":[{"href":"https:\/\/www.tineretalente.org\/index.php\/wp-json\/wp\/v2\/posts"}],"about":[{"href":"https:\/\/www.tineretalente.org\/index.php\/wp-json\/wp\/v2\/types\/post"}],"author":[{"embeddable":true,"href":"https:\/\/www.tineretalente.org\/index.php\/wp-json\/wp\/v2\/users\/7"}],"replies":[{"embeddable":true,"href":"https:\/\/www.tineretalente.org\/index.php\/wp-json\/wp\/v2\/comments?post=18173"}],"version-history":[{"count":1,"href":"https:\/\/www.tineretalente.org\/index.php\/wp-json\/wp\/v2\/posts\/18173\/revisions"}],"predecessor-version":[{"id":18176,"href":"https:\/\/www.tineretalente.org\/index.php\/wp-json\/wp\/v2\/posts\/18173\/revisions\/18176"}],"wp:featuredmedia":[{"embeddable":true,"href":"https:\/\/www.tineretalente.org\/index.php\/wp-json\/wp\/v2\/media\/18178"}],"wp:attachment":[{"href":"https:\/\/www.tineretalente.org\/index.php\/wp-json\/wp\/v2\/media?parent=18173"}],"wp:term":[{"taxonomy":"category","embeddable":true,"href":"https:\/\/www.tineretalente.org\/index.php\/wp-json\/wp\/v2\/categories?post=18173"},{"taxonomy":"post_tag","embeddable":true,"href":"https:\/\/www.tineretalente.org\/index.php\/wp-json\/wp\/v2\/tags?post=18173"}],"curies":[{"name":"wp","href":"https:\/\/api.w.org\/{rel}","templated":true}]}}