{"id":18181,"date":"2019-03-08T12:29:13","date_gmt":"2019-03-08T10:29:13","guid":{"rendered":"http:\/\/www.tineretalente.org\/?p=18181"},"modified":"2019-03-08T12:29:13","modified_gmt":"2019-03-08T10:29:13","slug":"canta-ti-povestea-este-indemnul-violonistului-bogdan-zvoristeanu-pentru-bursierii-prezenti-la-masterclass-ul-programului-tinere-talente","status":"publish","type":"post","link":"https:\/\/www.tineretalente.org\/index.php\/2019\/03\/08\/canta-ti-povestea-este-indemnul-violonistului-bogdan-zvoristeanu-pentru-bursierii-prezenti-la-masterclass-ul-programului-tinere-talente\/","title":{"rendered":"&#8220;C\u00e2nt\u0103-\u021bi povestea!\u201d este \u00eendemnul violonistului Bogdan Zvori\u0219teanu pentru bursierii prezen\u021bi la masterclass-ul programului Tinere Talente"},"content":{"rendered":"<p>Luna martie a \u00eenceput cu un eveniment extrem de apreciat de tinerii violoni\u0219ti ai programului Tinere Talente. Maestrul Bogdan Zvori\u0219teanu, de\u0219i venit \u00een \u021bar\u0103 pentru o scurt\u0103 perioad\u0103 de timp, a ales s\u0103 le fie al\u0103turi bursierilor, cu sfaturi pre\u021bioase, cuvinte de \u00eencurajare \u0219i vaste cuno\u0219tin\u021be despre lumea muzical\u0103. Oana Nedelea, Daniel Gherasim \u0219i Picioru\u0219 Vlad sunt trei dintre tinerii talenta\u021bi ai genera\u021biei 2019, ce studiaz\u0103 vioara \u0219i care au avut ocazia s\u0103 participe la acest masterclass.<\/p>\n<p>Bogdan Zvori\u0219teanu e concertmaestru al renumitei orchestre \u201cSuisse Romande\u201c din Elve\u0163ia \u0219i un violinist de anvergur\u0103. A \u00eenceput s\u0103 studieze vioara la 6 ani, ghidat de tat\u0103l s\u0103u, concertmaestru \u0219i dirijor cunoscut, Radu Zvori\u0219teanu. Valoarea artistic\u0103 incontestabil\u0103 a lui Bogdan Zvori\u0219teanu a fost recunoscut\u0103 prin distinc\u021bii \u0219i trofee la numeroase concursuri interna\u021bionale, precum Festivalul Enescu (Bucure\u0219ti), Tibor Varga (Sion), Leopold Mozart (Ausburg).<\/p>\n<p>\u00cen cadrul cursului, tinerii arti\u0219ti au avut oportunitatea s\u0103 fie ghida\u021bi de c\u0103tre experimentatul violonist \u00een studiul lucr\u0103rilor mai dificile \u0219i s\u0103 \u00ee\u0219i \u00eembun\u0103t\u0103\u021beasc\u0103 tehnica interpretativ\u0103. Tinerii au \u00een\u021beles c\u00e2t de important este s\u0103 se conecteze cu ei \u00een\u0219i\u0219i \u00eenainte de a c\u00e2nta, s\u0103 \u00ee\u0219i proiecteze \u0219i s\u0103 \u00ee\u0219i imagineze sunetele muzicale, apoi s\u0103 pun\u0103 \u00een practic\u0103 ceea ce au cre<span style=\"text-decoration: line-through;\">e<\/span>at \u00een minte.<\/p>\n<p>Pe l\u00e2ng\u0103 informa\u021biile tehnice \u0219i teoretice despre sunet, muzic\u0103 \u0219i vibrato, ace\u0219tia au dezb\u0103tut subiecte sensibile, precum emo\u021bie, generozitate, asumare \u0219i reprezentarea muzicianului prin ceea ce c\u00e2nt\u0103. Celebrul violonist i-a ajutat s\u0103 \u00ee\u0219i \u00een\u021beleag\u0103 mai bine publicul, vorbindu-le despre farmecul muzicii clasice \u0219i despre faptul c\u0103 este f\u0103cut\u0103 s\u0103 propage o stare de calm. Cei care vin la concerte pentru a asculta\u00a0muzic\u0103 clasic\u0103 sunt \u00een\u00a0c\u0103utarea armoniei, a pozitivului, caut\u0103 s\u0103 se recupereze. De asemenea, maestrul i-a \u00eendrumat pe bursieri s\u0103 nu oboseasc\u0103 s\u0103 caute frumosul: tot timpul se poate mai frumos, se g\u0103se\u0219te mai frumos, cu at\u00e2t mai mult \u00een muzic\u0103.<\/p>\n<p>O lec\u021bie important\u0103 pe care au \u00eenv\u0103\u021bat-o tinerii muzicieni este cea legat\u0103 de responsabilitate: \u201c<em>Muzicianul este creator, nu executant, el este responsabil pentru ceea ce creeaz<\/em><em>\u0103<\/em>.\u201d De asemenea,\u00a0responsabilitatea nu trebuie s\u0103 fie o corvoad\u0103, ci o pl\u0103cere, deoarece reprezint\u0103 libertatea de a face \u0219i de a c\u00e2nta.<\/p>\n<p>Despre masterclass, acesta afirm\u0103:<em> \u201cBucuria mea de a <\/em><em>\u00ee<\/em><em>nt\u00e2lni \u0219i de a putea ajuta ace\u0219ti tineri deosebi\u021bi este foarte mare, iar experien\u021ba aceasta m-a \u00eembog\u0103\u021bit nespus de mult. Sunt fericit c\u0103 exista\u021bi pentru ei, iar astfel de evenimente \u00eei pot ajuta s\u0103 dep\u0103\u0219easc\u0103 situa\u021biile grele cu care se confrunt\u0103 \u0219i s\u0103 evolueze c\u0103tre poten\u021bialul maxim<\/em>.\u201d<\/p>\n<p>Pl\u0103cerea de a munci, dorin\u021ba de a \u00eenv\u0103\u021ba \u0219i atitudinea de a fi mereu deschis c\u0103tre lume \u2013 sunt leitmotivele masterclass-ului. Prin valoarea \u0219i personalitatea sa, marele muzician Bogdan Zvori\u0219teanu\u00a0a devenit un model inspira\u021bional pentru bursieri. Pe l\u00e2ng\u0103 c\u00e2\u0219tigurile de ordin profesional, ace\u0219tia p\u0103streaz\u0103 \u00eenc\u0103 vibra\u021bia mesajelor lui: \u201e<em>C\u00e2nt\u0103-\u021bi povestea<\/em>!\u201d \u0219i \u201e<em>Bucur\u0103-te de ceea ce c\u00e2n\u021bi!\u201d.<\/em><\/p>\n","protected":false},"excerpt":{"rendered":"<p>Luna martie a \u00eenceput cu un eveniment extrem de apreciat de tinerii violoni\u0219ti ai programului Tinere Talente. Maestrul Bogdan Zvori\u0219teanu, de\u0219i venit \u00een \u021bar\u0103 pentru o scurt\u0103 perioad\u0103 de timp, a ales s\u0103 le fie al\u0103turi bursierilor, cu sfaturi pre\u021bioase, cuvinte de \u00eencurajare \u0219i vaste&#8230;<\/p>\n","protected":false},"author":7,"featured_media":18183,"comment_status":"closed","ping_status":"closed","sticky":false,"template":"","format":"standard","meta":[],"categories":[163],"tags":[],"_links":{"self":[{"href":"https:\/\/www.tineretalente.org\/index.php\/wp-json\/wp\/v2\/posts\/18181"}],"collection":[{"href":"https:\/\/www.tineretalente.org\/index.php\/wp-json\/wp\/v2\/posts"}],"about":[{"href":"https:\/\/www.tineretalente.org\/index.php\/wp-json\/wp\/v2\/types\/post"}],"author":[{"embeddable":true,"href":"https:\/\/www.tineretalente.org\/index.php\/wp-json\/wp\/v2\/users\/7"}],"replies":[{"embeddable":true,"href":"https:\/\/www.tineretalente.org\/index.php\/wp-json\/wp\/v2\/comments?post=18181"}],"version-history":[{"count":2,"href":"https:\/\/www.tineretalente.org\/index.php\/wp-json\/wp\/v2\/posts\/18181\/revisions"}],"predecessor-version":[{"id":18186,"href":"https:\/\/www.tineretalente.org\/index.php\/wp-json\/wp\/v2\/posts\/18181\/revisions\/18186"}],"wp:featuredmedia":[{"embeddable":true,"href":"https:\/\/www.tineretalente.org\/index.php\/wp-json\/wp\/v2\/media\/18183"}],"wp:attachment":[{"href":"https:\/\/www.tineretalente.org\/index.php\/wp-json\/wp\/v2\/media?parent=18181"}],"wp:term":[{"taxonomy":"category","embeddable":true,"href":"https:\/\/www.tineretalente.org\/index.php\/wp-json\/wp\/v2\/categories?post=18181"},{"taxonomy":"post_tag","embeddable":true,"href":"https:\/\/www.tineretalente.org\/index.php\/wp-json\/wp\/v2\/tags?post=18181"}],"curies":[{"name":"wp","href":"https:\/\/api.w.org\/{rel}","templated":true}]}}