{"id":18198,"date":"2019-04-05T13:20:39","date_gmt":"2019-04-05T11:20:39","guid":{"rendered":"http:\/\/www.tineretalente.org\/?p=18198"},"modified":"2019-04-05T13:20:39","modified_gmt":"2019-04-05T11:20:39","slug":"masterclass-de-canto-sustinut-de-tenorul-teodor-ilincai","status":"publish","type":"post","link":"https:\/\/www.tineretalente.org\/index.php\/2019\/04\/05\/masterclass-de-canto-sustinut-de-tenorul-teodor-ilincai\/","title":{"rendered":"Masterclass de canto sus\u021binut de tenorul Teodor Ilinc\u0103i"},"content":{"rendered":"<p>Marele tenor, Teodor Ilinc\u0103i, a ales s\u0103 fie pentru prima dat\u0103 \u00een ipostaza de profesor, \u00een cadrul masterclass-ului de canto, organizat de Funda\u021bia Regal\u0103 Margareta a Rom\u00e2niei, \u00een perioada 18-21 martie. Cu o vast\u0103 experien\u021b\u0103 \u0219i cu un talent impresionant, Teodor Ilinc\u0103i le-a fost al\u0103turi tinerilor arti\u0219ti, bursieri ai programului Tinere Talente, \u00eemp\u0103rt\u0103\u0219ind din cuno\u0219tin\u021bele sale muzicale,\u00a0acompaniamentul fiind asigurat de cunoscuta pianist\u0103 Liana Mare\u0219.<\/p>\n<p>Teodor Ilinc\u0103i este unul dintre tenorii prezen\u021bi pe marile scene ale lumii, fiind printre cei mai aprecia\u021bi tenori din Rom\u00e2nia \u0219i din Europa. De-a lungul carierei, Teodor Ilinc\u0103i a ad\u0103ugat\u00a0 repertoriului s\u0103u diverse roluri, pe care a fost invitat s\u0103 le interpreteze pe unele dintre cele mai importante scene ale lumii: Monte Carlo, Londra, Hamburg, Viena, Paris, sunt doar c\u00e2teva dintre acestea. \u00cen martie 2016, Teodor Ilinc\u0103i a fost \u00eenvestit de c\u0103tre Custodele Coroanei Rom\u00e2ne ASR Principesa Margareta cu Ordinul Coroana Rom\u00e2niei \u00een grad de Cavaler, prin hot\u0103r\u00e2rea Majest\u0103\u021bii Sale Regele Mihai I al Rom\u00e2niei.<\/p>\n<p>De asemenea, acesta este o fire generoas\u0103 \u0219i \u00eentotdeauna apropiat\u0103 de tineri, gata s\u0103 \u00eentoarc\u0103 \u00eenapoi binele pe care l-a primit la \u00eenceput de carier\u0103. Teodor este un tenor care sus\u021bine recitaluri caritabile \u0219i masterclass-uri f\u0103r\u0103 nicio preten\u021bie financiar\u0103. Acord\u0103 o burs\u0103 \u00een fiecare an \u00een memoria profesorului s\u0103u Corneliu F\u0103n\u0103\u021beanu \u0219i doneaz\u0103 din c\u00e2\u0219tigurile sale pentru programul Tinere Talente. N\u0103scut la F\u0103lticeni, \u00eentr-o familie cu 13 copii a \u00een\u021beles imediat importan\u021ba unui program care acord\u0103 burse, mentorat \u0219i promovare tinerilor din familii cu venituri modeste. Prin Funda\u021bia Regal\u0103 Margareta a Rom\u00e2niei \u0219i programul Tinere Talente i-a cunoscut pe tineri, s-a implicat al\u0103turi de ei, a lucrat \u0219i lucreaz\u0103 cu ei. Este dedicat, \u00eeng\u0103duitor \u0219i capabil s\u0103 recunoasc\u0103 efortul \u0219i s\u0103 ierte gre\u0219eala.<\/p>\n<p>\u00cen cele 3 zile de studiu, tinerii talenta\u021bi au fost ajuta\u021bi s\u0103 \u00ee\u0219i \u00eembun\u0103t\u0103\u021beasc\u0103 at\u00e2t tehnica vocal\u0103, c\u00e2t \u0219i pronun\u021bia, despre care Teodor spune: \u201eDac\u0103 sluje\u0219ti textul cum trebuie, vocea vine de la sine \u0219i notele se a\u0219eaz\u0103 \u00een locul potrivit.\u201d De asemenea, acesta le-a dat sfaturi despre cum s\u0103 evite monotonia, ad\u0103ug\u00e2nd mereu coloratur\u0103 interpret\u0103rii lor \u0219i intr\u00e2nd \u00een povestea operelor pe care le c\u00e2nt\u0103.<\/p>\n<p>Masterclass-ul de canto s-a \u00eencheiat cu un concert sus\u021binut de participan\u021bii la curs, at\u00e2t actuali bursieri, c\u00e2t \u0219i fo\u0219ti bursieri ai programului Tinere Talente. Sopranele Georgiana Dumitru, Elmas Mehmet, Andreea Blidariu, mezzosopranele Adelina Cociobanu, Andreea Grigore, Cosmina Stancu \u0219i tenorul Eusebiu Hu\u021ban au prezentat rezultatele acestui masterclass, printr-un repertoriu de oper\u0103 impresionant. Noutatea acestui concert a constat \u00een transmiterea live 360, pe pagina de facebook a programului Tinere Talente.<\/p>\n","protected":false},"excerpt":{"rendered":"<p>Marele tenor, Teodor Ilinc\u0103i, a ales s\u0103 fie pentru prima dat\u0103 \u00een ipostaza de profesor, \u00een cadrul masterclass-ului de canto, organizat de Funda\u021bia Regal\u0103 Margareta a Rom\u00e2niei, \u00een perioada 18-21 martie. Cu o vast\u0103 experien\u021b\u0103 \u0219i cu un talent impresionant, Teodor Ilinc\u0103i le-a fost al\u0103turi&#8230;<\/p>\n","protected":false},"author":7,"featured_media":18199,"comment_status":"closed","ping_status":"closed","sticky":false,"template":"","format":"standard","meta":[],"categories":[163],"tags":[],"_links":{"self":[{"href":"https:\/\/www.tineretalente.org\/index.php\/wp-json\/wp\/v2\/posts\/18198"}],"collection":[{"href":"https:\/\/www.tineretalente.org\/index.php\/wp-json\/wp\/v2\/posts"}],"about":[{"href":"https:\/\/www.tineretalente.org\/index.php\/wp-json\/wp\/v2\/types\/post"}],"author":[{"embeddable":true,"href":"https:\/\/www.tineretalente.org\/index.php\/wp-json\/wp\/v2\/users\/7"}],"replies":[{"embeddable":true,"href":"https:\/\/www.tineretalente.org\/index.php\/wp-json\/wp\/v2\/comments?post=18198"}],"version-history":[{"count":3,"href":"https:\/\/www.tineretalente.org\/index.php\/wp-json\/wp\/v2\/posts\/18198\/revisions"}],"predecessor-version":[{"id":18202,"href":"https:\/\/www.tineretalente.org\/index.php\/wp-json\/wp\/v2\/posts\/18198\/revisions\/18202"}],"wp:featuredmedia":[{"embeddable":true,"href":"https:\/\/www.tineretalente.org\/index.php\/wp-json\/wp\/v2\/media\/18199"}],"wp:attachment":[{"href":"https:\/\/www.tineretalente.org\/index.php\/wp-json\/wp\/v2\/media?parent=18198"}],"wp:term":[{"taxonomy":"category","embeddable":true,"href":"https:\/\/www.tineretalente.org\/index.php\/wp-json\/wp\/v2\/categories?post=18198"},{"taxonomy":"post_tag","embeddable":true,"href":"https:\/\/www.tineretalente.org\/index.php\/wp-json\/wp\/v2\/tags?post=18198"}],"curies":[{"name":"wp","href":"https:\/\/api.w.org\/{rel}","templated":true}]}}