{"id":18544,"date":"2020-02-25T12:05:40","date_gmt":"2020-02-25T10:05:40","guid":{"rendered":"http:\/\/www.tineretalente.org\/?p=18544"},"modified":"2020-02-25T13:28:09","modified_gmt":"2020-02-25T11:28:09","slug":"bursele-tinere-talente-rezultate-selectie-2020","status":"publish","type":"post","link":"https:\/\/www.tineretalente.org\/index.php\/2020\/02\/25\/bursele-tinere-talente-rezultate-selectie-2020\/","title":{"rendered":"Rezultatele selec\u021biei pentru programul Tinere Talente \u2013 edi\u021bia 2020"},"content":{"rendered":"<p>Cea de-a 13-a edi\u021bie a programului na\u021bional <strong>Tinere Talente<\/strong> debuteaz\u0103 cu o nou\u0103 genera\u021bie de 30 de bursieri &#8211; muzicieni \u0219i arti\u0219ti vizuali. Programul Tinere Talente sus\u021bine \u0219i promoveaz\u0103 tineri arti\u0219ti talenta\u021bi din familii modeste, pentru ca ace\u0219tia s\u0103 aib\u0103 posibilitatea de a-\u0219i dezvolta poten\u021bialul \u0219i de a \u00ee\u0219i exprima talentul. Bursele Tinere Talente se acord\u0103 pe perioada unui an calendaristic \u0219i permit tinerilor arti\u0219ti s\u0103 \u00ee\u015fi cumpere materiale \u015fi instrumente, s\u0103 participe la concursuri, concerte, expozi\u0163ii \u015fi cursuri de specializare \u00een Rom\u00e2nia \u015fi \u00een str\u0103in\u0103tate.<\/p>\n<p>Din cei 30 de tineri arti\u0219ti care vor primi bursa Tinere Talente \u00een 2020, 26 au fost ale\u0219i de c\u0103tre un juriu de specialitate, \u00een urma unei selec\u021bii na\u021bionale care a avut loc \u00een luna ianuarie.\u00a0Acestora li se al\u0103tur\u0103 4 fo\u0219ti bursieri, alumni ai programului, care \u00ee\u0219i vor continua preg\u0103tirea, dar vor avea \u0219i rolul de lideri, \u00eei vor inspira pe noii bursieri \u0219i le vor oferi sfaturi practice din experien\u021ba acumulat\u0103 p\u00e2n\u0103 acum.<\/p>\n<p>Funda\u021bia Regal\u0103 Margareta a Rom\u00e2niei mul\u021bume\u0219te partenerilor \u0219i sponsorilor, care sus\u021bin financiar edi\u021bia Tinere Talente 2020 \u0219i membrilor juriului, care s-au implicat \u00een selec\u021bia bursierilor.<\/p>\n<p><strong>Juriul Tinere Talente 2020<\/strong>:<\/p>\n<p><em><strong>La sec\u021biunea Muzic\u0103<\/strong><\/em><strong>:<\/strong> pianista Verona Maier, dirijorul Tiberiu Soare, soprana Iulia Isaev, percu\u021bionistul Alexandru Matei, violonistul Rafael Butaru \u0219i cornistul Cristian Borcan.<\/p>\n<p><em><strong>La sec\u021biunea Arte plastice<\/strong><\/em><strong>:<\/strong> Ileana Dana Marinescu \u2013 artist vizual, Virgil Scripcariu &#8211; sculptor, Prof. Univ. Dr. Carmen Apetrei, Dimitris Pergamalis &#8211; Head of Construction and Development la Globalworth, R\u0103zvan Vasilescu &#8211; artist vizual cu specializarea mod\u0103.<\/p>\n<p><strong><em>Bursieri Muzic\u0103<\/em><\/strong>:<\/p>\n<p><strong>Cociobanu Adelina<\/strong>, 21 ani, Universitatea Na\u021bional\u0103 de Muzic\u0103 Bucure\u0219ti, Canto<\/p>\n<p><strong>Dumitru Maria-Georgiana<\/strong>, 23 ani, Universitatea Na\u021bional\u0103 de Muzic\u0103 Bucure\u0219ti, Canto<\/p>\n<p><strong>Elisei Cosmin<\/strong>, 23 ani, Universitatea Na\u021bional\u0103 de Muzic\u0103 Bucure\u0219ti, Corn<\/p>\n<p><strong>Florescu Paul<\/strong>, 15 ani, Colegiul Na\u021bional de Arte \u201eRegina Maria\u201d Constan\u021ba, Pian<\/p>\n<p><strong>Ghi\u021b\u0103 Nicolae George<\/strong>, 18 ani, Colegiul Na\u021bional Dinu Lipatti Bucure\u0219ti, Vioar\u0103<\/p>\n<p><strong>Garabajii Sergiu<\/strong>, 22 ani, Academia de Muzic\u0103 \u201eGheroghe Dima\u201d Cluj-Napoca, Canto<\/p>\n<p><strong>Laz\u0103r Otilia Maria<\/strong>, 17 ani, Colegiul Na\u021bional de Art\u0103 \u201eOctav B\u0103ncila\u201d Ia\u0219i, Violoncel<\/p>\n<p><strong>Mi\u021bi\u021bi Daniel<\/strong>, 19 ani, Academia de Muzic\u0103 \u201eGheroghe Dima\u201d Cluj-Napoca, Clarinet<\/p>\n<p><strong>Ni\u021b\u0103 Marius Aram<\/strong>, 17 ani, Colegiul Na\u021bional de Arte \u201eRegina Maria\u201d Constan\u021ba, Pian<\/p>\n<p><strong>Prcsina Fabiani Gabriel Andrei<\/strong>, 17 ani, Colegiul Na\u021bional \u201eDinu Lipatti\u201d Bucure\u0219ti, Pian<\/p>\n<p><strong>Rupa Cristian Emanuel<\/strong>, 17 ani, Colegiul de Art\u0103 \u201eCarmen Sylva\u201d Ploie\u0219ti, Clarinet<\/p>\n<p><strong>St\u0103nescu Isabela<\/strong>, 20\u00a0 ani, Universitatea Na\u021bional\u0103 de Muzic\u0103 Bucure\u0219ti, Canto<\/p>\n<p><strong>Vasile Ana Maria<\/strong>, 15 ani, Colegiul de Art\u0103 \u201eCarmen Sylva\u201d Ploie\u0219ti, Vioar\u0103<\/p>\n<p><em><strong>Bursieri Arte plastice<\/strong><\/em>:<\/p>\n<p><strong>Burtiuc Alexandra Geanina<\/strong>, 24 ani, Universitatea de Art\u0103 \u0219i Design Cluj-Napoca, sec\u021bia Design vestimentar<\/p>\n<p><strong>Greaca Elena Livia<\/strong>, 23 ani, Universitatea Na\u021bional\u0103 de Arte Bucure\u0219ti, sec\u021bia Arte Textile<\/p>\n<p><strong>Greaca Maria Laura<\/strong>, 23 ani, Universitatea Na\u021bional\u0103 de Arte Bucure\u0219ti, sec\u021bia Arte Textile<\/p>\n<p><strong>Ialomi\u021beanu Raluca Ioana<\/strong>, 24 ani, Universitatea Na\u021bional\u0103 de Arte Bucure\u0219ti, sec\u021bia Metal<\/p>\n<p><strong>Lungu-Ailenei Andrei<\/strong>, 19 ani, Liceul de Arte \u201eVictor Brauner\u201d, Piatra-Neam\u021b, sec\u021bia Pictur\u0103<\/p>\n<p><strong>Nem\u021banu Daniela<\/strong>, 20 ani, Universitatea Na\u021bional\u0103 de Arte Bucure\u0219ti, sec\u021bia Grafic\u0103<\/p>\n<p><strong>P\u0103duraru Paul Florin<\/strong>, 24 ani, Universitatea de Art\u0103 \u0219i Design Cluj-Napoca, Sec\u021bia Design vestimentar<\/p>\n<p><strong>Preda Pavel Silviu<\/strong>, 23 ani, Universitatea de Vest din Timi\u0219oara, Sec\u021bia Foto-Video<\/p>\n<p><strong>Roban Claudiu \u0218tefan,<\/strong> 19 ani, Liceul de Arte Plastice \u201eNicolae Tonitza\u201d Bucure\u0219ti, sec\u021bia Pictur\u0103<\/p>\n<p><strong>Rusu Ovidiu George<\/strong>, 21 ani, Universitatea Na\u021bional\u0103 de Arte Bucure\u0219ti, sec\u021bia Art\u0103 Mural\u0103<\/p>\n<p><strong>Scutaru Maria<\/strong>, 16 ani, Colegiul Na\u021bional de Art\u0103 \u201eOctav B\u0103ncil\u0103\u201d Ia\u0219i, sec\u021bia Arte Plastice<\/p>\n<p><strong>Urd\u0103 Andreea Maria<\/strong>, 23 ani, Universitatea de Vest din Timi\u0219oara, sec\u021bia Ceramic\u0103<\/p>\n<p><strong>Vi\u0219ovan Anamaria Mihaela<\/strong>, 22 ani, Universitatea de Vest din Timi\u0219oara, sec\u021bia Design vestimentar<\/p>\n<p><strong><em>Alumni<\/em><\/strong><\/p>\n<p><em><strong>Arte Vizuale <\/strong><\/em><\/p>\n<p><strong>Grigora\u0219 Theodor<\/strong>, 26 ani, Grafic\u0103<\/p>\n<p><strong>Sabina Dragomir<\/strong>, 27 ani, Pictur\u0103<\/p>\n<p><em><strong>Muzic\u0103<\/strong><\/em><\/p>\n<p><strong>Cornelius Zirbo<\/strong>, 22 ani, Violoncel<\/p>\n<p><strong>Ionu\u021b Diaconu<\/strong>, 22 ani, Pian<\/p>\n<p><strong>Parteneri Tinere Talente 2020<\/strong>: Kaufland Rom\u00e2nia, Funda\u021bia Globalworth<\/p>\n<p><strong>Sponsori<\/strong>: Kultho, Groupe Renault, Sofmedica, PPG Romania, Negro 2000, Telus Romania, Enayati Group, Easy Print Services, Residence Hotels,\u00a0Hotel Siqua, Film Experience.<\/p>\n","protected":false},"excerpt":{"rendered":"<p>Cea de-a 13-a edi\u021bie a programului na\u021bional Tinere Talente debuteaz\u0103 cu o nou\u0103 genera\u021bie de 30 de bursieri &#8211; muzicieni \u0219i arti\u0219ti vizuali. Programul Tinere Talente sus\u021bine \u0219i promoveaz\u0103 tineri arti\u0219ti talenta\u021bi din familii modeste, pentru ca ace\u0219tia s\u0103 aib\u0103 posibilitatea de a-\u0219i dezvolta poten\u021bialul&#8230;<\/p>\n","protected":false},"author":7,"featured_media":18552,"comment_status":"closed","ping_status":"closed","sticky":false,"template":"","format":"standard","meta":[],"categories":[163],"tags":[],"_links":{"self":[{"href":"https:\/\/www.tineretalente.org\/index.php\/wp-json\/wp\/v2\/posts\/18544"}],"collection":[{"href":"https:\/\/www.tineretalente.org\/index.php\/wp-json\/wp\/v2\/posts"}],"about":[{"href":"https:\/\/www.tineretalente.org\/index.php\/wp-json\/wp\/v2\/types\/post"}],"author":[{"embeddable":true,"href":"https:\/\/www.tineretalente.org\/index.php\/wp-json\/wp\/v2\/users\/7"}],"replies":[{"embeddable":true,"href":"https:\/\/www.tineretalente.org\/index.php\/wp-json\/wp\/v2\/comments?post=18544"}],"version-history":[{"count":8,"href":"https:\/\/www.tineretalente.org\/index.php\/wp-json\/wp\/v2\/posts\/18544\/revisions"}],"predecessor-version":[{"id":18557,"href":"https:\/\/www.tineretalente.org\/index.php\/wp-json\/wp\/v2\/posts\/18544\/revisions\/18557"}],"wp:featuredmedia":[{"embeddable":true,"href":"https:\/\/www.tineretalente.org\/index.php\/wp-json\/wp\/v2\/media\/18552"}],"wp:attachment":[{"href":"https:\/\/www.tineretalente.org\/index.php\/wp-json\/wp\/v2\/media?parent=18544"}],"wp:term":[{"taxonomy":"category","embeddable":true,"href":"https:\/\/www.tineretalente.org\/index.php\/wp-json\/wp\/v2\/categories?post=18544"},{"taxonomy":"post_tag","embeddable":true,"href":"https:\/\/www.tineretalente.org\/index.php\/wp-json\/wp\/v2\/tags?post=18544"}],"curies":[{"name":"wp","href":"https:\/\/api.w.org\/{rel}","templated":true}]}}