{"id":18709,"date":"2020-10-22T10:23:59","date_gmt":"2020-10-22T08:23:59","guid":{"rendered":"http:\/\/www.tineretalente.org\/?p=18709"},"modified":"2020-10-23T17:04:29","modified_gmt":"2020-10-23T15:04:29","slug":"pe-25-octombrie-in-ziua-traditionalului-concert-regal-caritabil-personalitati-de-elita-din-lumea-artei-si-a-muzicii-clasice-participa-in-campania-romania-are-nevoie-de-arta-dedicata-strangerii-de-f","status":"publish","type":"post","link":"https:\/\/www.tineretalente.org\/index.php\/2020\/10\/22\/pe-25-octombrie-in-ziua-traditionalului-concert-regal-caritabil-personalitati-de-elita-din-lumea-artei-si-a-muzicii-clasice-participa-in-campania-romania-are-nevoie-de-arta-dedicata-strangerii-de-f\/","title":{"rendered":"Pe 25 octombrie, \u00een ziua tradi\u021bionalului Concert Regal caritabil, personalit\u0103\u021bi de elit\u0103 din lumea artei \u0219i a muzicii clasice  particip\u0103 \u00een campania Rom\u00e2nia are nevoie de art\u0103 dedicat\u0103 str\u00e2ngerii de fonduri pentru burse oferite tinerilor arti\u0219ti rom\u00e2ni"},"content":{"rendered":"<p>Bucure\u0219ti, 22 octombrie 2020<\/p>\n<p><strong><em>Pe<\/em><em> 25 octombrie 2020, <\/em><\/strong><strong><em>personalit\u0103\u021bi de renume din lumea din artei \u0219i a muzicii clasice se reunesc \u00een campania \u201eRom\u00e2nia are nevoie de art\u0103\u201d, ini\u021biat\u0103 de Funda\u021bia Regal\u0103 Margareta a Rom\u00e2niei pentru a mobiliza fondurile necesare sus\u021binerii programului na\u021bional Tinere Talente. <\/em><\/strong><strong><em>Rom\u00e2nia pierde \u00een fiecare an zeci de tineri talenta\u021bi, muzicieni \u0219i arti\u0219ti vizuali, care nu au <\/em><\/strong><strong><em>\u0219ansa s\u0103-\u0219i dezvolte \u0219i manifeste talentul<\/em><\/strong><strong><em>.<\/em><\/strong> <strong><em>Publicul poate dona prin SMS cu textul ARTA la 8864, sprijinind astfel, cu 4 Euro lunar, bursele Tinere Talente.<\/em><\/strong><\/p>\n<p>Concertul Regal, un eveniment cartabil cu o istorie de 12 ani, reunea pe scena Ateneului Rom\u00e2n, \u00een ziua de na\u0219tere a Regelui Mihai, pe 25 octombrie, muzicieni rom\u00e2ni de succes interna\u021bional \u0219i mari orchestre, \u00een sus\u021binerea tinerilor arti\u0219ti rom\u00e2ni. <a href=\"https:\/\/www.fpmr.ro\/\">Funda\u021bia Regal\u0103 Margareta a Rom\u00e2niei<\/a>\u00a0continu\u0103 \u0219i \u00een acest an, sub auspiciile pandemiei globale, tradi\u021bia acestuia oferind publicului un alt tip de act artistic. Majestatea Sa Margareta va transmite un mesaj de sus\u021binere, iar o adev\u0103rat\u0103 \u201corchestr\u0103\u201d a personalit\u0103\u021bilor de cultur\u0103 vor sus\u021bine \u00eentr-un glas, chiar de pe scena Ateneului Rom\u00e2n, mesajul \u201c<em>Rom\u00e2nia are nevoie de art\u0103\u201d. <\/em><\/p>\n<p>Muzicieni de elit\u0103 ai scenelor lumii \u2013 soprana Nelly Miricioiu, violonistul Alexandru Tomescu, soprana Felicia Filip, dirijorul Tiberiu Soare, pianista Alexandra Dariescu, tenorul Teodor Ilinc\u0103i, vorbesc despre implicarea lor personal\u0103 \u00een sus\u021binerea viitorului artistic al Rom\u00e2niei \u0219i despre emo\u021bionantele momente al\u0103turi de public cu ocazia Concertelor Regale caritabile, la care au fost protagoni\u0219ti pe scena Ateneului Rom\u00e2n.<\/p>\n<p>Personalit\u0103\u021bi culturale emblematice \u2013 Oana Pellea, Irina Margareta Nistor, \u0218tefan C\u00e2l\u021bia, Corina \u0218uteu \u0219i Andrei Dimitriu ne explic\u0103 rolul esen\u021bial al artei \u00een destinul unei \u021b\u0103ri ca Rom\u00e2nia \u0219i vorbesc despre experien\u021ba lor personal\u0103 al\u0103turi de bursierii <em>Tinere Talente, <\/em>\u00een calitate de mentori \u0219i sus\u021bin\u0103tori ai acestora.<\/p>\n<p>Fo\u0219ti \u0219i actuali bursieri ai Funda\u021biei, muzicieni cu o carier\u0103 artistic\u0103 de succes \u2013 violoncelistul Andrei Ioni\u021b\u0103, compozitorul Sebastian Androne, mezzosoprana Martinina Antonie, violoncelistul Corneliu Z\u00eerbo, violonistul Mircea Dumitrescu \u0219i violoncelista Izabela Ghergu, prezint\u0103 condi\u021biile \u00een care are loc evolu\u021bia unui copil \u00eenzestrat cu talent, sacrificiile \u0219i provoc\u0103rile \u00eentregii familii \u0219i vorbesc despre importan\u021ba crucial\u0103 a sus\u021binerii primite la \u00eenceput de drum, prin burs\u0103, mentorat \u0219i promovare, \u00een cadrul programului na\u021bional <em>Tinere Talente<\/em>.<\/p>\n<p><strong>Mul\u021bi copii talenta\u021bi provin din familii ale c\u0103ror posibilit\u0103\u021bi financiare nu le permit s\u0103-\u0219i dezvolte talentul. Astfel, Rom\u00e2nia pierde \u00een fiecare an zeci de tineri talenta\u021bi, muzicieni \u0219i arti\u0219ti vizuali, care altfel ar putea deveni arti\u0219ti ai lumii. <\/strong>Chiar dac\u0103 harul lor este descoperit, chiar dac\u0103 sunt accepta\u021bi \u00een \u0219coli de arte sau muzic\u0103, tinerii din familii modeste nu au \u0219anse reale de afirmare, din lipsa resurselor sau a \u00eendrum\u0103rii necesare. <strong>Ca r\u0103spuns la aceast\u0103 problem\u0103, Funda\u021bia Regal\u0103 Margareta a Rom\u00e2niei a creat un program na\u021bional pentru a sprijini, \u00eendruma \u0219i promova ace\u0219ti tineri talenta\u021bi pentru a-\u0219i atinge adev\u0103ratul poten\u021bial \u0219i a-\u0219i exprima talentul. <\/strong>Pentru mul\u021bi tineri talenta\u021bi bursa a reprezentat o treapt\u0103 esen\u021bial\u0103 \u00een evolu\u021bia lor, un salt spre o performan\u021b\u0103 imposibil de atins f\u0103r\u0103 resursele financiare \u0219i \u00eendrumarea unor mentori, o adev\u0103rat\u0103 ramp\u0103 de lansare \u00een lumea interna\u021bional\u0103 a artelor.<\/p>\n<p>\u00cen fiecare an, \u00een luna noiembrie este organizat\u0103 o selec\u021bie na\u021bional\u0103, \u00een liceele \u0219i universit\u0103\u021bile de muzic\u0103 \u0219i arte vizuale din Rom\u00e2nia. Candida\u021bii sunt selecta\u021bi pe baza dosarului social, apoi sunt evalua\u021bi de c\u0103tre un prestigios juriu de specialitate, compus din personalit\u0103\u021bi din lumea artei. Peste 350 de burse au fost oferite, \u00eencep\u00e2nd cu 2008, tinerilor cu v\u00e2rsta \u00eentre 14 \u015fi 24 de ani care studiaz\u0103 muzica sau artele vizuale \u00een institu\u021biile voca\u021bionale. Ace\u0219tia au fost ajuta\u021bi s\u0103 dep\u0103\u0219easc\u0103 greut\u0103\u021bile financiare pentru a continua s\u0103-\u0219i exprime valoarea artistic\u0103. Investi\u021bia Funda\u021biei Regale Margareta a Rom\u00e2niei \u00eensumeaz\u0103 1,6 milioane Euro, fonduri atrase prin sponsoriz\u0103ri \u0219i dona\u021bii<strong>. <\/strong>Programul Tinere Talente este ast\u0103zi\u00a0recunoscut ca <em>Cel mai bun program de Art\u0103 \u0219i Cultur\u0103 din Rom\u00e2nia<\/em>, laureat la Gala Societ\u0103\u021bii Civile.<\/p>\n<p><strong>Dona\u021biile realizate prin SMS la 8864 cu textul ART\u0102, \u00een valoare de 4 Euro lunar, vor sprijini bursele <\/strong><a href=\"https:\/\/www.tineretalente.org\/\"><strong><em>Tinere Talente<\/em><\/strong><\/a><strong><em> 2021.<\/em><\/strong><\/p>\n<p><strong>Campania ajunge \u00een aten\u021bia publicului prin emisiunea-eveniment <em>Rom\u00e2nia are nevoie de art\u0103<\/em>, <\/strong><strong>difuzat\u0103 duminic\u0103, pe 25 octombrie, de la ora 18, simultan <\/strong><strong>pe canalele \u00a0TVR1, Radio Rom\u00e2nia Muzical \u0219i Radio Rom\u00e2nia Cultural, \u0219i prin spotul promovat de Magic FM, \u0219i continu\u0103 prin alte apari\u021bii media p\u00e2n\u0103 pe data de 8 noiembrie.<\/strong><\/p>\n<p>Parteneri media: TVR, Radio Rom\u00e2nia Muzical, Radio Rom\u00e2nia Cultural, Magic FM<br \/>\nParteneri corporate: Kaufland Rom\u00e2nia, Funda\u021bia Globalworth<br \/>\nSponsori: Kultho, B&amp;B Collection, PPG Rom\u00e2nia, Negro 2000, Transgaz, Sofmedica, Enayati Medical City,\u00a0 Telus International, Hotel Siqua, Residence Hotels, Film Experience<br \/>\nCu sprijinul: Filarmonica George Enescu, Evenbook, Film Experience<\/p>\n<p><strong>Despre Funda\u0163ia Regal\u0103 Margareta a Rom\u00e2niei<\/strong><\/p>\n<p>Funda\u0163ia Regal\u0103 Margareta a Rom\u00e2niei (FRMR) a fost \u00eenfiin\u0163at\u0103 \u00een 1990 de c\u0103tre Regele Mihai I al Rom\u00e2niei \u0219i Majestatea Sa Margareta, Custodele Coroanei rom\u00e2ne. Cu o activitate de peste 30 de ani, Funda\u021bia Regal\u0103 Margareta a Rom\u00e2niei sprijin\u0103 copii, tineri \u0219i v\u00e2rstnici prin interven\u021bii durabile, bazate pe schimbul de experien\u021b\u0103 \u0219i valori \u00eentre genera\u021bii. De-a lungul timpului, Funda\u021bia s-a implicat \u00een numeroase proiecte sociale, culturale \u015fi de sus\u021binere a educa\u021biei \u015fi talentului artistic. Mai multe detalii despre programele funda\u0163iei sunt disponibile pe www.fpmr.ro.<\/p>\n<p>Contact<\/p>\n<p><strong>Ioana Petrea &#8211; Director Fundraising &amp; Comunicare<\/strong><br \/>\nEmail: <a href=\"mailto:ioana.petrea@principesa.ro\">ioana.petrea@principesa.ro<\/a><br \/>\nMob: +40 (0)723 299 448<\/p>\n<p>&nbsp;<\/p>\n","protected":false},"excerpt":{"rendered":"<p>Bucure\u0219ti, 22 octombrie 2020 Pe 25 octombrie 2020, personalit\u0103\u021bi de renume din lumea din artei \u0219i a muzicii clasice se reunesc \u00een campania \u201eRom\u00e2nia are nevoie de art\u0103\u201d, ini\u021biat\u0103 de Funda\u021bia Regal\u0103 Margareta a Rom\u00e2niei pentru a mobiliza fondurile necesare sus\u021binerii programului na\u021bional Tinere Talente&#8230;.<\/p>\n","protected":false},"author":7,"featured_media":18710,"comment_status":"closed","ping_status":"closed","sticky":false,"template":"","format":"standard","meta":[],"categories":[163],"tags":[],"_links":{"self":[{"href":"https:\/\/www.tineretalente.org\/index.php\/wp-json\/wp\/v2\/posts\/18709"}],"collection":[{"href":"https:\/\/www.tineretalente.org\/index.php\/wp-json\/wp\/v2\/posts"}],"about":[{"href":"https:\/\/www.tineretalente.org\/index.php\/wp-json\/wp\/v2\/types\/post"}],"author":[{"embeddable":true,"href":"https:\/\/www.tineretalente.org\/index.php\/wp-json\/wp\/v2\/users\/7"}],"replies":[{"embeddable":true,"href":"https:\/\/www.tineretalente.org\/index.php\/wp-json\/wp\/v2\/comments?post=18709"}],"version-history":[{"count":5,"href":"https:\/\/www.tineretalente.org\/index.php\/wp-json\/wp\/v2\/posts\/18709\/revisions"}],"predecessor-version":[{"id":18723,"href":"https:\/\/www.tineretalente.org\/index.php\/wp-json\/wp\/v2\/posts\/18709\/revisions\/18723"}],"wp:featuredmedia":[{"embeddable":true,"href":"https:\/\/www.tineretalente.org\/index.php\/wp-json\/wp\/v2\/media\/18710"}],"wp:attachment":[{"href":"https:\/\/www.tineretalente.org\/index.php\/wp-json\/wp\/v2\/media?parent=18709"}],"wp:term":[{"taxonomy":"category","embeddable":true,"href":"https:\/\/www.tineretalente.org\/index.php\/wp-json\/wp\/v2\/categories?post=18709"},{"taxonomy":"post_tag","embeddable":true,"href":"https:\/\/www.tineretalente.org\/index.php\/wp-json\/wp\/v2\/tags?post=18709"}],"curies":[{"name":"wp","href":"https:\/\/api.w.org\/{rel}","templated":true}]}}