{"id":18740,"date":"2020-11-26T11:03:49","date_gmt":"2020-11-26T09:03:49","guid":{"rendered":"http:\/\/www.tineretalente.org\/?p=18740"},"modified":"2020-11-26T11:26:09","modified_gmt":"2020-11-26T09:26:09","slug":"gala-tinere-talente-editia-2020-emisiune-eveniment-dedicata-tinerilor-artisti-sustinuti-de-fundatia-regala-margareta-a-romaniei","status":"publish","type":"post","link":"https:\/\/www.tineretalente.org\/index.php\/2020\/11\/26\/gala-tinere-talente-editia-2020-emisiune-eveniment-dedicata-tinerilor-artisti-sustinuti-de-fundatia-regala-margareta-a-romaniei\/","title":{"rendered":"Gala Tinere Talente, edi\u021bia 2020 \u2013 emisiune eveniment dedicat\u0103 tinerilor arti\u0219ti  sus\u021binu\u021bi de Funda\u021bia Regal\u0103 Margareta a Rom\u00e2niei"},"content":{"rendered":"<p><strong>Funda<\/strong><strong>\u021bia Regal\u0103 Margareta a Rom\u00e2niei organizeaz\u0103 Gala Tinere Talente edi\u021bia 2020, o emisiune-eveniment <\/strong><strong>dedicat\u0103 tinerilor muzicieni \u0219i arti\u0219ti vizuali, bursieri ai programului <em>Tinere Talente<\/em>. Gala va fi difuzat\u0103 pe 30 noiembrie, \u00eencep\u00e2nd cu ora 21.00, la TVR3, \u0219i transmis\u0103 online pe TVR+ \u0219i pagina de facebook a Funda\u021biei.<\/strong><\/p>\n<p>\u00cen fiecare an, Gala Tinere Talente \u00eei aduce \u00een aten\u021bia publicului pe tinerii muzicieni \u0219i arti\u0219ti vizuali afla\u021bi la \u00eenceput de drum \u0219i sus\u021binu\u021bi \u00een dezvoltarea lor artistic\u0103 de Funda\u021bia Regal\u0103 Margareta a Rom\u00e2niei. Evenimentul reprezint\u0103 pentru bursierii programulului <em>Tinere Talente <\/em>oportunitatea de a demonstra evolu\u021bia lor artistic\u0103, cu sprijinul Funda\u021biei \u0219i sub \u00eendrumarea mentorilor.<\/p>\n<p>Pentru c\u0103 anul acesta talentul \u0219i crea\u021biile lor nu mai pot fi aduse \u00eentr-o sal\u0103 de concerte sau de expozi\u021bii, proiectele artistice individuale \u0219i de grup, realizate printr-o colaborare interdisciplinar\u0103, vor fi prezentate \u00een emisiunea difuzat\u0103 pe 30 noiembrie, \u00eencep\u00e2nd cu ora 21.00, la TVR 3, \u0219i online pe TVR+ \u0219i pagina de facebook a Funda\u021biei.<\/p>\n<p>Tinerii arti\u0219ti vorbesc despre experien\u021bele lor ca bursieri ai programului pe parcursul anului 2020, importan\u021ba bursei, a mentorilor \u0219i a promov\u0103rii \u00een parcursul lor artistic, dar \u0219i despre modul cum au reu\u0219it s\u0103-\u0219i adapteze actul artistic \u00een acest an plin de provoc\u0103ri. Coordonatarul programului <em>Tinere Talente<\/em>, Gabriela Iordache, prezint\u0103 oportunit\u0103\u021bile \u0219i beneficiile oferite tinerilor arti\u0219ti \u0219i modalit\u0103\u021bile prin care ace\u0219tia sunt sus\u021binu\u021bi \u00een contextul actual al pandemiei.<\/p>\n<p>Funda\u021bia Regal\u0103 Margareta a Rom\u00e2niei \u00eei felicit\u0103 pe cei 30 de bursieri ai programului Tinere Talente 2020 \u0219i mul\u021bume\u0219te mentorilor care le-au fost al\u0103turi \u00een acest an &#8211; dirijorul Gabriel Bebe\u0219elea, violoncelistul Andrei Ioni\u021b\u0103, dirijorul Tiberiu Soare, tenorul Teodor Ilinc\u0103i, violoncelistul Marin Cazacu, pianistul Vlad Iftinca, violistul R\u0103zvan Popovici, pianista Verona Maier, violoncelistul Octavian Lup, arti\u0219tii vizuali Suzana Dan \u0219i Ioana Ciocan.<\/p>\n<p>Prin bursele <em>Tinere Talente<\/em>, Funda\u021bia Regal\u0103 Margareta a Rom\u00e2niei sus\u021bine <strong>tineri talenta\u021bi rom\u00e2ni care nu au <\/strong><strong>\u0219ansa s\u0103 se dezvolte \u00een lipsa resurselor<\/strong><strong> sau a \u00eendrum\u0103rii necesare<\/strong>. Selec\u021bia na\u021bional\u0103 pentru bursele anului 2021 este acum deschis\u0103 c\u0103tre elevi \u0219i studen\u021bi de la liceele \u0219i universit\u0103\u021bile de muzic\u0103 \u0219i arte din toat\u0103 \u021bara. Dosarul complet se trimite p\u00e2n\u0103 la data de 18 decembrie 2020, la adresa de e-mail: <a href=\"mailto:tineretalente@principesa.ro\">tineretalente@principesa.ro<\/a>. Detalii despre criteriile de eligibilitatea \u0219i metoda de aplicare se reg\u0103sesc <a href=\"https:\/\/www.tineretalente.org\/index.php\/2020\/11\/03\/fundatia-regala-margareta-a-romaniei-lanseaza-o-noua-selectie-pentru-programul-de-burse-tinere-talente-editia-2021\/\">AICI<\/a>.<\/p>\n<p>Programul na\u021bional <em>Tinere Talente<\/em> este sus\u021binut de parteneri \u0219i sponsori, dar \u0219i prin dona\u021bii individuale colectate prin SMS la 8864 cu textul ART\u0102, prin care publicul poate dona 4 Euro lunar \u00een cadrul campaniei <em>Rom\u00e2nia are nevoie de art\u0103<\/em>.<\/p>\n<p><strong>Parteneri<\/strong>: Kaufland Rom\u00e2nia, Funda\u021bia Globalworth<br \/>\n<strong>Sponsori<\/strong>: Kultho, B&amp;B Collection, PPG-Deutek, Negro 2000, Transgaz, Sofmedica, Enayati Medical City, Hotel Siqua, Residence Hotels, Film Experience, Elite Art Galery, MecenaART<br \/>\n<strong>Parteneri media<\/strong>: TVR, Radio Rom\u00e2nia Muzical, Radio Rom\u00e2nia Cultural, Magic FM<\/p>\n<p style=\"text-align: center;\"><strong><em>***<\/em><\/strong><\/p>\n<p><strong>Despre Funda\u021bia Regal\u0103 Margareta a Rom\u00e2niei<\/strong><\/p>\n<p>Funda\u0163ia Regal\u0103 Margareta a Rom\u00e2niei a fost \u00eenfiin\u0163at\u0103 \u00een 1990 de c\u0103tre Regele Mihai I al Rom\u00e2niei \u0219i Majestatea Sa Margareta, Custodele Coroanei rom\u00e2ne. Cu o activitate de 30 de ani, Funda\u021bia Regal\u0103 Margareta a Rom\u00e2niei sprijin\u0103 copii, tineri \u0219i v\u00e2rstnici prin interven\u021bii durabile, bazate pe schimbul de experien\u021b\u0103 \u0219i valori \u00eentre genera\u021bii. De-a lungul timpului, Funda\u021bia s-a implicat \u00een numeroase proiecte sociale, culturale \u015fi de sus\u021binere a educa\u021biei \u015fi talentului artistic. Mai multe detalii despre programele Funda\u0163iei sunt disponibile pe <a href=\"http:\/\/www.frmr.ro\">www.frmr.ro<\/a>.<\/p>\n<p>&nbsp;<\/p>\n","protected":false},"excerpt":{"rendered":"<p>Funda\u021bia Regal\u0103 Margareta a Rom\u00e2niei organizeaz\u0103 Gala Tinere Talente edi\u021bia 2020, o emisiune-eveniment dedicat\u0103 tinerilor muzicieni \u0219i arti\u0219ti vizuali, bursieri ai programului Tinere Talente. Gala va fi difuzat\u0103 pe 30 noiembrie, \u00eencep\u00e2nd cu ora 21.00, la TVR3, \u0219i transmis\u0103 online pe TVR+ \u0219i pagina de&#8230;<\/p>\n","protected":false},"author":7,"featured_media":18742,"comment_status":"closed","ping_status":"closed","sticky":false,"template":"","format":"standard","meta":[],"categories":[163],"tags":[],"_links":{"self":[{"href":"https:\/\/www.tineretalente.org\/index.php\/wp-json\/wp\/v2\/posts\/18740"}],"collection":[{"href":"https:\/\/www.tineretalente.org\/index.php\/wp-json\/wp\/v2\/posts"}],"about":[{"href":"https:\/\/www.tineretalente.org\/index.php\/wp-json\/wp\/v2\/types\/post"}],"author":[{"embeddable":true,"href":"https:\/\/www.tineretalente.org\/index.php\/wp-json\/wp\/v2\/users\/7"}],"replies":[{"embeddable":true,"href":"https:\/\/www.tineretalente.org\/index.php\/wp-json\/wp\/v2\/comments?post=18740"}],"version-history":[{"count":2,"href":"https:\/\/www.tineretalente.org\/index.php\/wp-json\/wp\/v2\/posts\/18740\/revisions"}],"predecessor-version":[{"id":18744,"href":"https:\/\/www.tineretalente.org\/index.php\/wp-json\/wp\/v2\/posts\/18740\/revisions\/18744"}],"wp:featuredmedia":[{"embeddable":true,"href":"https:\/\/www.tineretalente.org\/index.php\/wp-json\/wp\/v2\/media\/18742"}],"wp:attachment":[{"href":"https:\/\/www.tineretalente.org\/index.php\/wp-json\/wp\/v2\/media?parent=18740"}],"wp:term":[{"taxonomy":"category","embeddable":true,"href":"https:\/\/www.tineretalente.org\/index.php\/wp-json\/wp\/v2\/categories?post=18740"},{"taxonomy":"post_tag","embeddable":true,"href":"https:\/\/www.tineretalente.org\/index.php\/wp-json\/wp\/v2\/tags?post=18740"}],"curies":[{"name":"wp","href":"https:\/\/api.w.org\/{rel}","templated":true}]}}