{"id":18772,"date":"2021-03-02T16:36:07","date_gmt":"2021-03-02T14:36:07","guid":{"rendered":"http:\/\/www.tineretalente.org\/?p=18772"},"modified":"2021-03-12T18:27:09","modified_gmt":"2021-03-12T16:27:09","slug":"30-de-tineri-talentati-muzicieni-si-artisti-vizuali-au-devenit-bursieri-ai-programului-national-tinere-talente-2021","status":"publish","type":"post","link":"https:\/\/www.tineretalente.org\/index.php\/2021\/03\/02\/30-de-tineri-talentati-muzicieni-si-artisti-vizuali-au-devenit-bursieri-ai-programului-national-tinere-talente-2021\/","title":{"rendered":"30 de tineri talenta\u021bi, muzicieni \u0219i arti\u0219ti vizuali, au devenit bursieri ai programului na\u021bional Tinere Talente 2021"},"content":{"rendered":"<p><strong>Funda\u021bia Regal\u0103 Margareta a Rom\u00e2niei anun\u021b\u0103 debutul edi\u021biei 2021 a programului <em>Tinere Talente<\/em> \u0219i numele celor 30 de noi bursieri la categoria muzic\u0103 \u0219i arte vizuale.<\/strong><\/p>\n<p>Depunerea dosarelor de candidatur\u0103 a avut loc \u00een perioada noiembrie-decembrie 2020, c\u00e2nd 156 de tineri \u0219i-au exprimat inten\u021bia de a deveni bursieri. Procesul de selec\u021bie a constat \u00een analiza dosarelor depuse, selec\u021bia candida\u021bilor de c\u0103tre juriul de specialitate, interviuri on-line \u0219i anchete sociale. Evaluarea portofoliului de c\u0103tre un juriu de specialitate, compus din personalit\u0103\u021bi din meidul artistic \u0219i academic, a reprezentat etapa decisiv\u0103, \u00een urma c\u0103reia au fost selecta\u021bi cei mai buni 30 de candida\u021bi, \u00een func\u021bie de talentul \u0219i poten\u021bialul artistic demonstrat. Printre tinerii admi\u0219i \u00een program, se regasesc si 4 bursieri alumni. Ace\u0219tia sunt fo\u0219ti bursieri, care \u00ee\u0219i vor contina preg\u0103tirea, dar care vor avea \u0219i rolul de \u00eendrum\u0103tori pentru noii bursieri, prin \u00eemp\u0103rt\u0103\u0219irea propriei experien\u021be acumulate \u00een cadrul programului.<\/p>\n<p>Funda\u021bia Regal\u0103 Margareta a Rom\u00e2niei mul\u021bume\u0219te membrilor juriului pentru implicare \u0219i sus\u021binere:<\/p>\n<p><strong>Categoria Muzic\u0103<\/strong>: pianista Verona Maier, violonistul Rafael Butaru, clarinetistul Emil Vi\u0219enescu, dirijorul Tiberiu Soare, percu\u021bionistul Sorin Rotaru, tenorul Teodor Ilinc\u0103i<\/p>\n<p><strong>Categoria Arte vizuale<\/strong>: arti\u0219tii vizuali: Carmen Apetrei, Ileana Dana Marinescu, Daniela Constantin, Sergiu Chihaia, sculptorul Virgil Scripcariu<\/p>\n<p><strong>Bursieri muzic\u0103:<\/strong><\/p>\n<p><strong>Andrei Luca M\u0103r\u0103cine<\/strong>, 22 ani, Universitatea Na\u021bional\u0103 de Muzic\u0103 Bucure\u0219ti, vioar\u0103<\/p>\n<p><strong>Antoniu Nagy<\/strong>, 21 ani,\u00a0 Academia Na\u021bional\u0103 de Muzic\u0103 \u201eGheorghe Dima\u201d, pian<\/p>\n<p><strong>Damian Spinei<\/strong>, 22 ani,\u00a0 Academia de Muzic\u0103 \u201eGheorghe Dima\u201d din Cluj-Napoca, canto &#8211; folclor<\/p>\n<p><strong>Daniel Ciobanu<\/strong>, 21 ani, Universitatea Na\u021bional\u0103 de Muzic\u0103 Bucure\u0219ti, org\u0103<\/p>\n<p><strong>Daniel Cornel Dumitra\u0219cu<\/strong>, 19 ani, Universitatea Na\u021bional\u0103 de Muzic\u0103 Bucure\u0219ti,\u00a0 pian<\/p>\n<p><strong>Dora L\u0103puste<\/strong>, 21 ani, Facultatea de Muzic\u0103 \u0219i Teatru din Timi\u0219oara, vioar\u0103<\/p>\n<p><strong>Eleonora\u00a0 Bord\u00eenc<\/strong>, 22 ani, Universitatea Na\u021bional\u0103 de Muzic\u0103 Bucure\u0219ti,\u00a0 violoncel<\/p>\n<p><strong>Eudochia Dimitri\u021ba Sini\u021ba<\/strong>, 19 ani, Colegiul Na\u021bional de Muzic\u0103 \u201eGeorge Enescu\u201d,\u00a0 canto<\/p>\n<p><strong>Ovidiu-Andrei Pintilie<\/strong>, 24 ani, Universitatea Na\u021bional\u0103 de Muzic\u0103 Bucure\u0219ti, chitar\u0103<\/p>\n<p><strong>Sergiu Garabajii<\/strong>, 22 ani, Academia Na\u021bional\u0103 de Muzic\u0103 \u201eGheorghe Dima\u201d, canto<\/p>\n<p><strong>\u0218tefan Negurici<\/strong>, 17 ani, Colegiul Na\u021bional de Art\u0103 \u201eG. Apostu\u201d Bac\u0103u, oboi<\/p>\n<p><strong>\u0218tefania Turcu<\/strong>, 17 ani, Colegiul Na\u021bional de Arte \u201eDinu Lipatti\u201d,\u00a0 vioar\u0103<\/p>\n<p><strong>Tudor Ioan<\/strong>, 14 ani, Colegiul Na\u021bional de Arte \u201eDinu Lipatti\u201d, violoncel<\/p>\n<p><strong>Arte vizuale\u00a0<\/strong><\/p>\n<p><strong>Alina Bobeic\u0103<\/strong>, 20 ani, UNARTE Bucure\u0219ti, Grafic\u0103<\/p>\n<p><strong>Anamaria Mihaela Vi\u0219ovan<\/strong>, 23 ani, Universitatea de Vest din Timi\u0219oara, Facultatea De Arte \u0219i Design, Design vestimentar<\/p>\n<p><strong>Diana Andrei<\/strong>, 20 ani, UNARTE Bucure\u0219ti, Pictur\u0103<\/p>\n<p><strong>Elena Bon\u021ba-Chiril\u0103<\/strong>, 21 ani, Universitatea Na\u021bional\u0103 de Arte George Enescu Ia\u0219i, Grafic\u0103<\/p>\n<p><strong>Fernando\u00a0 Diaconu<\/strong>, 24 ani, UNARTE Bucure\u0219ti,\u00a0 Grafic\u0103<\/p>\n<p><strong>Ioana Perju<\/strong>, 23 ani, Universitatea de arta \u0219i design Cluj-Napoca,\u00a0 Pictur\u0103<\/p>\n<p><strong>Ioanna Dimosthenous<\/strong>, 19 ani, UNARTE Bucure\u0219ti, \u00a0Grafic\u0103<\/p>\n<p><strong>Larisa Croitoru<\/strong>, 21 ani, UNARTE Bucure\u0219ti, Design vestimentar<\/p>\n<p><strong>Laura Greaca<\/strong>, 24 ani, UNARTE Bucure\u0219ti, Arte textile<\/p>\n<p><strong>Livia Greaca<\/strong>, 24 ani, UNARTE Bucure\u0219ti, Arte textile<\/p>\n<p><strong>Mihaela S\u00eerbu<\/strong>, 21 ani, UNARTE Bucure\u0219ti, Arte textile<\/p>\n<p><strong>Oana Sima<\/strong>, \u00a021 ani, UNARTE Bucure\u0219ti,\u00a0 Grafic\u0103<\/p>\n<p><strong>Silviu Preda<\/strong>, 23 ani, Universitatea de Vest din Timi\u0219oara, Facultate De Arte \u0219i Design, Foto-Video<\/p>\n<p><strong>Bursieri alumni<\/strong><\/p>\n<p><strong>Muzic\u0103<\/strong><\/p>\n<p><strong>Cadmiel Bo\u021bac<\/strong>, 24 ani, pian<\/p>\n<p><strong>Mircea Dumitrescu<\/strong>, 22 ani, vioar\u0103<\/p>\n<p><strong>Arte vizuale<\/strong><\/p>\n<p><strong>Ionu\u021b\u00a0Piscureanu <\/strong>, 24 ani, Design vestimentar<\/p>\n<p><strong>Eric Christian Pambou<\/strong>, 24 ani, Grafic\u0103<\/p>\n<p><strong>Parteneri<\/strong>: Kaufland Rom\u00e2nia, Globalworth Foundation<\/p>\n<p><strong>Sponsori<\/strong>: Kultho, B&amp;B Collection, PPG-Deutek, Negro 2000, Sofmedica, Transgaz SA, Enayati Medical City, Raycap, Residence Hotels, Film Experience, Hotel Siqua, Elite Art Gallery, MecenaART<\/p>\n<p><strong>Parteneri media<\/strong>: TVR, Radio Rom\u00e2nia Muzical, Radio Rom\u00e2nia Cultural, Magic FM<\/p>\n","protected":false},"excerpt":{"rendered":"<p>Funda\u021bia Regal\u0103 Margareta a Rom\u00e2niei anun\u021b\u0103 debutul edi\u021biei 2021 a programului Tinere Talente \u0219i numele celor 30 de noi bursieri la categoria muzic\u0103 \u0219i arte vizuale. Depunerea dosarelor de candidatur\u0103 a avut loc \u00een perioada noiembrie-decembrie 2020, c\u00e2nd 156 de tineri \u0219i-au exprimat inten\u021bia de&#8230;<\/p>\n","protected":false},"author":7,"featured_media":18779,"comment_status":"closed","ping_status":"closed","sticky":false,"template":"","format":"standard","meta":[],"categories":[163],"tags":[],"_links":{"self":[{"href":"https:\/\/www.tineretalente.org\/index.php\/wp-json\/wp\/v2\/posts\/18772"}],"collection":[{"href":"https:\/\/www.tineretalente.org\/index.php\/wp-json\/wp\/v2\/posts"}],"about":[{"href":"https:\/\/www.tineretalente.org\/index.php\/wp-json\/wp\/v2\/types\/post"}],"author":[{"embeddable":true,"href":"https:\/\/www.tineretalente.org\/index.php\/wp-json\/wp\/v2\/users\/7"}],"replies":[{"embeddable":true,"href":"https:\/\/www.tineretalente.org\/index.php\/wp-json\/wp\/v2\/comments?post=18772"}],"version-history":[{"count":4,"href":"https:\/\/www.tineretalente.org\/index.php\/wp-json\/wp\/v2\/posts\/18772\/revisions"}],"predecessor-version":[{"id":18780,"href":"https:\/\/www.tineretalente.org\/index.php\/wp-json\/wp\/v2\/posts\/18772\/revisions\/18780"}],"wp:featuredmedia":[{"embeddable":true,"href":"https:\/\/www.tineretalente.org\/index.php\/wp-json\/wp\/v2\/media\/18779"}],"wp:attachment":[{"href":"https:\/\/www.tineretalente.org\/index.php\/wp-json\/wp\/v2\/media?parent=18772"}],"wp:term":[{"taxonomy":"category","embeddable":true,"href":"https:\/\/www.tineretalente.org\/index.php\/wp-json\/wp\/v2\/categories?post=18772"},{"taxonomy":"post_tag","embeddable":true,"href":"https:\/\/www.tineretalente.org\/index.php\/wp-json\/wp\/v2\/tags?post=18772"}],"curies":[{"name":"wp","href":"https:\/\/api.w.org\/{rel}","templated":true}]}}