{"id":18895,"date":"2021-05-07T13:21:00","date_gmt":"2021-05-07T11:21:00","guid":{"rendered":"http:\/\/www.tineretalente.org\/?p=18895"},"modified":"2021-06-03T16:14:39","modified_gmt":"2021-06-03T14:14:39","slug":"jurnal-de-viata-expozitie-de-arte-vizuale-si-recitaluri-de-muzica-clasica-prezentate-in-mod-inedit-de-bursierii-tinere-talente","status":"publish","type":"post","link":"https:\/\/www.tineretalente.org\/index.php\/2021\/05\/07\/jurnal-de-viata-expozitie-de-arte-vizuale-si-recitaluri-de-muzica-clasica-prezentate-in-mod-inedit-de-bursierii-tinere-talente\/","title":{"rendered":"Jurnal de via\u021b\u0103, expozi\u021bie de arte vizuale \u0219i recitaluri de muzic\u0103 clasic\u0103 prezentate \u00een mod inedit de bursierii Tinere Talente"},"content":{"rendered":"<p><strong>\u00cen perioada 10 mai-20 iunie 2021, Funda\u021bia Regal\u0103 Margareta a Rom\u00e2niei \u00eempreun\u0103 cu Muzeul Municipiului Bucure\u0219ti prezint\u0103 publicului iubitor de art\u0103 un eveniment inedit &#8211; <em>Jurnal de via\u021b\u0103, <\/em>&#8211; o expozi\u021bie de arte vizuale \u00een aer liber \u0219i recitaluri oferite on-line de bursierii programului na\u021bional <em>Tinere Talente<\/em>, edi\u021bia 2021. <\/strong><\/p>\n<p>Evenimentul <em>Jurnal de via\u021b\u0103<\/em> face parte dintr-o serie de ac\u021biuni prin care 30 de tineri talenta\u021bi, arti\u0219ti vizuali \u0219i muzicieni, afla\u021bi la \u00eenceputul carierei, sunt promova\u021bi \u0219i sus\u021binu\u021bi \u00een dezvoltarea \u0219i manifestarea lor artistic\u0103 de Funda\u021bia Regal\u0103 Margareta a Rom\u00e2niei. \u00cen contextul limit\u0103rilor impuse de pandemie, ace\u0219tia experimenteaz\u0103 noi modalit\u0103\u021bi de promovare a crea\u021biilor artistice \u0219i de exprimare a talentului lor \u00een medii neconven\u021bionale.<\/p>\n<p>Lucr\u0103rile expuse \u00een aer liber la Casa Filipescu-Cesianu, realizate prin diferite tehnici \u2013 pictur\u0103, colaj, fotografie, art\u0103 textil\u0103, design vestimentar, au la baz\u0103 reprezentarea simbolistic\u0103 a senectu\u021bii, pornind de la pove\u0219tile de via\u021b\u0103 ale seniorilor documentate de tinerii arti\u0219ti din programele Funda\u021biei. Integr\u00e2nd concepte \u0219i simboluri, lucr\u0103rile pun \u00een eviden\u021b\u0103 experien\u021bele, tr\u0103irile, amintirile v\u00e2rstnicilor, amprenta timpului \u0219i a c\u0103l\u0103toriei prin via\u021b\u0103 asupra acestora.<\/p>\n<p>Colec\u021bia de lucr\u0103ri <a href=\"https:\/\/www.facebook.com\/tineretalentefrmr\/videos\/292103412517544\"><em>Jurnal de via\u021b\u0103<\/em><\/a> va fi expus\u0103 pe gardul Casei Filipescu-Cesianu, parte din Muzeul Municipiului Bucure\u0219ti, de-a lungul a 35 metri de trotuar, pe Calea Victoriei nr. 151 din Bucure\u0219ti, \u0219i va putea fi astfel vizionat\u0103 la orice or\u0103, de orice trec\u0103tor. Amplasamentul lucr\u0103rilor \u00een afara unei s\u0103li muzeale clasice, prin expunerea stradal\u0103 a crea\u021biilor realizate de tinerii arti\u0219ti, reprezint\u0103 o modalitate inedit\u0103 de transpunere c\u0103tre public. Mesajul lor artistic, de solidaritate \u0219i admira\u021bie pentru cei care au experimentat via\u021ba p\u00e2n\u0103 la o v\u00e2rst\u0103 \u00eenaintat\u0103, cap\u0103t\u0103 acum o expunere public\u0103.<\/p>\n<p><em>\u201e<\/em><em>Funda\u021bia Regal\u0103 Margareta a Rom\u00e2niei construie\u0219te an de an forme de promovare \u0219i sus\u021binere a tinerilor \u0219i, \u00een egal\u0103 m\u0103sur\u0103, protejeaz\u0103 genera\u021biile ale c\u0103ror experien\u021be \u0219i tr\u0103iri inspir\u0103 \u0219i motiveaz\u0103 prezentul, p\u0103rin\u021bii sau bunicii no\u0219tri. Apropierea \u0219i dialogarea genera\u021biilor se arat\u0103 \u00een mesajul artistic precum un gest sincer de recuno\u0219tin\u021b\u0103, un act frumos de a celebra via\u021ba \u0219i de a conserva valorile mo\u0219tenite<\/em>.<em>\u201d<\/em> (Sabina Elena Dragomir, artist vizual)<\/p>\n<p>Evenimentul include recitaluri de muzic\u0103 clasic\u0103, sus\u021binute la Palatul Su\u021bu, ai c\u0103ror protagoni\u0219ti sunt actuali \u0219i fo\u0219ti bursieri ai programului <em>Tinere Talente<\/em>. Programul muzical este interpretat de Ioan Tudor (violoncel), Andrei M\u0103r\u0103cine (vioar\u0103), Daniel Dumitra\u0219cu (pian), Mircea Dumitrescu (vioar\u0103), Eleonora Bord\u00eenc (violoncel), Paul R\u0103ducanu (vioar\u0103). Recitalurile vor \u00a0fi difuzate on-line pe 13 mai \u0219i pe 20 mai, \u00eencep\u00e2nd cu ora 20.00, pe paginile de Facebook ale Funda\u021biei <a href=\"https:\/\/www.facebook.com\/tineretalentefrmr\">\/tineretalentefrmr<\/a> \u0219i <a href=\"https:\/\/www.facebook.com\/frmr.ro\">\/frmr.ro<\/a>.<\/p>\n<p>Recital 13 mai\u00a0https:\/\/www.facebook.com\/tineretalentefrmr\/videos\/331274835029198<\/p>\n<p>Recital 20 mai https:\/\/www.facebook.com\/tineretalentefrmr\/videos\/214155220288512<\/p>\n<p>La \u00eenceputul acestui an, \u00een urma unei proces complex de selec\u021bie, 30 de arti\u0219ti cu v\u00e2rste cuprinse \u00eentre 14 \u0219i 24 de ani, care studiaz\u0103 la institu\u021biile de \u00eenv\u0103\u021b\u0103m\u00e2nt voca\u021bional din \u021bar\u0103 \u0219i care nu dispun de resurse financiare, au devenit bursieri ai programului <em>Tinere Talente. Pe parcursul anului <\/em>2021, ace\u0219tia beneficiaz\u0103 din partea Funda\u021biei Regal\u0103 Margareta a Rom\u00e2niei de burse, sesiuni de mentorat intergenera\u021bional \u0219i masterclass-uri, precum \u0219i de ac\u021biuni de promovare a actelor lor artistice.<\/p>\n<p>Profilele bursierilor pot fi consultate <a href=\"https:\/\/www.tineretalente.org\/index.php\/bursieri\/\">aici<\/a>.<\/p>\n<p><strong>Parteneri<\/strong>: Kaufland Rom\u00e2nia, Globalworth Foundation<\/p>\n<p><strong>Sponsori<\/strong>: Kultho, B&amp;B Collection, PPG-Deutek, Negro 2000, Sofmedica, Transgaz SA, Enayati Medical City, Raycap, Residence Hotels, Film Experience, Hotel Siqua, Elite Art Gallery, MecenaART<\/p>\n<p><strong>Parteneri media<\/strong>: TVR, Radio Rom\u00e2nia Muzical, Radio Rom\u00e2nia Cultural, Magic FM<\/p>\n<p><strong>Despre Funda\u021bia Regal\u0103 Margareta a Rom\u00e2niei<\/strong><\/p>\n<p>Funda\u021bia Regal\u0103 Margareta a Rom\u00e2niei a fost \u00eenfiin\u021bat\u0103 \u00een 1990 de c\u0103tre Regele Mihai I al Rom\u00e2niei \u0219i Majestatea Sa Margareta, Custodele Coroanei rom\u00e2ne. Cu o activitate de peste 30 de ani, Funda\u021bia Regal\u0103 Margareta a Rom\u00e2niei sprijin\u0103 copii, tineri \u0219i v\u00e2rstnici prin interven\u021bii durabile, bazate pe schimbul de experien\u021b\u0103 \u0219i valori \u00eentre genera\u021bii. De-a lungul timpului, Funda\u021bia s-a implicat \u00een numeroase proiecte sociale, culturale \u0219i de sus\u021binere a educa\u021biei \u015fi talentului artistic. Mai multe detalii despre programele Funda\u0163iei sunt disponibile pe <a href=\"http:\/\/www.frmr.ro\">www.frmr.ro<\/a>.<\/p>\n<p><strong>Despre Muzeul Municipiului Bucure\u0219ti<\/strong><\/p>\n<p>Muzeul Municipiului Bucure\u0219ti este un muzeu pavilionar \u00een Bucure\u0219ti, care reune\u0219te 9 muzee \u0219i case memoriale \u00een prezent deschise vizitatorilor. Din MMB (Muzeul Municipiului Bucure\u0219ti) fac parte \u2013 Palatul Su\u021bu (Bd. I.C. Br\u0103tianu nr. 2), Casa Filipescu-Cesianu (Calea Victoriei nr. 151), Muzeul Theodor Aman (Str. C.A. Rosetti nr. 8), Muzeul George Severeanu (Str. Henri Coand\u0103 nr. 26), Muzeul Victor Babe\u0219 (Str. Andrei Mure\u0219anu nr. 14A), Observatorul Astronomic \u201eAmiral Vasile Urseanu\u201d (Bd. Lasc\u0103r Catargiu nr. 21), Muzeul de Art\u0103 Popular\u0103 \u201eProf. Dr. Nicolae Minovici\u201d (Str. Dr. Nicolae Minovici nr. 1), Muzeul de Art\u0103 \u201eFrederic Storck \u0219i Cecilia Cu\u021bescu Storck\u201d (Str. Vasile Alecsandri nr. 16) \u0219i Colec\u021bia de Art\u0103 \u201eLigia \u0219i Pompiliu Macovei\u201d (Str. 11 iunie nr. 36-38). MMB este un centru informa\u021bional, cultural \u0219i educa\u021bional, un centru activ al unei re\u021bele de organiza\u021bii. Muzeul este un punct de reper pentru comunit\u0103\u021bile culturale din Bucure\u0219ti, precum \u0219i pentru mediul academic \u0219i \u0219tiin\u021bific. Mai multe detalii despre activitatea MMB pute\u021bi afla acces\u00e2nd site-ul oficial al muzeului \u2013 <a href=\"http:\/\/www.muzeulbucurestiului.ro\">www.muzeulbucurestiului.ro<\/a>.<\/p>\n","protected":false},"excerpt":{"rendered":"<p>\u00cen perioada 10 mai-20 iunie 2021, Funda\u021bia Regal\u0103 Margareta a Rom\u00e2niei \u00eempreun\u0103 cu Muzeul Municipiului Bucure\u0219ti prezint\u0103 publicului iubitor de art\u0103 un eveniment inedit &#8211; Jurnal de via\u021b\u0103, &#8211; o expozi\u021bie de arte vizuale \u00een aer liber \u0219i recitaluri oferite on-line de bursierii programului na\u021bional&#8230;<\/p>\n","protected":false},"author":7,"featured_media":18908,"comment_status":"closed","ping_status":"closed","sticky":false,"template":"","format":"standard","meta":[],"categories":[163],"tags":[],"_links":{"self":[{"href":"https:\/\/www.tineretalente.org\/index.php\/wp-json\/wp\/v2\/posts\/18895"}],"collection":[{"href":"https:\/\/www.tineretalente.org\/index.php\/wp-json\/wp\/v2\/posts"}],"about":[{"href":"https:\/\/www.tineretalente.org\/index.php\/wp-json\/wp\/v2\/types\/post"}],"author":[{"embeddable":true,"href":"https:\/\/www.tineretalente.org\/index.php\/wp-json\/wp\/v2\/users\/7"}],"replies":[{"embeddable":true,"href":"https:\/\/www.tineretalente.org\/index.php\/wp-json\/wp\/v2\/comments?post=18895"}],"version-history":[{"count":6,"href":"https:\/\/www.tineretalente.org\/index.php\/wp-json\/wp\/v2\/posts\/18895\/revisions"}],"predecessor-version":[{"id":18907,"href":"https:\/\/www.tineretalente.org\/index.php\/wp-json\/wp\/v2\/posts\/18895\/revisions\/18907"}],"wp:featuredmedia":[{"embeddable":true,"href":"https:\/\/www.tineretalente.org\/index.php\/wp-json\/wp\/v2\/media\/18908"}],"wp:attachment":[{"href":"https:\/\/www.tineretalente.org\/index.php\/wp-json\/wp\/v2\/media?parent=18895"}],"wp:term":[{"taxonomy":"category","embeddable":true,"href":"https:\/\/www.tineretalente.org\/index.php\/wp-json\/wp\/v2\/categories?post=18895"},{"taxonomy":"post_tag","embeddable":true,"href":"https:\/\/www.tineretalente.org\/index.php\/wp-json\/wp\/v2\/tags?post=18895"}],"curies":[{"name":"wp","href":"https:\/\/api.w.org\/{rel}","templated":true}]}}