{"id":18954,"date":"2021-11-22T16:01:37","date_gmt":"2021-11-22T14:01:37","guid":{"rendered":"http:\/\/www.tineretalente.org\/?p=18954"},"modified":"2021-11-22T17:13:36","modified_gmt":"2021-11-22T15:13:36","slug":"cu-sprijinul-kaufland-romania-si-globalworth-fundatia-regala-margareta-a-romaniei-anunta-debutul-editiei-2022-a-programului-tinere-talente-si-numele-celor-30-de-noi-bursieri-la-categoria-muzica-si-ar","status":"publish","type":"post","link":"https:\/\/www.tineretalente.org\/index.php\/2021\/11\/22\/cu-sprijinul-kaufland-romania-si-globalworth-fundatia-regala-margareta-a-romaniei-anunta-debutul-editiei-2022-a-programului-tinere-talente-si-numele-celor-30-de-noi-bursieri-la-categoria-muzica-si-ar\/","title":{"rendered":"Cu sprijinul Kaufland Romania \u0219i Globalworth, Funda\u021bia Regal\u0103 Margareta a Rom\u00e2niei anun\u021b\u0103 debutul edi\u021biei 2022 a programului Tinere Talente \u0219i numele celor 30 de noi bursieri la categoria muzic\u0103 \u0219i arte vizuale"},"content":{"rendered":"<p>Depunerea dosarelor \u00a0de candidatur\u0103 a avut loc \u00een perioada septembrie-octombrie 2021. Procesul de selec\u021bie a constat \u00een analiza dosarelor depuse, selec\u021bia candida\u021bilor de c\u0103tre juriul de specialitate, interviuri on-line \u0219i anchete sociale. Evaluarea portofoliului de c\u0103tre un juriu de specialitate, compus din personalit\u0103\u021bi din mediul artistic \u0219i academic, a reprezentat etapa decisiv\u0103, \u00een urma c\u0103reia au fost selecta\u021bi cei mai buni 30 de candida\u021bi, \u00een func\u021bie de talentul \u0219i poten\u021bialul artistic demonstrat. Printre tinerii admi\u0219i \u00een program, se reg\u0103sesc \u0219i 2 bursieri alumni. Ace\u0219tia sunt fo\u0219ti bursieri, care \u00ee\u0219i vor contina preg\u0103tirea, dar care vor avea \u0219i rolul de \u00eendrum\u0103tori pentru noii bursieri, prin \u00eemp\u0103rt\u0103\u0219irea propriei experien\u021be acumulate \u00een cadrul programului.<\/p>\n<p>Funda\u021bia Regal\u0103 Margareta a Rom\u00e2niei mul\u021bume\u0219te membrilor juriului pentru implicare \u0219i sus\u021binere:<\/p>\n<p><strong>Categoria Muzic\u0103<\/strong>: pianista Verona Maier, soprana Iulia Isaev, violonistul Rafael Butaru, clarinetistul Emil Vi\u0219enescu, dirijorul Tiberiu Soare, percu\u021bionistul Bogdan Pop.<\/p>\n<p><strong>Categoria Arte vizuale<\/strong>: arti\u0219tii vizuali: Ileana Dana Marinescu, Daniela Constantin, Adriana Lucaciu, Aurel Vlad, Andreea Sandu, curator.<\/p>\n<p><strong>Bursieri Arte vizuale:<\/strong><\/p>\n<ol>\n<li><strong>Andrei Ioana Florina<\/strong>, 23 ani, Universitatea de Art\u0103 \u0219i Design Cluj-Napoca, art\u0103 decorativ\u0103 \u0219i design<\/li>\n<li><strong>Bobeic\u0103 Alina<\/strong>, 21 ani, UNARTE Bucure\u0219ti, Grafic\u0103<\/li>\n<li><strong>Bo\u0219oi Maria-Emilia<\/strong>, 22 ani, UNARTE Bucure\u0219ti, art\u0103 decorativ\u0103 \u0219i design<\/li>\n<li><strong>Candet Laura<\/strong>, 23 ani, Universitatea Na\u021bional\u0103 de Arte \u201eGeorge Enescu\u201d, Ia\u0219i, pictur\u0103<\/li>\n<li><strong>Ciubotaru Delia<\/strong>, 21 ani, UNARTE Bucure\u0219ti, art\u0103 decorativ\u0103 \u0219i design<\/li>\n<li><strong>Du\u021b\u0103 Alexandra Cristina<\/strong>, 20 ani, UNARTE Bucure\u0219ti, Grafic\u0103<\/li>\n<li><strong>Mic \u0218tefan<\/strong>, 19 ani, Colegiul Na\u021bional de Art\u0103 \u201eGeorge Apostu\u201d Bac\u0103u<\/li>\n<li><strong>Postolachi Ana<\/strong>, 23 ani, Universitatea de Art\u0103 \u0219i Design Cluj-Napoca, pictur\u0103<\/li>\n<li><strong>Sima Oana<\/strong>, 22 ani, UNARTE, grafic\u0103<\/li>\n<li><strong>Tudor Andreea Gabriela<\/strong>, 20 ani, Universitatea &#8220;Dunarea de Jos&#8221; Gala\u021bi, pictur\u0103<\/li>\n<li><strong>\u021aurcan Eugen Claudiu<\/strong>, 23 ani, Universitatea de Art\u0103 \u0219i Design Cluj-Napoca, art\u0103 decorativ\u0103 \u0219i design<\/li>\n<li><strong>Vintil\u0103 Kimberly Ligia<\/strong>, 22 ani, UNARTE Bucure\u0219ti, art\u0103 decorativ\u0103 \u0219i design<\/li>\n<li><strong>V\u00eerdol Ana Nicoleta,<\/strong> 22 ani, UNARTE Bucure\u0219ti, Grafic\u0103<\/li>\n<li><strong>Vi\u0219ovan Anamaria Mihaela<\/strong>, 23 ani, Universitatea de Vest din Timi\u0219oara, Facultatea de Arte \u0219i Design, Design vestimentar<\/li>\n<\/ol>\n<p>&nbsp;<\/p>\n<p><strong>Bursieri muzic\u0103:<\/strong><\/p>\n<ol>\n<li><strong>B\u0103nescu Ioan<\/strong>, 23 ani, Universitatea Na\u021bional\u0103 de Muzic\u0103 Bucure\u0219ti,chitar\u0103<\/li>\n<li><strong>Bord\u00eenc Eleonora<\/strong>, 23 ani, Universitatea Na\u021bional\u0103 de Muzic\u0103 Bucure\u0219ti,\u00a0violoncel<\/li>\n<li><strong>Ciobanu Daniel, <\/strong>22 ani, Universitatea Na\u021bional\u0103 de Muzic\u0103 Bucure\u0219ti, org\u0103<\/li>\n<li><strong>Cociobanu Adelina Maria,<\/strong> 23 ani, Universitatea Na\u021bional\u0103 de Muzic\u0103 Bucure\u0219ti, canto clasic<\/li>\n<li><strong>Dumitrascu Alexandru Gabriel,<\/strong> 16 ani, Colegiul de Art\u0103 \u201eCarmen Sylva\u201d Ploie\u0219ti, percu\u021bie<\/li>\n<li><strong>Dumitra\u0219cu Daniel Cornel<\/strong>, 20 ani, Universitatea Na\u021bional\u0103 de Muzic\u0103 Bucure\u0219ti,\u00a0 pian<\/li>\n<li><strong>Nagy Antoniu,<\/strong> 21 ani,\u00a0 Academia Na\u021bional\u0103 de Muzic\u0103 \u201eGheorghe Dima\u201d, pian<\/li>\n<li><strong>Pintilie Ovidiu-Andrei,<\/strong> 24 ani, Universitatea Na\u021bional\u0103 de Muzic\u0103 Bucure\u0219ti, chitar\u0103<\/li>\n<li><strong>Rupa Emanuel,<\/strong> 18 ani, Universitatea Na\u021bional\u0103 de Muzic\u0103 Bucure\u0219ti,\u00a0clarinet<\/li>\n<li><strong>Soma David,<\/strong> 21 ani, Universitatea Na\u021bional\u0103 de Muzic\u0103 Bucure\u0219ti,\u00a0violoncel<\/li>\n<li><strong>Surguciov Iurie,<\/strong> 22 ani, Universitatea Na\u021bional\u0103 de Muzic\u0103 Bucure\u0219ti,\u00a0violoncel<\/li>\n<li><strong>Sze\u0301kely Stefan-Beniamin,<\/strong> 24 ani, Universitatea de Vest Timi\u0219oara, flaut<\/li>\n<li><strong>Todoran Iulia Teodora,<\/strong> 16 ani, Liceul Voca\u021bional de Art\u0103, Tg.Mure\u0219, vioar\u0103<\/li>\n<li><strong>Turcu \u0218tefania<\/strong>, 17 ani, Colegiul Na\u021bional de Arte \u201eDinu Lipatti\u201d, vioar\u0103<\/li>\n<\/ol>\n<p>&nbsp;<\/p>\n<p><strong>Bursieri alumni<\/strong><\/p>\n<p><strong>Livia Greaca<\/strong>, arte vizuale<\/p>\n<p><strong>Izabela Ghergu<\/strong>, muzic\u0103<\/p>\n<p><strong>Parteneri<\/strong>: Kaufland Rom\u00e2nia, Globalworth Foundation<\/p>\n<p><strong>Sponsori<\/strong>: Kultho, B&amp;B Collection, PPG-Deutek, Negro 2000, Sofmedica, Transgaz SA, Enayati Medical City, Raycap, Residence Hotels, Film Experience, Hotel Siqua, Elite Art Gallery,<\/p>\n<p><strong>Parteneri media<\/strong>: TVR, Radio Rom\u00e2nia Muzical, Radio Rom\u00e2nia Cultural, Magic FM<\/p>\n","protected":false},"excerpt":{"rendered":"<p>Depunerea dosarelor \u00a0de candidatur\u0103 a avut loc \u00een perioada septembrie-octombrie 2021. Procesul de selec\u021bie a constat \u00een analiza dosarelor depuse, selec\u021bia candida\u021bilor de c\u0103tre juriul de specialitate, interviuri on-line \u0219i anchete sociale. Evaluarea portofoliului de c\u0103tre un juriu de specialitate, compus din personalit\u0103\u021bi din mediul&#8230;<\/p>\n","protected":false},"author":7,"featured_media":18962,"comment_status":"closed","ping_status":"closed","sticky":false,"template":"","format":"standard","meta":[],"categories":[163],"tags":[],"_links":{"self":[{"href":"https:\/\/www.tineretalente.org\/index.php\/wp-json\/wp\/v2\/posts\/18954"}],"collection":[{"href":"https:\/\/www.tineretalente.org\/index.php\/wp-json\/wp\/v2\/posts"}],"about":[{"href":"https:\/\/www.tineretalente.org\/index.php\/wp-json\/wp\/v2\/types\/post"}],"author":[{"embeddable":true,"href":"https:\/\/www.tineretalente.org\/index.php\/wp-json\/wp\/v2\/users\/7"}],"replies":[{"embeddable":true,"href":"https:\/\/www.tineretalente.org\/index.php\/wp-json\/wp\/v2\/comments?post=18954"}],"version-history":[{"count":7,"href":"https:\/\/www.tineretalente.org\/index.php\/wp-json\/wp\/v2\/posts\/18954\/revisions"}],"predecessor-version":[{"id":18969,"href":"https:\/\/www.tineretalente.org\/index.php\/wp-json\/wp\/v2\/posts\/18954\/revisions\/18969"}],"wp:featuredmedia":[{"embeddable":true,"href":"https:\/\/www.tineretalente.org\/index.php\/wp-json\/wp\/v2\/media\/18962"}],"wp:attachment":[{"href":"https:\/\/www.tineretalente.org\/index.php\/wp-json\/wp\/v2\/media?parent=18954"}],"wp:term":[{"taxonomy":"category","embeddable":true,"href":"https:\/\/www.tineretalente.org\/index.php\/wp-json\/wp\/v2\/categories?post=18954"},{"taxonomy":"post_tag","embeddable":true,"href":"https:\/\/www.tineretalente.org\/index.php\/wp-json\/wp\/v2\/tags?post=18954"}],"curies":[{"name":"wp","href":"https:\/\/api.w.org\/{rel}","templated":true}]}}