{"id":19153,"date":"2022-10-11T05:48:10","date_gmt":"2022-10-11T03:48:10","guid":{"rendered":"https:\/\/www.tineretalente.org\/?p=19153"},"modified":"2022-10-12T05:51:04","modified_gmt":"2022-10-12T03:51:04","slug":"muzicieni-de-talie-internationala-intr-un-concert-regal-caritabil-pe-scena-ateneului-roman-in-sustinerea-tinerilor-talentati-ai-romaniei","status":"publish","type":"post","link":"https:\/\/www.tineretalente.org\/index.php\/2022\/10\/11\/muzicieni-de-talie-internationala-intr-un-concert-regal-caritabil-pe-scena-ateneului-roman-in-sustinerea-tinerilor-talentati-ai-romaniei\/","title":{"rendered":"Muzicieni de talie interna\u021bional\u0103 \u00eentr-un Concert Regal caritabil pe scena Ateneului Rom\u00e2n, \u00een sus\u021binerea tinerilor talenta\u021bi ai Rom\u00e2niei"},"content":{"rendered":"<p><strong>Muzicieni rom\u00e2ni de talie interna\u021bional\u0103 \u2013 ambasadori ai programului na\u021bional <em>Tinere Talente,<\/em> derulat de Funda\u021bia Regal\u0103 Margareta a Rom\u00e2niei &#8211; se vor reuni la Bucure\u0219ti pentru a sus\u021bine un spectacol-eveniment dedicat str\u00e2ngerii de fonduri pentru acest program. <\/strong><\/p>\n<p><strong>Concertul Regal caritabil<\/strong><strong>, aflat la cea de-a 13-a edi\u021bie, va avea loc pe 25 octombrie 2022, la Ateneul Rom\u00e2n, \u00een prezen\u021ba Familiei Regale a Rom\u00e2niei. <\/strong>Ca \u00een fiecare an, sus\u021bin\u0103tori ai artei &#8211; reprezentan\u021bi diplomatici, personalit\u0103\u021bi de cultur\u0103 \u0219i lideri din mediul de afaceri, donatori \u0219i sponsori ai Funda\u021biei, \u00ee\u0219i dau \u00eent\u00e2lnire la Ateneul Rom\u00e2n pentru a sprijini tineri arti\u0219ti cu posibilit\u0103\u021bi financiare limitate s\u0103-\u0219i urmeze talentul, primind la schimb un regal muzical \u0219i o dovad\u0103 incontestabil\u0103 a faptului c\u0103 sus\u021binerea lor conteaz\u0103.<\/p>\n<p>Violoncelistul <strong>Andrei Ioni\u021b\u0103<\/strong>, unul dintre cei mai valoro\u0219i arti\u0219ti afirma\u021bi pe scenele lumii \u00een ultimul deceniu \u0219i primul muzician rom\u00e2n c\u00e2\u0219tig\u0103tor al Concursului Ceaikovski, <strong>Diana Alexe<\/strong>, sopran\u0103 pe scenele teatrelor de oper\u0103 din Austria \u0219i Germania \u0219i <strong>George V\u00eerban<\/strong>, tenor al prestigioaselor scene europene, evolueaz\u0103 la Ateneul Rom\u00e2n pentru a sus\u021bine eforturile Funda\u021biei \u0219i a oferi \u0219ansa altor tineri la \u00eenceput de drum s\u0103 \u00ee\u0219i urmeze visul. Programul muzical compus dintr-o selec\u021bie a celor mai frumoase pagini de oper\u0103 \u0219i operet\u0103, arii \u0219i duete celebre extrase din crea\u021bii ale unor compozitori precum Charles Gounod, Giuseppe Verdi, Gaetano Donizetti, Franz Lehar sau Pablo Sorozabal, precum \u0219i Varia\u021biunile Rococo de P. I. Ceaikovski, va fi sus\u021binut de Orchestra New Hope,\u00a0dirijat\u0103 de David Crescenzi.<\/p>\n<p>Protagoni\u0219tii Concertului Regal &#8211; Andrei Ioni\u021b\u0103, Diana Alexe \u0219i George V\u00eerban &#8211; fac parte din primele genera\u021bii de bursieri ai Funda\u021biei, iar ast\u0103zi sunt nume cunoscute ale scenelor interna\u021bionale, de la\u00a0Carnegie Hall, New York, Londra, Shangai,\u00a0Munchen p\u00e2n\u0103 la Viena.<\/p>\n<p><strong>Rom\u00e2nia are nevoie de art\u0103!<\/strong><\/p>\n<p>Iubitorii muzicii clasice \u0219i ai artei pot deveni la r\u00e2ndul lor sus\u021bin\u0103tori ai burselor <em>Tinere Talente<\/em> prin <a href=\"https:\/\/www.iabilet.ro\/bilete-concert-regal-caritabil-77522\/\">achizi\u021bionarea biletelor<\/a> la Concertul Regal caritabil. Companiile se pot al\u0103tura ca sponsori ai programului <em>Tinere Talente.<\/em> <strong><em>\u00a0<\/em><\/strong>Fondurile ob\u021binute vor ajuta arti\u0219tii la \u00eenceput de drum s\u0103 \u00ee\u0219i dezvolte poten\u021bialul, pe parcursul urm\u0103torului an, prin burse, mentorat \u0219i promovare. \u00cen lipsa acestui sprijin, tinerii talenta\u021bi ai Rom\u00e2niei \u00ee\u0219i vor putea atinge foarte greu sau deloc adev\u0103ratul poten\u021bial.<\/p>\n<p><strong>Dona\u021bii \u0219i sponsoriz\u0103ri pentru tinerii talenta\u021bi ai Rom\u00e2niei<\/strong><\/p>\n<p>Ateneul Rom\u00e2n va fi \u0219i spa\u021biul \u00een care muzica clasic\u0103 se \u00eent\u00e2lne\u0219te cu arta vizual\u0103, prin lucr\u0103rile \u00a0realizate \u0219i expuse \u00een foaier de tineri arti\u0219ti vizuali, bursieri ai Funda\u021biei \u00een 2022. Expozi\u021bia este inspirat\u0103 din preocup\u0103rile \u0219i pasiunile membrilor Familiei Regale de-a lungul timpului, la r\u00e2ndul lor ghida\u021bi de modele din domeniul social, din via\u021ba social\u0103 a vremurilor.<\/p>\n<p>Fondurile str\u00e2nse din sponsoriz\u0103rile \u0219i dona\u021biile atrase la Concertul Regal caritabil au \u00eensumat de-a lungul timpului peste 1.800.000 de euro \u0219i au fost investi\u021bi \u00een viitorul artistic al Rom\u00e2niei. Au fost acordate \u00een total 380 de burse tinerilor talenta\u021bi afla\u021bi la \u00eenceput de drum, care provin din familii cu venituri reduse, iar cu sprijinul mentorilor \u0219i a promov\u0103rii sus\u021binute, ace\u0219tia au reu\u0219it performan\u021be extraordinare pe plan na\u021bional \u0219i interna\u021bional. Programul <em>Tinere Talente<\/em> este recunoscut ca <em>Cel mai bun Program de art\u0103 \u0219i Cultur\u0103 din Rom\u00e2nia<\/em>, de 4 ori laureat la Gala Societ\u0103\u021bii Civile, inclusiv \u00een 2022.<\/p>\n<p>Organizat anual, \u00eencep\u00e2nd din 2008, de c\u0103tre Funda\u021bia Regal\u0103 Margareta Rom\u00e2niei, Concertul Regal caritabil a avut loc \u00een mod tradi\u021bional \u00een ziua de 25 octombrie, \u00een ziua de na\u0219tere a Regelui Mihai I al Rom\u00e2niei, fondator al Funda\u021biei al\u0103turi de Majestatea Sa Margareta, Custodele Coroanei rom\u00e2ne. Fiecare edi\u021bie a concertului aniversar a adus pe scena Ateneului Rom\u00e2n cei mai valoro\u0219i muzicieni ai momentului \u0219i mari orchestre, \u00een sus\u021binerea tinerilor arti\u0219ti rom\u00e2ni.<\/p>\n<p><em>Concertul Regal Caritabil va fi transmis live la TVR 2 \u0219i la Radio Rom\u00e2nia Muzical.<\/em><\/p>\n<p><strong>Parteneri 2022: <\/strong><\/p>\n<p>Co-produc\u0103tori: TVR, Radio Rom\u00e2nia Muzical, Radio Rom\u00e2nia Cultural<\/p>\n<p>Partener: Kaufland Rom\u00e2nia<\/p>\n<p>Sponsori: Globalworth Foundation, Kultho, Oskar, Dedeman, Pepco, Sofmedica, Enayati Group, Boiron Rom\u00e2nia, Raycap, Hotel Siqua, Easy Print Services<\/p>\n<p>Parteneri media: Magic FM, RFI Rom\u00e2nia, Forbes, Forbes Life, BIZ, Historia, Zile \u0219i Nop\u021bi, Chapter4 Rom\u00e2nia, Revista Cultura, The Institute, Radio Clasic, Phoenix Media, Nine O\u2019Clock, Societatea Muzical\u0103, Revista Cariere, Capital Cultural, Insight TAROM, Iqads, Smark, The Diplomat, Bucharest Journal, MediaTrust Romania<\/p>\n<p>Cu sprijinul: Filarmonica George Enescu, Muzeul Municipiului Bucure\u0219ti, Iabilet.ro<\/p>\n<p><strong>Despre programul na\u021bional Tinere Talente<\/strong><\/p>\n<p>Mul\u021bi copii talenta\u021bi provin din familii ale c\u0103ror posibilit\u0103\u021bi financiare nu le permit s\u0103-\u0219i urmeze talentul. Astfel, Rom\u00e2nia pierde \u00een fiecare an zeci de tineri talenta\u021bi, care altfel ar putea deveni ambasadori culturali. Rom\u00e2nia are nevoie de art\u0103! Ca r\u0103spuns la aceast\u0103 problem\u0103, Funda\u021bia Regal\u0103 Margareta a Rom\u00e2niei a creat un program na\u021bional pentru a sprijini, \u00eendruma \u0219i promova ace\u0219ti tineri arti\u0219ti talenta\u021bi, care provin din familii cu venituri reduse \u0219i care au nevoie de sprijin financiar pentru a-\u0219i atinge adev\u0103ratul poten\u021bial \u0219i a-\u0219i exprima talentul. 380 de tineri cu v\u00e2rsta \u00eentre 14 \u015fi 24 de ani care studiaz\u0103 muzica sau artele vizuale \u00een licee \u0219i universit\u0103\u021bi din Rom\u00e2nia au fost ajuta\u021bi s\u0103-\u0219i dep\u0103\u0219easc\u0103 greut\u0103\u021bile financiare \u0219i s\u0103 continue s\u0103-\u0219i exprime valoarea artistic\u0103.<\/p>\n<p><strong>Despre Funda\u0163ia Regal\u0103 Margareta a Rom\u00e2niei<\/strong><\/p>\n<p>Funda\u0163ia Regal\u0103 Margareta a Rom\u00e2niei (FRMR) a fost \u00eenfiin\u0163at\u0103 \u00een 1990 de c\u0103tre Regele Mihai I al Rom\u00e2niei \u0219i Majestatea Sa Margareta, Custodele Coroanei rom\u00e2ne. Cu o activitate de peste 30 de ani, Funda\u021bia Regal\u0103 Margareta a Rom\u00e2niei sprijin\u0103 copii, tineri \u0219i v\u00e2rstnici prin interven\u021bii durabile, bazate pe schimbul de experien\u021b\u0103 \u0219i valori \u00eentre genera\u021bii. De-a lungul timpului, Funda\u021bia s-a implicat \u00een numeroase proiecte sociale, culturale \u015fi de sus\u021binere a educa\u021biei \u015fi talentului artistic. Mai multe detalii despre programele Funda\u0163iei sunt disponibile pe <a href=\"http:\/\/www.frmr.ro\">www.frmr.ro<\/a>.<\/p>\n<p><strong>BIOGRAFII ARTI\u0218TI<\/strong><\/p>\n<p><strong>Andrei Ioni\u021b\u0103<\/strong> \u2013 <strong>violoncelist de talie mondial\u0103, primul muzician rom\u00e2n c\u00e2\u0219tig\u0103tor al Concursului Ceaikovski<\/strong><\/p>\n<p>Desemnat \u201cBBC New Generation Artist\u201d pentru perioada 2016-2018, numit de publica\u021bia The Times: \u201cunul dintre cei mai captivan\u021bi violonceli\u0219ti care s-au afirmat \u00een ultimul deceniu\u201d, cu o tehnic\u0103 \u0219i muzicalitate str\u0103lucitoare, Andrei Ioni\u021b\u0103 este primul muzician rom\u00e2n care a c\u00e2\u0219tigat, \u00een anul 2015, medalia de aur la Concursul Ceaikovski de la Moscova, una dintre cele mai semnificative competi\u021bii muzicale din lume. Andrei Ioni\u021b\u0103 a c\u00e2ntat deja pe scene dintre cele mai prestigioase din Europa, Statele Unite ale Americii \u0219i Asia, \u00een recital sau \u00een concerte al\u0103turi de orchestre precum Filarmonica din Munchen, Filarmonica Ceh\u0103, Filarmonica din Tokyo, Filarmonica din Sankt Petersburg.<\/p>\n<p><strong>Diana Alexe &#8211; sopran\u0103 <\/strong><\/p>\n<p>\u00cen 2013 a c\u00e2\u0219tigat premiul pentru cea mai bun\u0103 solist\u0103 cu v\u00e2rsta sub 20 de ani. \u00cen 2016 a primit \u00a0un premiu special din partea tenorului Teodor Ilinc\u0103i. \u00cen 2017 a debutat pe scena Operei Comice pentru Copii din Bucure\u0219ti. \u00cen 2018 a plecat la studii si a activat in Academia Operei de Stat din Viena.\u00a0 \u00cen 2019 a \u00a0primit premiul pentru cea mai bun\u0103 interpretare a unui lied de Dvo\u0159\u00e1k si Premiul I a Concursul Interna\u021bional \u201eAntonin Dvorak\u201d din Republica Ceh\u0103, precum \u0219i alte meritorii premii la concursuri din Austria, Polonia, Slovacia \u0219i Rom\u00e2nia. \u00cen 2021 a debutat pe scena Musikverein Graz \u0219i Konzerthaus Viena \u00een produc\u021bia-film de Don Giovanni televizat\u0103 la ORF III \u0219i al c\u0103rei CD a fost lansat. Ast\u0103zi, la doar 27 de ani, soprana Diana Alexe c\u00e2nt\u0103 pe scenele teatrelor de oper\u0103 din Austria \u0219i Germania.<\/p>\n<p><strong>George V\u00eerban \u2013<\/strong> <strong>tenor,<\/strong> <strong>solist al Teatrului Na\u021bional de Opereta \u0219i Musical \u201cIon Dacian\u201d Bucure\u0219ti \u00a0<\/strong><\/p>\n<p>\u00cen 2015,\u00a0 a c\u00e2\u0219tigat premiul Radio Rom\u00e2nia la concursul interna\u021bional Grand Prix Opera. \u00cen 2016,\u00a0 a debutat \u00een rolul lui Lensky la Opera din Saransk, Rusia, concert\u00e2nd la Opera Grand Avignon, Fran\u021ba \u0219i\u00a0 \u00een deschiderea stagiunii de Opera de la Sala Radio. \u00cen 2017, tenorul George V\u00eerban a c\u00e2ntat la Opera Na\u021bional\u0103 Rom\u00e2n\u0103 din Cluj-Napoca, a sus\u021binut un turneu interna\u021bional \u00een 8 ora\u0219e din China \u0219i a concertat la Theatre des Champs Elysees, Paris. \u00centre anii 2017 \u2013 2019, tenorul George V\u00eerban a fost solist colaborator permanent la Opera Na\u021bional\u0103 din Bucure\u0219ti, iar din 2017 p\u00e2n\u0103 \u00een prezent este prim solist al Teatrului Na\u021bional de Opereta \u0219i Musical \u201cIon Dacian\u201d Bucure\u0219ti. \u00cen 2019 a c\u00e2\u0219tigat premiul trei la Concursul Interna\u021bional de Canto Virginia Zeani, iar \u00een perioada 2019-2021 a fost solist al prestigioasei Opere de Stat din M\u00fcnchen.<\/p>\n<p><strong>David Crescenzi, <\/strong>unul dintre cei mai importan\u021bi dirijori, este invitat constant s\u0103 conduc\u0103 muzical mont\u0103ri ale unor titluri importante pe scene lirice de prestigiu. \u00cen Romania a dirijat, de-a lungul timpului, importante spectacole \u00een cadrul Operei Na\u0163ionale Rom\u00e2ne din Timi\u015foara (\u00eencep\u00e2nd cu 2002) si al Operei Na\u0163ionale din Bucure\u015fti (2006). \u00cen 2007 a participat cu Opera Na\u0163ional\u0103 Rom\u00e2n\u0103 din Timi\u015foara la Festivalul Interna\u0163ional \u201cGeorge Enescu\u201d din Bucure\u015fti, dirij\u00e2nd \u201eTosca\u201d de Puccini. \u00cen 2008, pe Arena \u201eSferisterio\u201d din Macerata, a dirijat \u00een prim\u0103 audi\u0163ie absolut\u0103 \u00een Italia \u201eNeues vom Tages\u201d de Paul Hindemith. Tot \u00een 2008 a devenit dirijor invitat al Operei Na\u0163ionale Rom\u00e2ne din Cluj-Napoca. Din 2013 este dirijor invitat la orchestrele Radio din Bucure\u015fti. \u00centre anii 2014 &#8211; 2020 a fost director artistic \u0219i dirijor permanent la Cairo Opera House din Egipt. Iar \u00een 2021 a devenit dirijor permanent la Opera Na\u021bional\u0103 Rom\u00e2n\u0103 din Ia\u0219i.<\/p>\n<p><strong>Orchestra New Hope <\/strong><\/p>\n<p>New Hope\u00a0 este o orchestra de proiect care are\u00a0 ca scop s\u0103 aduc\u0103, prin muzic\u0103, bucurie \u00een sufletele oamenilor suferinzi \u0219i celor care le sunt al\u0103turi.\u00a0Unicitatea proiectului const\u0103 \u00een realizarea unor serii de concerte \u00een spitalele din Rom\u00e2nia, \u00een semn de recuno\u0219tin\u021b\u0103 \u0219i apreciere pentru cadrele medicale care au stat \u00een ultimul an \u00een linia \u00eent\u00e2i, lupt\u00e2nd \u00eempotriva virusului COVID-19.<\/p>\n<p>C\u00e2nd pasiunea, iubirea pentru semeni \u0219i bucuria c\u00e2ntatului \u00eempreun\u0103 se \u00eempletesc cu excelen\u021ba, ia fiin\u021b\u0103 Muzica. Ea este for\u021ba care define\u0219te personalitatea fiec\u0103rui muzician al orchestrei New Hope. Tinerii interpre\u021bi, selecta\u021bi riguros, sunt membrii \u00een cele mai importante orchestre din \u021bar\u0103: Filarmonica George Enescu, Orchestra Na\u021bional\u0103 Radio, Orchestra Operei Na\u021bionale Bucure\u0219ti, Orchestra Rom\u00e2n\u0103 de tineret, etc.<\/p>\n","protected":false},"excerpt":{"rendered":"<p>Muzicieni rom\u00e2ni de talie interna\u021bional\u0103 \u2013 ambasadori ai programului na\u021bional Tinere Talente, derulat de Funda\u021bia Regal\u0103 Margareta a Rom\u00e2niei &#8211; se vor reuni la Bucure\u0219ti pentru a sus\u021bine un spectacol-eveniment dedicat str\u00e2ngerii de fonduri pentru acest program. Concertul Regal caritabil, aflat la cea de-a 13-a&#8230;<\/p>\n","protected":false},"author":7,"featured_media":19154,"comment_status":"closed","ping_status":"closed","sticky":false,"template":"","format":"standard","meta":[],"categories":[163],"tags":[],"_links":{"self":[{"href":"https:\/\/www.tineretalente.org\/index.php\/wp-json\/wp\/v2\/posts\/19153"}],"collection":[{"href":"https:\/\/www.tineretalente.org\/index.php\/wp-json\/wp\/v2\/posts"}],"about":[{"href":"https:\/\/www.tineretalente.org\/index.php\/wp-json\/wp\/v2\/types\/post"}],"author":[{"embeddable":true,"href":"https:\/\/www.tineretalente.org\/index.php\/wp-json\/wp\/v2\/users\/7"}],"replies":[{"embeddable":true,"href":"https:\/\/www.tineretalente.org\/index.php\/wp-json\/wp\/v2\/comments?post=19153"}],"version-history":[{"count":1,"href":"https:\/\/www.tineretalente.org\/index.php\/wp-json\/wp\/v2\/posts\/19153\/revisions"}],"predecessor-version":[{"id":19155,"href":"https:\/\/www.tineretalente.org\/index.php\/wp-json\/wp\/v2\/posts\/19153\/revisions\/19155"}],"wp:featuredmedia":[{"embeddable":true,"href":"https:\/\/www.tineretalente.org\/index.php\/wp-json\/wp\/v2\/media\/19154"}],"wp:attachment":[{"href":"https:\/\/www.tineretalente.org\/index.php\/wp-json\/wp\/v2\/media?parent=19153"}],"wp:term":[{"taxonomy":"category","embeddable":true,"href":"https:\/\/www.tineretalente.org\/index.php\/wp-json\/wp\/v2\/categories?post=19153"},{"taxonomy":"post_tag","embeddable":true,"href":"https:\/\/www.tineretalente.org\/index.php\/wp-json\/wp\/v2\/tags?post=19153"}],"curies":[{"name":"wp","href":"https:\/\/api.w.org\/{rel}","templated":true}]}}