{"id":19353,"date":"2022-11-21T08:55:20","date_gmt":"2022-11-21T06:55:20","guid":{"rendered":"https:\/\/www.tineretalente.org\/?p=19353"},"modified":"2022-11-21T08:55:20","modified_gmt":"2022-11-21T06:55:20","slug":"concert-senzorial-cu-lumina-stinsa-o-experienta-imersiva-si-un-exercitiu-de-empatie-prin-muzica-clasica-joi-24-noiembrie","status":"publish","type":"post","link":"https:\/\/www.tineretalente.org\/index.php\/2022\/11\/21\/concert-senzorial-cu-lumina-stinsa-o-experienta-imersiva-si-un-exercitiu-de-empatie-prin-muzica-clasica-joi-24-noiembrie\/","title":{"rendered":"Concert Senzorial cu lumina stins\u0103 \u2013 o experien\u021b\u0103 imersiv\u0103  \u0219i un exerci\u021biu de empatie prin muzic\u0103 clasic\u0103 &#8211;  joi, 24 noiembrie"},"content":{"rendered":"<p><strong>O sear\u0103 muzical\u0103 inedit\u0103, o experien\u021b\u0103 senzorial\u0103 exclusiv auditiv\u0103<\/strong><strong>,<\/strong><strong> este propus\u0103 publicului de Funda\u021bia Regal\u0103 Margareta a Rom\u00e2niei, \u00een parteneriat cu Universitatea Na\u0163ional\u0103 de Muzic\u0103 din Bucure\u015fti. Recitalul de muzic\u0103 clasic\u0103 cu lumina stins\u0103 pe scen\u0103 \u0219i \u00een sal\u0103 are loc joi, 24 noiembrie, \u00een Sala Auditorium, fiind sus\u021binut de bursierii programului <em>Tinere Talente<\/em> \u0219i pianista Verona Maier, prof. univ. dr. \u0219i mentor al proiectului. <\/strong><\/p>\n<p>\u00centr-o lume concentrat\u0103 pe imagini vizuale, care pot distorsiona percep\u021bia autentic\u0103, publicul este introdus \u00een lumea sunetului \u0219i a emo\u021biilor, ce vor fi create de vioar\u0103, violoncel, chitar\u0103, voce \u0219i pian, prin interpretarea unor lucr\u0103ri din repertoriul compozitorilor G. Enescu, P.I. Ceaikovski, C. Debussy, H. Vieuxtemps, F. Tarrega, L. Brouwer, Nuccio D\u2019Angelo.<\/p>\n<p>Pentru c\u0103 societatea con\u0219tientizeaz\u0103 prea pu\u021bin situa\u021bia \u00een care se afl\u0103 nev\u0103z\u0103torii, <strong><em>Concertul Senzorial<\/em><\/strong> ofer\u0103 ocazia unui <strong>experiment artistic exclusiv auditiv<\/strong>, cu scopul de a \u00een\u021belege mai bine via\u021ba de zi cu zi, petrecut\u0103 \u00een \u00eentuneric, a persoanelor nev\u0103z\u0103toare \u0219i de a dezvolta o comunitate incluziv\u0103 \u00een jurul actelor de cultur\u0103, care ar trebui s\u0103 fie accesibile \u00een mod egal tuturor oamenilor.<\/p>\n<p>Astfel, la finalul concertului, publicul va fi provocat la o <strong>discu\u021bie liber\u0103<\/strong> prin care s\u0103 \u00ee\u0219i exprime emo\u021biile \u0219i sentimentele tr\u0103ite \u00een timpul recitalului cu lumina stins\u0103, aceasta fiind moderat\u0103 de prof. univ. dr. Verona Maier. <em>Putem oare experimenta cu to\u021bii muzica dintr-o nou\u0103 perspectiv\u0103? Putem sparge \u00eempreun\u0103 mituri \u0219i prejudec\u0103\u021bi? \u00centr-o lume obsedat\u0103 de imagine, ne cre\u0103m realitatea cu ochii sau cu mintea? Cum putem reda<\/em> <em>conexiunea cu sunetul \u00een artele vizuale?<\/em><\/p>\n<p>\u00cen public vor fi invita\u021bi \u0219i tineri arti\u0219ti vizuali, pentru a lua parte la aceast\u0103 <strong>experien\u021b\u0103 muzical\u0103 imersiv\u0103, tolerant\u0103 \u0219i incluziv\u0103<\/strong>, pe care s\u0103 o redea ulterior \u00een imagini percepute doar prin <em>ochii min\u021bii<\/em>, printr-o colec\u021bie de lucr\u0103ri ce vor fi inspirate de Concertul Senzorial.<\/p>\n<p>Evenimentul <em>Concert Senzorial<\/em> face parte din seria de ac\u021biuni de promovare a tinerilor arti\u0219ti afla\u021bi la \u00eenceput de drum, sus\u021binu\u021bi \u00een dezvoltarea lor pe parcursul anului 2022 de Funda\u021bia Regal\u0103 Margareta a Rom\u00e2niei. Un proiect similar a fost realizat \u00een prima parte a anului &#8211; expozi\u021bia de arte vizuale <em>Jurnal de Via\u021b\u0103, <\/em>care a integrat concepte \u0219i simboluri inspirate de pove\u0219tile de via\u021b\u0103, tr\u0103irile, amintirile persoanelor v\u00e2rstnice.<\/p>\n<p>Pe parcursul anului 2022, proiectul <em>Tinere Talente<\/em> a sus\u021binut 30 de arti\u0219ti vizuali \u0219i muzicieni cu sprijin financiar, mentorat \u0219i oportunit\u0103\u021bi de manifestare \u0219i expunere a operelor \u00een spa\u021biul public. Astfel, bursierii \u0219i-au l\u0103rgit orizontul profesional, \u0219i-au dezvoltat abilit\u0103\u021bile \u0219i portofoliul artistic, dar s-au \u0219i \u00eembog\u0103\u021bit \u00een plan personal prin proiectele speciale la care au participat la propunerea Funda\u021biei Regale Margareta a Rom\u00e2niei.<\/p>\n<p><strong>Tineri<\/strong><strong> muzicieni \u0219i arti\u0219ti vizuali cu v\u00e2rste \u00eentre 14 \u0219i 24 de ani<\/strong>, elevi sau studen\u021bi la institu\u021biile de \u00eenv\u0103\u021b\u0103m\u00e2nt voca\u021bional, care provin din familii cu venituri modeste, sunt invita\u021bi s\u0103 se \u00eenscrie \u00een <strong>Selec\u021bia na\u021bional\u0103<\/strong> prin trimiterea aplica\u021biei p\u00e2n\u0103 la <strong>30 noiembrie 2022<\/strong>. Detalii pe <strong><a href=\"https:\/\/www.tineretalente.org\">www.tineretalente.org<\/a>.<\/strong><\/p>\n<p><em><strong>Accesul<\/strong><\/em>\u00a0la concert este\u00a0<em><strong>liber<\/strong><\/em>, \u00een limita locurilor disponibile, pe baza\u00a0<em><strong>\u00eenscrierii<\/strong><\/em>\u00a0\u00een prealabil la\u00a0<em><strong>adresa<\/strong><\/em>\u00a0de e-mail <a href=\"mailto:prieten@principesa.ro\"><strong>prieten@principesa.ro<\/strong><\/a><strong>.<\/strong><\/p>\n<p><strong>Partener<\/strong>: Kaufland Rom\u00e2nia<\/p>\n<p><strong>Sponsori:<\/strong> Globalworth Foundation, Kultho, Oskar, Dedeman, Pepco, PSC Group, Sofmedica, Enayati Group, Boiron Rom\u00e2nia, Raycap, Hotel Siqua, Easy Print Services, Foto Experience, Emotion Philms.<\/p>\n<p>&nbsp;<\/p>\n<p><strong>Despre Programul na\u021bional Tinere Talente<\/strong><\/p>\n<p>Programul na\u021bional <em>Tinere Talente<\/em> a debutat \u00een anul 2009 cu scopul de a sprijini \u0219i promova tinerii arti\u0219ti talenta\u021bi care provin din familii cu venituri reduse \u0219i care au nevoie de sprijin financiar pentru a-\u0219i atinge adev\u0103ratul poten\u021bial \u0219i a-\u0219i exprima talentul. Ceea ce diferen\u021biaz\u0103 programul <em>Tinere Talente <\/em>de alte proiecte care ofer\u0103 burse este abordarea holistic\u0103, centrat\u0103 pe dezvoltarea \u0219i afirmarea acestor arti\u0219ti \u00een devenire. Pe l\u00e2ng\u0103 sprijinul financiar, tinerii primesc \u00eendrumarea unor mentori valoro\u0219i, preg\u0103tire prin masterclass-uri \u0219i au oportunit\u0103\u021bi de promovare foarte importante, toate acestea cre\u00e2nd o platform\u0103 de lansare \u00een cariera artistic\u0103. P\u00e2n\u0103 \u00een prezent, 380 de burse au fost acordate tinerilor talenta\u021bi, afla\u021bi la \u00eenceput de drum, care studiaz\u0103 muzica sau artele vizuale \u00een licee \u0219i universit\u0103\u021bi din Rom\u00e2nia, fiind ajuta\u021bi s\u0103-\u0219i dep\u0103\u0219easc\u0103 greut\u0103\u021bile financiare \u0219i s\u0103 continue s\u0103-\u0219i exprime valoarea artistic\u0103. Mai multe detalii sunt disponibile pe <a href=\"http:\/\/www.tinteretalente.org\">www.tinteretalente.org<\/a>.<\/p>\n","protected":false},"excerpt":{"rendered":"<p>O sear\u0103 muzical\u0103 inedit\u0103, o experien\u021b\u0103 senzorial\u0103 exclusiv auditiv\u0103, este propus\u0103 publicului de Funda\u021bia Regal\u0103 Margareta a Rom\u00e2niei, \u00een parteneriat cu Universitatea Na\u0163ional\u0103 de Muzic\u0103 din Bucure\u015fti. Recitalul de muzic\u0103 clasic\u0103 cu lumina stins\u0103 pe scen\u0103 \u0219i \u00een sal\u0103 are loc joi, 24 noiembrie, \u00een&#8230;<\/p>\n","protected":false},"author":7,"featured_media":19354,"comment_status":"closed","ping_status":"closed","sticky":false,"template":"","format":"standard","meta":[],"categories":[163],"tags":[],"_links":{"self":[{"href":"https:\/\/www.tineretalente.org\/index.php\/wp-json\/wp\/v2\/posts\/19353"}],"collection":[{"href":"https:\/\/www.tineretalente.org\/index.php\/wp-json\/wp\/v2\/posts"}],"about":[{"href":"https:\/\/www.tineretalente.org\/index.php\/wp-json\/wp\/v2\/types\/post"}],"author":[{"embeddable":true,"href":"https:\/\/www.tineretalente.org\/index.php\/wp-json\/wp\/v2\/users\/7"}],"replies":[{"embeddable":true,"href":"https:\/\/www.tineretalente.org\/index.php\/wp-json\/wp\/v2\/comments?post=19353"}],"version-history":[{"count":3,"href":"https:\/\/www.tineretalente.org\/index.php\/wp-json\/wp\/v2\/posts\/19353\/revisions"}],"predecessor-version":[{"id":19357,"href":"https:\/\/www.tineretalente.org\/index.php\/wp-json\/wp\/v2\/posts\/19353\/revisions\/19357"}],"wp:featuredmedia":[{"embeddable":true,"href":"https:\/\/www.tineretalente.org\/index.php\/wp-json\/wp\/v2\/media\/19354"}],"wp:attachment":[{"href":"https:\/\/www.tineretalente.org\/index.php\/wp-json\/wp\/v2\/media?parent=19353"}],"wp:term":[{"taxonomy":"category","embeddable":true,"href":"https:\/\/www.tineretalente.org\/index.php\/wp-json\/wp\/v2\/categories?post=19353"},{"taxonomy":"post_tag","embeddable":true,"href":"https:\/\/www.tineretalente.org\/index.php\/wp-json\/wp\/v2\/tags?post=19353"}],"curies":[{"name":"wp","href":"https:\/\/api.w.org\/{rel}","templated":true}]}}