{"id":19491,"date":"2023-05-09T09:10:46","date_gmt":"2023-05-09T07:10:46","guid":{"rendered":"http:\/\/www.tineretalente.org\/?p=19491"},"modified":"2023-05-10T09:28:23","modified_gmt":"2023-05-10T07:28:23","slug":"arta-muzicii-de-camera-si-dezvoltarea-talentelor-muzicale","status":"publish","type":"post","link":"https:\/\/www.tineretalente.org\/index.php\/2023\/05\/09\/arta-muzicii-de-camera-si-dezvoltarea-talentelor-muzicale\/","title":{"rendered":"Arta muzicii de camer\u0103 \u0219i dezvoltarea talentelor muzicale"},"content":{"rendered":"<p><strong>Masterclass sus\u021binut de prof. univ. dr. Verona Maier \u0219i Recital la Ateneul Rom\u00e2n al tinerilor muzicieni bursieri <em>Tinere Talente<\/em><\/strong><\/p>\n<p><strong>\u00cen perioada 12-14 mai 2023, Funda\u021bia Regal\u0103 Margareta a Rom\u00e2niei, \u00een parteneriat cu Universitatea Na\u021bional\u0103 de Muzic\u0103 din Bucure\u0219ti, organizeaz\u0103 primul masterclass de muzic\u0103 de camer\u0103 al anului, \u00een cadrul programului na\u021bional <\/strong><a href=\"https:\/\/www.tineretalente.org\/\"><strong><em>Tinere Talente<\/em><\/strong><\/a> <strong>2023, <\/strong><strong>sus\u021binut de prof. univ. dr. Verona Maier, mentor al proiectului.<\/strong> Zilele dedicate studiului muzicii camerale se \u00eencheie cu un <strong>recital <\/strong>sus\u021binut de tinerii muzicieni bursieri ai programului<em>,<\/em> <strong>duminic\u0103, 14 mai, la ora 19:00, la Sala Mic\u0103 a Ateneului Rom\u00e2n<\/strong>.<\/p>\n<p>Sesiunile de masterclass, sus\u021binute sub atenta \u00eendrumare \u0219i consiliere a personalit\u0103\u021bilor consacrate ale vie\u021bii culturale, fac parte din seria de ac\u021biuni prin care tinerii muzicieni talenta\u021bi, bursieri ai programului, afla\u021bi la \u00eenceputul carierei, sunt sprijini\u021bi pentru dezvoltarea \u0219i manifestarea lor artistic\u0103 de Funda\u021bia Regal\u0103 \u0219i partenerii s\u0103i.<\/p>\n<p>Timp de trei zile, tinerii muzicieni au \u0219ansa s\u0103 \u00eenve\u021be, s\u0103 studieze \u0219i s\u0103 \u00een\u021beleag\u0103 concepte \u0219i principii care stau la baza interpret\u0103rii muzicii de camer\u0103 prin masterclass-ul oferit de Verona Maier, un mentor experimentat \u0219i valoros al programului.<\/p>\n<p>Cu o bogat\u0103 activitate artistic\u0103, materializat\u0103 \u00een recitaluri, concerte, festivaluri \u015fi cursuri de m\u0103iestrie \u00een Rom\u00e2nia, dar \u0219i \u00een str\u0103in\u0103tate (Italia, Elve\u0163ia, Fran\u0163a, Ungaria, Germania, Austria, Spania, Portugalia, Grecia, Danemarca, Polonia, Suedia, Marea Britanie, Cehia, Slovacia, Norvegia, Israel, Iran, Macedonia), Verona Maier este doctor \u00een muzic\u0103, profesor de muzic\u0103 de camer\u0103 \u0219i Prorector al Universit\u0103\u021bii Na\u021bionale de Muzic\u0103 Bucure\u0219ti. \u00cen 2004, ca o \u00eencununare a performan\u021belor sale artistice deosebite, a fost distins\u0103 cu medalia \u201eMeritul cultural\u201d \u2013 clasa I de Pre\u015fedin\u0163ia Rom\u00e2niei. Muzica de camer\u0103 este principala sa preocupare, cea mai mare parte a activit\u0103\u021bii sale de scen\u0103 fiind legat\u0103 de repertoriul cameral cu pian. \u00cen acest sens, num\u0103rul apari\u021biilor \u00een recitaluri \u00een \u021bar\u0103 dep\u0103\u015fe\u015fte o mie, iar cele \u00een str\u0103in\u0103tate, unele \u00een cadrul unor festivaluri de profil, \u00eensumeaz\u0103 peste o sut\u0103.<\/p>\n<p><strong>Recitalul de la Ateneul Rom\u00e2n are un program muzical<\/strong> care include lucr\u0103ri compuse de Mozart,\u00a0Spohr, Gounod, Silvestri, Puccini, Piazzolla, J. Strauss,\u00a0Massenet, Schubert, Krommer, Gnatalli, Rahmaninov, Enescu, Schubert \u0219i Poulenc, \u00een interpretarea bursierilor Ioan B\u0103nescu \u2013 chitar\u0103, Alexandra Barbosa \u2013 oboi, Teodora Boloca \u2013 viol\u0103, Raluca Ciula \u2013 clarinet, Julia Coteanu &#8211; violoncel, Andreea Mihalache \u2013 viol\u0103, Ioana Catinca Mure\u0219an \u2013 harp\u0103, Irina Petrescu \u2013 pian, Iasmina Sava \u2013 pian, Isabela St\u0103nescu \u2013 canto, Iurie Surguciov \u2013 violoncel, Claudiu \u0218u\u021bu \u2013 saxofon, Emilia Tudorache \u2013 canto \u0219i Teodora Todoran \u2013 vioar\u0103. Invitat: Theodor Andreescu \u2013 vioar\u0103.<\/p>\n<p><em>\u201dPentru tinerii bursieri muzicieni ai programului Tinere Talente al Funda\u021biei Regale, \u00eent\u00e2lnirea \u00een jurul \u0219i \u00een interiorul unui curs de muzic\u0103 de camer\u0103 \u00eenseamn\u0103 ocazia de \u201da gusta\u201d &#8211; pentru unii, prima dat\u0103 &#8211; din bucuria \u0219i frumuse\u021bea colabor\u0103rii camerale cu colegi de genera\u021bie. Extrem de onoranta \u0219i generoasa g\u0103zduire de c\u0103tre Filarmonica \u201dGeorge Enescu\u201d a concertului-bilan\u021b din 14 mai este un privilegiu pe care fiecare dintre participan\u021bi \u0219i to\u021bi laolalt\u0103 \u00eel vor pre\u021bui \u0219i pentru care niciun efort nu va fi precupe\u021bit \u00een cele trei zile de curs premerg\u0103toare evenimentului. \u00cemp\u0103rt\u0103\u0219irea acestei experien\u021be cu cei ce le vor fi al\u0103turi \u00een Sala Studio a Ateneului Rom\u00e2n duminic\u0103, 14 mai, la orele 19, va \u00eencununa fericirea descoperirii unei deschideri pe care muzica de camer\u0103 o ofer\u0103 vie\u021bii viitorilor arti\u0219ti interpre\u021bi muzicieni.\u00a0<\/em><\/p>\n<p><em>Pentru c\u0103 muzica de camer\u0103 este calea c\u0103tre cunoa\u0219tere de sine prin ceilal\u021bi. Este rela\u021bionare \u0219i comunicare, este \u0219tiin\u021ba \u0219i \u201dpofta\u201d de a dialoga. Este o promisiune: nu vei fi niciodat\u0103 singur! Muzica de camer\u0103 \u00eei \u00eenva\u021b\u0103 pe muzicienii care-i fac loc \u00een via\u021ba lor ascultare respectuoas\u0103, reactivitate adecvat\u0103, colaborare inteligent\u0103 \u0219i rela\u021bionare permanent\u0103. Sunt deprinderi care nu doar sporesc calitatea individual\u0103 a fiec\u0103ruia dintre cei care experimenteaz\u0103 c\u00e2ntatul \u00eempreun\u0103, ci \u0219i calitatea de fiin\u021b\u0103 social\u0103 a artistului, apropiindu-l de \u00eemplinirea rosturilor sale \u00een aceast\u0103 lume, pentru sine \u0219i pentru cei din jur. Pentru c\u0103 muzica de camer\u0103 \u00eembog\u0103\u021be\u0219te peisajul g\u00e2ndirii \u0219i tr\u0103irilor sale cu ingrediente esen\u021biale: grij\u0103, \u00eencredere, r\u0103bdare, generozitate, \u00een\u021belegere \u0219i armonie. A\u0219adar, nu doar o lec\u021bie de muzic\u0103, ci o substan\u021bial\u0103 \u0219i frumoas\u0103 lec\u021bie de via\u021b\u0103.\u201d, <\/em><strong>sus\u021bine Verona Maier, mentor al programului Tinere Talente.<\/strong><\/p>\n<p>Profilele tinerilor muzicieni care vor urca pe scena Ateneului Rom\u00e2n pot fi consultate <a href=\"https:\/\/www.tineretalente.org\/index.php\/bursieri\/\">aici<\/a>.<\/p>\n<p><strong>Participarea<\/strong> la recital <strong>este posibil\u0103 prin \u00eenscrie<\/strong><strong>re<\/strong> la adresa de e-mail <a href=\"mailto:ana.butaru@fundatiaregala.ro\">ana.butaru@fundatiaregala.ro<\/a> , cu o dona\u021bie \u00een sprijinul direct al bursierilor <em>Tinere Talente<\/em>, de 49 lei, pe <a href=\"https:\/\/l.facebook.com\/l.php?u=http%3A%2F%2Fwww.frmr.ro%2Fdonationline%2F%3Ffbclid%3DIwAR3rlfwcvTzjDKiivGdCrO0otpo7FCaEww3UAgouF5MNO0vO3Sy3TnEDZeQ&amp;h=AT0epBOOLWnpDxN7UMuTHFvH5x2BhUmjRzqwaN-ALDc_rnsFIbudGwA3UO1NUL_NytSgCaGP4JuA47UHVSIb5vRIBAhhZLGNwOL7vwV8imTyAtF8htsZ_rZfb5gRYct6UQ&amp;__tn__=-UK-R&amp;c%5b0%5d=AT0h04_CyWmEdHJu4gKxDSMt-AYNwqIGXDzaosYUayMGFeudxWy9MO3UJqaPPyL9uLueH0IY_ivmEHwV1SDMWDPt00VziE8Ncwe7elVhSBvNVFpQjniuvJiB4jLWds0AI1Wqf_aAFeOykuLZuyeATnN8ojpxbaUoVegMu3RvrlGQZZwxNR2nDxek5qpkQzFVu5SwyFJ_25HOYeGpBQ\">www.frmr.ro\/donationline\/<\/a> &#8211; <strong>categoria TINERI<\/strong>.<\/p>\n<p><strong>Num\u0103rul de locuri este limitat.<\/strong><\/p>\n<p><strong>Partener program<\/strong>: Kaufland Rom\u00e2nia<\/p>\n<p><strong>Sponsori program:<\/strong> Kultho, Oskar, Dedeman, PEPCO, PSC Group, Sofmedica, Enayati Medical City, Casa Siqua, Easy Print Services, Foto Experience, Emotion Philms Production<\/p>\n<p><strong>Parteneri media program: <\/strong>TVR, Radio Rom\u00e2nia Muzical, Radio Rom\u00e2nia Cultural, Radio Trinitas, RFI Rom\u00e2nia, Magic FM, Agerpres, Forbes, Forbes Life, Revista BIZ, Revista CARIERE, Historia, Zile \u0219i Nop\u021bi, Revista Cultura, The Institute, Radio Clasic, Phoenix Media, Nine O\u2019Clock, Societatea Muzical\u0103, Insight TAROM, IQads, SMARK, The Diplomat, Financial Intelligence, MediaTrust Rom\u00e2nia, Zenith Media Rom\u00e2nia<\/p>\n<p><strong>Parteneri institu\u021bionali: <\/strong>Universitatea Na\u021bional\u0103 de Muzic\u0103 din Bucure\u0219ti, Filarmonica \u201dGeorge Enescu\u201d<\/p>\n<p><strong>Despre programul <em>Tinere Talente<\/em><\/strong><\/p>\n<p>Mul\u021bi copii talenta\u021bi provin din familii ale c\u0103ror posibilit\u0103\u021bi financiare nu le permit s\u0103-\u0219i urmeze talentul. Astfel, Rom\u00e2nia pierde \u00een fiecare an zeci de tineri talenta\u021bi, care altfel ar putea deveni ambasadori culturali. Programul na\u021bional <em>Tinere Talente<\/em> a debutat \u00een anul 2008 cu scopul de a sprijini \u0219i promova tinerii arti\u0219ti talenta\u021bi care provin din familii cu venituri reduse \u0219i care au nevoie de sprijin financiar pentru a-\u0219i atinge adev\u0103ratul poten\u021bial \u0219i a-\u0219i exprima talentul. Ceea ce diferen\u021biaz\u0103 programul <em>Tinere Talente <\/em>de alte proiecte care ofer\u0103 burse este abordarea holistic\u0103, centrat\u0103 pe dezvoltarea \u0219i afirmarea acestor arti\u0219ti \u00een devenire. Pe l\u00e2ng\u0103 sprijinul financiar, tinerii primesc \u00eendrumarea unor mentori valoro\u0219i, preg\u0103tire prin masterclass-uri \u0219i au oportunit\u0103\u021bi de promovare foarte importante, toate acestea cre\u00e2nd o platform\u0103 de lansare \u00een cariera artistic\u0103. <em>Tinere Talente<\/em> a fost recunoscut ca cel mai bun program de Art\u0103 \u0219i Cultur\u0103 din Rom\u00e2nia, laureat la Gala Societ\u0103\u021bii Civile \u00een anii 2013, 2015, 2017, 2022 \u0219i a primit locul al II-lea la aceea\u0219i categorie, \u00een 2019. Mai multe detalii sunt disponibile pe<a href=\"https:\/\/www.tineretalente.org\/\"> www.tineretalente.org<\/a>. Programul na\u021bional <em>Tinere Talente<\/em> este sus\u021binut de parteneri \u0219i sponsori, dar \u0219i prin dona\u021bii realizate prin <strong>SMS la 8864 cu textul ART\u0102<\/strong>, prin care publicul poate dona <strong>4 Euro lunar<\/strong>, sus\u021bin\u00e2nd astfel bursele pentru tinerii talenta\u021bi, pentru viitorul artistic al Rom\u00e2niei.<\/p>\n","protected":false},"excerpt":{"rendered":"<p>Masterclass sus\u021binut de prof. univ. dr. Verona Maier \u0219i Recital la Ateneul Rom\u00e2n al tinerilor muzicieni bursieri Tinere Talente \u00cen perioada 12-14 mai 2023, Funda\u021bia Regal\u0103 Margareta a Rom\u00e2niei, \u00een parteneriat cu Universitatea Na\u021bional\u0103 de Muzic\u0103 din Bucure\u0219ti, organizeaz\u0103 primul masterclass de muzic\u0103 de camer\u0103&#8230;<\/p>\n","protected":false},"author":7,"featured_media":19495,"comment_status":"closed","ping_status":"closed","sticky":false,"template":"","format":"standard","meta":[],"categories":[163],"tags":[],"_links":{"self":[{"href":"https:\/\/www.tineretalente.org\/index.php\/wp-json\/wp\/v2\/posts\/19491"}],"collection":[{"href":"https:\/\/www.tineretalente.org\/index.php\/wp-json\/wp\/v2\/posts"}],"about":[{"href":"https:\/\/www.tineretalente.org\/index.php\/wp-json\/wp\/v2\/types\/post"}],"author":[{"embeddable":true,"href":"https:\/\/www.tineretalente.org\/index.php\/wp-json\/wp\/v2\/users\/7"}],"replies":[{"embeddable":true,"href":"https:\/\/www.tineretalente.org\/index.php\/wp-json\/wp\/v2\/comments?post=19491"}],"version-history":[{"count":2,"href":"https:\/\/www.tineretalente.org\/index.php\/wp-json\/wp\/v2\/posts\/19491\/revisions"}],"predecessor-version":[{"id":19494,"href":"https:\/\/www.tineretalente.org\/index.php\/wp-json\/wp\/v2\/posts\/19491\/revisions\/19494"}],"wp:featuredmedia":[{"embeddable":true,"href":"https:\/\/www.tineretalente.org\/index.php\/wp-json\/wp\/v2\/media\/19495"}],"wp:attachment":[{"href":"https:\/\/www.tineretalente.org\/index.php\/wp-json\/wp\/v2\/media?parent=19491"}],"wp:term":[{"taxonomy":"category","embeddable":true,"href":"https:\/\/www.tineretalente.org\/index.php\/wp-json\/wp\/v2\/categories?post=19491"},{"taxonomy":"post_tag","embeddable":true,"href":"https:\/\/www.tineretalente.org\/index.php\/wp-json\/wp\/v2\/tags?post=19491"}],"curies":[{"name":"wp","href":"https:\/\/api.w.org\/{rel}","templated":true}]}}