{"id":19524,"date":"2023-10-16T13:00:15","date_gmt":"2023-10-16T11:00:15","guid":{"rendered":"https:\/\/www.tineretalente.org\/?p=19524"},"modified":"2023-10-27T13:02:31","modified_gmt":"2023-10-27T11:02:31","slug":"concert-regal-caritabil-pe-scena-ateneului-roman-pe-25-octombrie-in-sprijinul-tinerilor-talentati-ai-romaniei","status":"publish","type":"post","link":"https:\/\/www.tineretalente.org\/index.php\/2023\/10\/16\/concert-regal-caritabil-pe-scena-ateneului-roman-pe-25-octombrie-in-sprijinul-tinerilor-talentati-ai-romaniei\/","title":{"rendered":"Concert Regal caritabil pe scena Ateneului Rom\u00e2n, pe 25 octombrie, \u00een sprijinul tinerilor talenta\u021bi ai Rom\u00e2niei"},"content":{"rendered":"<p><strong>Muzicieni de excep\u021bie vor c\u00e2nta pe 25 octombrie, la Ateneul Rom\u00e2n, pentru a sprijini noua genera\u021bie de tineri talenta\u021bi ai Rom\u00e2niei. Concertul Regal Caritabil, organizat de <\/strong><a href=\"https:\/\/www.frmr.ro\"><strong>Funda\u021bia Regal\u0103 Margareta a Rom\u00e2niei<\/strong><\/a><strong>, aduce pe scena Ateneului Rom\u00e2n nume importante ale scenelor lirice europene &#8211; tenorul Ioan Hotea, dirijorul Gabriel Bebe\u0219elea \u0219i mezzosoprana Martiniana Antonie. \u00cen prezen\u021ba membrilor Familiei Regale a Rom\u00e2niei, ace\u0219tia vor oferi un <\/strong><strong>spectacol eveniment al generozit\u0103\u021bii \u0219i al valorilor autentice. <\/strong><\/p>\n<p><strong>Biletele \u0219i sponsorii Concertului Regal vor asigura fondurile necesare pentru ca tinerii muzicieni \u0219i arti\u0219ti vizuali din familii f\u0103r\u0103 posibilit\u0103\u021bi financiare s\u0103 primeasc\u0103 bursa \u0219i sprijinul programului na\u021bional <\/strong><a href=\"https:\/\/www.tineretalente.org\/\"><strong><em>Tinere Talente<\/em><\/strong><\/a><strong><em>. <\/em><\/strong><strong>Detalii pe <\/strong><a href=\"http:\/\/www.frmr.ro\/concert-regal\"><strong>www.frmr.ro\/concert-regal<\/strong><\/a><strong>.<\/strong><\/p>\n<p>Ca \u00een fiecare an, remarcabilul eveniment este punctul de \u00eent\u00e2lnire pentru mul\u021bi sus\u021bin\u0103tori ai artei \u0219i culturii, printre care se num\u0103r\u0103 reprezentan\u021bi diplomatici, personalit\u0103\u021bi din sfera cultural\u0103 \u0219i lideri din lumea afacerilor, precum \u0219i donatori, sponsori ori simpatizan\u021bi ai Funda\u021biei Regale Margareta a Rom\u00e2niei.<\/p>\n<p>Gra\u021bie sus\u021binerii oferite unei cauze nobile, Funda\u021bia \u00ee\u0219i propune s\u0103 finan\u021beze \u00een fiecare an un num\u0103r de 30 de burse, acordate prin programul <strong><em>Tinere Talente<\/em><\/strong>. Prin aceste burse, tineri muzicieni sau arti\u0219ti vizuali primesc sus\u021binere material\u0103 pentru a-\u0219i acoperi cheltuielile legate de dezvoltarea darurilor artistice \u0219i acces la oportunit\u0103\u021bi vitale pentru cariera lor, precum masterclass-uri, sesiuni de mentorat cu personalit\u0103\u021bi ale lumii artistice \u0219i participarea la evenimente artistice importante.<\/p>\n<p><strong>Pe 25 octombrie, a 14-a edi\u021bie a Concertului Regal Caritabil \u00eei aduce \u00eempreun\u0103 pe scena Ateneului Rom\u00e2n pe<\/strong> <strong>tenorul Ioan Hotea \u0219i mezzosoprana Martiniana Antonie<\/strong>, al\u0103turi de <strong>Orchestra Rom\u00e2n\u0103 de Tineret<\/strong>, <strong>dirijat\u0103 de Gabriel Bebe\u0219elea. Programul muzical al serii este compus dintr-o selec\u021bie a celor mai frumoase lucr\u0103ri de oper\u0103 \u0219i operet\u0103, arii \u0219i duete celebre extrase din crea\u021bii ale unor compozitorii precum Rossini, Bizet, Gounod \u0219i Richard\u00a0Strauss.<\/strong><\/p>\n<p>\u201d<em>M\u0103 onoreaz\u0103 invita\u021bia de a participa la Concertul Regal caritabil, mai ales datorit\u0103 scopului nobil de sus\u021binere \u0219i promovare a tinerilor talenta\u021bi, ambi\u021bio\u0219i, afla\u021bi la \u00eenceput de drum, dar defavoriza\u021bi de suportul financiar. Rolul asumat de Funda\u021bia Regal\u0103 Margareta a Rom\u00e2niei \u00een sprijinirea acestor tineri este, desigur, vital pentru viitorul noilor generatii de arti\u0219ti.<\/em><\/p>\n<p><em>M\u0103 bucur s\u0103 \u00eempart scena pentru prima dat\u0103 cu t\u00e2n\u0103ra \u0219i foarte talentata mezzosopran\u0103 Martiniana Antonie, cu maestrul Gabriel Bebe\u0219elea, al\u0103turi de care am debutat \u00een opera Don Giovanni de W. A. Mozart, acum 10 ani, pe scena studioului de oper\u0103 a UNMB, mai apoi pe scena Operei Na\u021bionale din Bucure\u0219ti. Nu \u00een ultimul r\u00e2nd, m\u0103 bucur\u0103 colaborarea pentru\u00a0prima\u00a0dat\u0103 cu Orchestra Rom\u00e2n\u0103 de Tineret, care este \u00een sine format\u0103 din tineri instrumenti\u0219ti, de cert\u0103 performan\u021b\u0103, orchestr\u0103 despre care am auzit numai cuvinte de laud\u0103<\/em><em>.<\/em>\u201d, <strong>spune Ioan Hotea<\/strong>, <strong>tenor de succes<\/strong> <strong>pe scene\u00a0celebre ale lumii <\/strong>\u0219i laureat al numeroase concursuri de canto, \u00eentre care Operalia Placido Domingo, Londra 2015 \u0219i Hariclea Darcl\u00e9e 2015, Grand Prix.<\/p>\n<p><em>\u201cAm primit cu mare bucurie \u0219i emo\u021bie<\/em><em>\u00a0<\/em><em>invita\u021bia de a fi solist\u0103 a Concertului Regal.\u00a0Sunt profund onorat\u0103 ca dup\u0103 7 ani s\u0103 am oportunitatea de a reveni \u0219i a c\u00e2nta \u00een fa\u021ba Familiei Regale \u0219i a publicului elitist rom\u00e2n. Va fi un concert special, pentru \u0219ansa de a c\u00e2nta \u00eempreun\u0103 cu minunatul tenor Ioan Hotea, sub bagheta maestrului Bebe\u0219elea, mentorul care mi-a c\u0103l\u0103uzit pa\u0219ii c\u0103tre Academia Rossiniana din Pesaro, acolo unde mi-am f\u0103cut \u0219i debutul operistic absolut. Este un concert de mul\u021bumire, pentru cei doi ani pre\u021bio\u0219i\u00a0 \u00een care am fost bursier\u0103 a programului Tinere Talente, perioada care \u0219i-a spus cuv\u00e2ntul \u00een dezvoltarea mea artistic\u0103 \u0219i care\u00a0mi-a deschis u\u0219i spre oportunit\u0103\u021bi extraordinare, f\u0103r\u0103 de care nu a\u0219 fi unde sunt ast\u0103zi. Rom\u00e2nia are nevoie de art\u0103, iar tinerii talenta\u021bi au nevoie de sus\u021binere \u0219i de un mediu propice \u00een care s\u0103 poat\u0103 evolua. Rom\u00e2nia are nevoie de Tinere Talente!\u201d, <\/em><strong>declar\u0103 \u0219i mezzosoprana Martiniana Antonie.<\/strong><\/p>\n<p><strong>In rotonda Ateneului Rom\u00e2n, publicul prezent la seara de gal\u0103 poate admira expozi\u021bia realizat\u0103 de tinerii arti\u0219ti vizuali, bursieri ai programului <em>Tinere Talente<\/em>, realizat\u0103 sub \u00eendrumarea mentorului conf. univ. dr. Ion Anghel, \u00een perioada taberei de crea\u021bie interdisciplinar\u0103 de la Balcic, din luna august\u00a0a\u00a0acestui\u00a0an.<\/strong><\/p>\n<p>Concertul Regal are loc \u00een mod tradi\u021bional \u00een data de 25 octombrie &#8211; ziua de na\u0219tere a Regelui Mihai I al Rom\u00e2niei, fondator al Funda\u021biei al\u0103turi de Majestatea Sa Margareta Custodele Coroanei rom\u00e2ne. Fiecare edi\u021bie a concertului aniversar a adus pe scena Ateneului Rom\u00e2n cei mai valoro\u0219i muzicieni ai momentului \u0219i mari orchestre, \u00een sus\u021binerea tinerilor arti\u0219ti rom\u00e2ni.<\/p>\n<p><strong>Bilete pe <\/strong><a href=\"http:\/\/www.eventim.ro\"><strong>www.eventim.ro<\/strong><\/a><strong>. <\/strong><\/p>\n<p><strong>Rom\u00e2nia are nevoie de art\u0103!<\/strong><\/p>\n<p>Pasiona\u021bii de muzic\u0103 clasic\u0103 \u0219i art\u0103 pot contribui \u00een mod activ la sus\u021binerea <a href=\"https:\/\/www.tineretalente.org\/\">tinerilor talen<\/a>ta\u021bi prin participarea la Concertul Regal Caritabil \u0219i <a href=\"https:\/\/www.frmr.ro\/concert-regal\/\">achizi\u021bionarea de bilete<\/a>. De asemenea, <a href=\"https:\/\/www.frmr.ro\/wp-content\/uploads\/2023\/08\/Buton-Fii-Sponsor_ppt-Concert-Regal-2023.pdf\">companiile<\/a> au oportunitatea de a se al\u0103tura ca sponsori ai programului <strong><em>Tinere Talente<\/em><\/strong>. Fondurile str\u00e2nse \u00een urma acestor ini\u021biative vor avea un impact semnificativ asupra evolu\u021biei arti\u0219tilor afla\u021bi la \u00eenceput de carier\u0103 \u00een urm\u0103torul an, oferindu-le burse, mentorat \u0219i promovare esen\u021bial\u0103. F\u0103r\u0103 acest sprijin, tinerii talenta\u021bi din Rom\u00e2nia ar putea s\u0103-\u0219i ating\u0103 cu dificultate, sau chiar s\u0103 nu ating\u0103 deloc, poten\u021bialul lor autentic.<\/p>\n<p>De-a lungul timpului, fondurile acumulate din sponsoriz\u0103ri \u0219i dona\u021bii str\u00e2nse la Concertul Regal Caritabil au dep\u0103\u0219it suma de 1.800.000 de euro, reprezent\u00e2nd o investi\u021bie semnificativ\u0103 \u00een viitorul artistic al \u021b\u0103rii noastre. P\u00e2n\u0103 \u00een prezent, 410 burse au fost acordate tinerilor talenta\u021bi, provenind din medii cu venituri reduse, iar cu sprijinul oferit de mentori \u0219i prin promovarea sus\u021binut\u0103, ace\u0219tia au ob\u021binut realiz\u0103ri remarcabile at\u00e2t la nivel na\u021bional, c\u00e2t \u0219i interna\u021bional. Programul <strong><em>Tinere Talente<\/em><\/strong> este recunoscut de 4 ori ca Cel mai bun Program de Art\u0103 \u0219i Cultur\u0103 din Rom\u00e2nia, laureat \u00een anii 2013, 2015, 2017 \u0219i 2022 la Gala Societ\u0103\u021bii Civile.<\/p>\n<p><em>Concertul Regal Caritabil va fi transmis live la TVR Cultural \u0219i la Radio Rom\u00e2nia Muzical.<\/em><\/p>\n<p><strong>Co-produc\u0103tori:<\/strong> TVR Cultural, Radio Rom\u00e2nia Muzical<\/p>\n<p><strong>Partener:<\/strong> Kaufland Rom\u00e2nia<\/p>\n<p><strong>Sponsori<\/strong>: B&amp;B Collection &#8211; Kultho, PPG Rom\u00e2nia &#8211; Oskar, Dedeman, PEPCO Retail, Enayati Medical City, Ferrero Rom\u00e2nia, PSC Group, Dove Rom\u00e2nia, Casa Siqua, Easy Print Services, Foto Experience, Film Experience, Emotion Philms Production<\/p>\n<p><strong>Sponsori in-kind Concert Regal:<\/strong> Nespresso, Aqua Carpatica, Chateau Purcari, InterContinental Athenee Palace Bucure\u0219ti, Alina Cern\u0103tescu Fashion.<\/p>\n<p><strong>Parteneri media:<\/strong> Europa FM, Radio Rom\u00e2nia Cultural, Radio Rom\u00e2nia Actualit\u0103\u021bi, Radio Trinitas, RFI Rom\u00e2nia, Radio Clasic, Agerpres, Forbes, Forbes Life, Historia, Revista BIZ, Haute Culture, Zile \u0219i Nop\u021bi, Adev\u0103rul, ziarul cotidian diplomatic Nine O\u2019Clock, Revista CARIERE, Phoenix Media, Insight TAROM, IQads, SMARK, The Institute, The Diplomat, Societatea Muzical\u0103, CSR Media, Revista Cultura, Zenith Media, mediaTRUST Rom\u00e2nia<\/p>\n<p><strong>Cu sprijinul:<\/strong> Filarmonica George Enescu, Centrul Na\u021bional de Art\u0103 \u201eTinerimea Rom\u00e2n\u0103\u201d<\/p>\n","protected":false},"excerpt":{"rendered":"<p>Muzicieni de excep\u021bie vor c\u00e2nta pe 25 octombrie, la Ateneul Rom\u00e2n, pentru a sprijini noua genera\u021bie de tineri talenta\u021bi ai Rom\u00e2niei. Concertul Regal Caritabil, organizat de Funda\u021bia Regal\u0103 Margareta a Rom\u00e2niei, aduce pe scena Ateneului Rom\u00e2n nume importante ale scenelor lirice europene &#8211; tenorul Ioan&#8230;<\/p>\n","protected":false},"author":7,"featured_media":19521,"comment_status":"closed","ping_status":"closed","sticky":false,"template":"","format":"standard","meta":[],"categories":[163],"tags":[],"_links":{"self":[{"href":"https:\/\/www.tineretalente.org\/index.php\/wp-json\/wp\/v2\/posts\/19524"}],"collection":[{"href":"https:\/\/www.tineretalente.org\/index.php\/wp-json\/wp\/v2\/posts"}],"about":[{"href":"https:\/\/www.tineretalente.org\/index.php\/wp-json\/wp\/v2\/types\/post"}],"author":[{"embeddable":true,"href":"https:\/\/www.tineretalente.org\/index.php\/wp-json\/wp\/v2\/users\/7"}],"replies":[{"embeddable":true,"href":"https:\/\/www.tineretalente.org\/index.php\/wp-json\/wp\/v2\/comments?post=19524"}],"version-history":[{"count":1,"href":"https:\/\/www.tineretalente.org\/index.php\/wp-json\/wp\/v2\/posts\/19524\/revisions"}],"predecessor-version":[{"id":19525,"href":"https:\/\/www.tineretalente.org\/index.php\/wp-json\/wp\/v2\/posts\/19524\/revisions\/19525"}],"wp:featuredmedia":[{"embeddable":true,"href":"https:\/\/www.tineretalente.org\/index.php\/wp-json\/wp\/v2\/media\/19521"}],"wp:attachment":[{"href":"https:\/\/www.tineretalente.org\/index.php\/wp-json\/wp\/v2\/media?parent=19524"}],"wp:term":[{"taxonomy":"category","embeddable":true,"href":"https:\/\/www.tineretalente.org\/index.php\/wp-json\/wp\/v2\/categories?post=19524"},{"taxonomy":"post_tag","embeddable":true,"href":"https:\/\/www.tineretalente.org\/index.php\/wp-json\/wp\/v2\/tags?post=19524"}],"curies":[{"name":"wp","href":"https:\/\/api.w.org\/{rel}","templated":true}]}}