{"id":19565,"date":"2023-11-16T14:40:47","date_gmt":"2023-11-16T12:40:47","guid":{"rendered":"https:\/\/www.tineretalente.org\/?p=19565"},"modified":"2023-11-23T08:44:09","modified_gmt":"2023-11-23T06:44:09","slug":"expozitia-tinere-talente-la-tnb-o-colectie-de-lucrari-realizate-de-bursierii-fundatiei-regale-margareta-a-romaniei-editia-2023","status":"publish","type":"post","link":"https:\/\/www.tineretalente.org\/index.php\/2023\/11\/16\/expozitia-tinere-talente-la-tnb-o-colectie-de-lucrari-realizate-de-bursierii-fundatiei-regale-margareta-a-romaniei-editia-2023\/","title":{"rendered":"Expozi\u021bia Tinere Talente la TNB &#8211; o colec\u021bie de lucr\u0103ri realizate de bursierii Funda\u021biei Regale Margareta a Rom\u00e2niei, edi\u021bia 2023"},"content":{"rendered":"<p><strong>A 15-a genera\u021bie de tineri arti\u0219ti talenta\u021bi rom\u00e2ni marcheaz\u0103 finalizarea anului de burs\u0103 printr-o colec\u021bie de lucr\u0103ri de art\u0103 vizual\u0103 expuse la Teatrul Na\u021bional \u201eI.L. Caragiale\u201d din Bucure\u0219ti (TNB), \u00een perioada 18 noiembrie &#8211; 18 decembrie 2023. <\/strong><\/p>\n<p><strong>Anul acesta, 30 de tineri talenta\u021bi, 15 muzicieni \u0219i 15 arti\u0219ti vizuali, afla\u021bi la \u00eenceput de drum, au fost sus\u021binu\u021bi s\u0103 se dezvolte prin <\/strong><a href=\"https:\/\/www.tineretalente.org\/\"><strong>programul na\u021bional Tinere Talente<\/strong><\/a><strong>, derulat de Funda\u021bia Regal\u0103 Margareta a Rom\u00e2niei, prin burs\u0103 \u00een valoare de 2.000 euro, sesiuni de mentorat \u0219i stagii de masterclass intergenera\u021bionale, precum \u0219i oportunit\u0103\u021bi de promovare a talentului lor artistic \u00een cadrul evenimentelor organizate de Funda\u021bie \u0219i parteneri ai proiectului.<\/strong><\/p>\n<p><strong>Expozi\u021bia de arte vizuale a talenta\u021bilor arti\u0219ti vizuali <\/strong>din acest an, g\u0103zduit\u0103 de Teatrul Na\u021bional Bucure\u0219ti, partener al evenimentului, <strong>este deschis\u0103 publicului timp de o lun\u0103, \u00eencep\u00e2nd de s\u00e2mb\u0103t\u0103, 18 noiembrie<\/strong>. Aceasta include lucr\u0103ri relevante din proiecte individuale ale bursierilor programului <strong><em>Tinere Talente<\/em><\/strong>, realizate \u00een 2023 cu materiale achizi\u021bionate din burs\u0103, precum \u0219i selec\u021bii de lucr\u0103ri din proiectele comune: <em>expozi\u021biile Jurnal de Via\u021b\u0103, Pasiunile \u0219i preocup\u0103rile membrilor Familiei Regale de-a lungul timpului \u0219i Exerci\u021bii de istorie la Balcic. <\/em>Cele trei expozi\u021bii au fost realizate sub \u00eendrumarea mentorilor programului &#8211; conf. univ. dr. Carmen Apetrei \u0219i conf. univ. dr. Ion Anghel, iar de-a lungul anului 2023 au fost organizate \u00een spa\u021bii neconven\u021bionale, precum la Muzeul Municipiului Bucure\u0219ti &#8211; Casa Filipescu-Cesianu, \u00een aer liber, de-a lungul a 35 metri de trotuar sau \u00een rotonda Ateneului Rom\u00e2n.<\/p>\n<p><em>\u201cExpozi\u021bia bursierilor programului Tinere Talente \u0219i-a g\u0103sit resursele \u00een preocup\u0103rile \u0219i pasiunile membrilor Familiei regale de-a lungul timpului, totodat\u0103, \u0219i \u00een propriul discurs\/demers artistic al bursierilor. Putem s\u0103 ne referim la cuv\u00e2ntul preocupare \u0219i \u00een sensul expresiei \u201ea purta de grij\u0103\u201d, care \u00eensumeaz\u0103, poate cel mai bine, apropierea \u0219i d\u0103ruirea fa\u021b\u0103 de semeni, dar \u0219i la faptul c\u0103 o pasiune \u00eemp\u0103rt\u0103\u0219it\u0103 cu ceilal\u021bi devine un mijloc care ne ofer\u0103 o conexiune \u0219i o comunicare nemijlocit\u0103. In acest sens, consider c\u0103 tinerii bursieri au g\u0103sit o ilustrare edificatoare a d\u0103ruirii \u0219i generozit\u0103\u021bii prin acest suport oferit \u00een cadrul proiectului desf\u0103\u0219urat de Funda\u021bia Regal\u0103 Margareta a Rom\u00e2niei \u0219i care vine \u00een completarea sus\u021binerii primite din partea familiilor \u0219i a institu\u021biilor de \u00eenv\u0103\u021b\u0103m\u00e2nt artistic \u00een care se formeaz\u0103.<\/em><\/p>\n<p><em>Apreciez, deopotriv\u0103, parcursul bursierilor de-a lungul acestui an, dar \u0219i sprijinul oferit de echipa coordonatoare a programului a c\u0103rei activitate exprim\u0103 pe deplin valori \u0219i atitudini, cum ar fi profesionalismul, implicarea, empatia, aspecte pe care trebuie s\u0103 ni le reamintim \u0219i s\u0103 le promovam mai des \u00een societatea rom\u00e2neasc\u0103.\u201d<\/em>, <strong>m\u0103rturise\u0219te conf. univ. dr. Carmen Apetrei, Decan al Facult\u0103\u021bii de Arte Plastice, mentor <\/strong><strong>\u00een cadrul programului Tinere Talente<\/strong><\/p>\n<p><em>\u201cExerci\u021bii de istorie. Se pare c\u0103 locul \u00een care ne na\u0219tem \u021bine de destin. Nu este alegerea noastr\u0103. \u00cens\u0103 odat\u0103 \u00eenf\u0103ptuit\u0103 venirea pe p\u0103m\u00e2nt, fiecare dintre noi avem o mare r\u0103spundere moral\u0103 fa\u021b\u0103 de cei care ne-au dat via\u021b\u0103, dar \u0219i pentru locul \u00een care am v\u0103zut lumina pentru prima dat\u0103. Mai mult de at\u00e2t, exist\u0103 oameni care iubesc dincolo de grani\u021be, deschiz\u00e2ndu-\u0219i sufletul filotim \u00een fa\u021ba semenilor. A\u0219a ne apare Balcicul prin prisma istoriei lui croit\u0103 cu mult\u0103 inteligen\u021b\u0103 de Regina Maria. Acest fior emo\u021bional a r\u0103mas nealterat \u00een timp, doar vremurile \u0219i oamenii schimb\u00e2ndu-se. <\/em><\/p>\n<p><em>\u00cen ac\u021biunea din aceast\u0103 var\u0103 de la Balcic, tinerii, impulsiona\u021bi de acest proiect al Funda\u021biei Regale, au practicat un soi de arheologie vizual\u0103 \u0219i sentimental\u0103 asupra peisajelor cu maluri albe. Rezultatele bursierilor se afl\u0103 dincolo de imaginile create de ei, de aceea ele trebuie t\u0103lm\u0103cite \u0219i nu doar privite. Au fost \u00eendruma\u021bi s\u0103 simt\u0103, s\u0103 descopere, s\u0103 vad\u0103 lucruri inaccesibile trec\u0103torilor, s\u0103 z\u0103boveasc\u0103 cu pacea sufleteasc\u0103 a Reginei de odinioar\u0103, pentru a readuce \u00een fa\u021ba publicului contemporan acea stare de spirit aflat\u0103 pe cale de dispari\u021bie. Avem nevoie de repere! \u201c<\/em>, <strong>spune \u0219i conf. univ. dr.<\/strong> <strong>Ion Anghel, UNARTE, mentor \u00een cadrul programului Tinere Talente<\/strong><\/p>\n<p>La finalul anului de burs\u0103 <strong><em>Tinere Talente<\/em><\/strong>, Funda\u021bia Regal\u0103 organizeaz\u0103 <strong><em>Gala Tinere Talente<\/em><\/strong> \u2013 un eveniment dedicat bursierilor, care vin \u00een fa\u021ba publicului pentru a expune crea\u021biile, proiectele lor artistice individuale \u0219i comune, progresele pe care le-au f\u0103cut prin participarea la programul Funda\u021biei.<\/p>\n<p><strong>Concertul sus\u021binut de bursierii muzicieni va avea loc luni, 20 noiembrie 2023, la Teatrul Na\u021bional Bucure\u0219ti, \u00een prezen\u021ba Alte\u021bei Sale Regale Principesa Sofia \u0219i va prezenta melodii din filme celebre, <\/strong>reinterpretate \u00een stil clasic, cu un program muzical preg\u0103tit sub \u00eendrumarea mentorului programului, prof. univ. dr. Verona Maier, pianist, Prorector al Universit\u0103\u021bii Na\u021bionale de Muzic\u0103 Bucure\u0219ti.<\/p>\n<p>Recunoscut de patru ori ca <strong>cel mai bun program de Art\u0103 \u0219i Cultur\u0103 din Rom\u00e2nia<\/strong>, la Gala Societ\u0103\u021bii Civile, programul na\u021bional <strong><em>Tinere Talente<\/em><\/strong> creeaz\u0103 oportunit\u0103\u021bi egale pentru arti\u0219tii \u00een devenire, oferindu-le \u0219ansa de a-\u0219i dezvolta poten\u021bialul, de a-\u0219i exprima talentul \u0219i de a-\u0219i \u00eendeplini visul, indiferent de contextul lor social.<\/p>\n<p><strong>Partener:<\/strong> Kaufland Rom\u00e2nia<\/p>\n<p><strong>Sponsori<\/strong>: B&amp;B Collection &#8211; Kultho, PPG Rom\u00e2nia &#8211; Oskar, Dedeman, PEPCO Retail, Enayati Medical City, Ferrero Rom\u00e2nia, PSC Group, Dove Rom\u00e2nia, Casa Siqua, Easy Print Services, Foto Experience, Emotion Philms Production<\/p>\n<p><strong>Sponsori in-kind:<\/strong> Aqua Carpatica, Alina Cern\u0103tescu Fashion, Angelli, SARTO BeSpoke<\/p>\n<p><strong>Partener institu\u021bional:<\/strong> Teatrul Na\u021bional \u201cI. L. Caragiale\u201d Bucure\u0219ti (TNB)<\/p>\n<p><strong>Parteneri media \u00een 2023:<\/strong> Europa FM, TVR, TVR Cultural, Radio Rom\u00e2nia Muzical, Radio Rom\u00e2nia Cultural, Radio Rom\u00e2nia Actualit\u0103\u021bi, Radio Trinitas, RFI Rom\u00e2nia, Agerpres, Forbes, Forbes Life, Historia, Zile \u0219i Nop\u021bi, Revista BIZ, Haute Culture, ziarul cotidian diplomatic Nine O\u2019Clock, The Institute, The Diplomat, Revista CARIERE, Revista Cultura, Phoenix Media, Insight TAROM, IQads, SMARK, Societatea Muzical\u0103, Radio Clasic, Zenith Media, mediaTRUST Rom\u00e2nia<\/p>\n<p><strong>Foto credit<\/strong>: Anca Aramba\u0219a<\/p>\n","protected":false},"excerpt":{"rendered":"<p>A 15-a genera\u021bie de tineri arti\u0219ti talenta\u021bi rom\u00e2ni marcheaz\u0103 finalizarea anului de burs\u0103 printr-o colec\u021bie de lucr\u0103ri de art\u0103 vizual\u0103 expuse la Teatrul Na\u021bional \u201eI.L. Caragiale\u201d din Bucure\u0219ti (TNB), \u00een perioada 18 noiembrie &#8211; 18 decembrie 2023. Anul acesta, 30 de tineri talenta\u021bi, 15 muzicieni&#8230;<\/p>\n","protected":false},"author":7,"featured_media":19566,"comment_status":"closed","ping_status":"closed","sticky":false,"template":"","format":"standard","meta":[],"categories":[163],"tags":[],"_links":{"self":[{"href":"https:\/\/www.tineretalente.org\/index.php\/wp-json\/wp\/v2\/posts\/19565"}],"collection":[{"href":"https:\/\/www.tineretalente.org\/index.php\/wp-json\/wp\/v2\/posts"}],"about":[{"href":"https:\/\/www.tineretalente.org\/index.php\/wp-json\/wp\/v2\/types\/post"}],"author":[{"embeddable":true,"href":"https:\/\/www.tineretalente.org\/index.php\/wp-json\/wp\/v2\/users\/7"}],"replies":[{"embeddable":true,"href":"https:\/\/www.tineretalente.org\/index.php\/wp-json\/wp\/v2\/comments?post=19565"}],"version-history":[{"count":3,"href":"https:\/\/www.tineretalente.org\/index.php\/wp-json\/wp\/v2\/posts\/19565\/revisions"}],"predecessor-version":[{"id":19569,"href":"https:\/\/www.tineretalente.org\/index.php\/wp-json\/wp\/v2\/posts\/19565\/revisions\/19569"}],"wp:featuredmedia":[{"embeddable":true,"href":"https:\/\/www.tineretalente.org\/index.php\/wp-json\/wp\/v2\/media\/19566"}],"wp:attachment":[{"href":"https:\/\/www.tineretalente.org\/index.php\/wp-json\/wp\/v2\/media?parent=19565"}],"wp:term":[{"taxonomy":"category","embeddable":true,"href":"https:\/\/www.tineretalente.org\/index.php\/wp-json\/wp\/v2\/categories?post=19565"},{"taxonomy":"post_tag","embeddable":true,"href":"https:\/\/www.tineretalente.org\/index.php\/wp-json\/wp\/v2\/tags?post=19565"}],"curies":[{"name":"wp","href":"https:\/\/api.w.org\/{rel}","templated":true}]}}