{"id":19570,"date":"2023-11-21T13:44:44","date_gmt":"2023-11-21T11:44:44","guid":{"rendered":"https:\/\/www.tineretalente.org\/?p=19570"},"modified":"2023-11-23T08:47:44","modified_gmt":"2023-11-23T06:47:44","slug":"gala-tinere-talente-muzica-de-film-in-interpretarea-bursierilor-muzicieni-ai-programului-tinere-talente-editia-2023","status":"publish","type":"post","link":"https:\/\/www.tineretalente.org\/index.php\/2023\/11\/21\/gala-tinere-talente-muzica-de-film-in-interpretarea-bursierilor-muzicieni-ai-programului-tinere-talente-editia-2023\/","title":{"rendered":"Gala Tinere Talente: muzic\u0103 de film \u00een interpretarea bursierilor muzicieni ai programului Tinere Talente, edi\u021bia 2023"},"content":{"rendered":"<p><strong>Gala Tinere Talente, organizat\u0103 de Funda\u021bia Regal\u0103 Margareta a Rom\u00e2niei, a avut loc pe 20 noiembrie la Teatrul Na\u021bional \u201dI. L. Caragiale\u201d Bucure\u0219ti (TNB), \u00een prezen\u021ba Alte\u021bei Sale Regale Principesa Sofia. <\/strong>Prin acest eveniment au fost celebrate realiz\u0103rile artistice ale unora dintre cei mai talenta\u021bi tineri din \u021bar\u0103, 15 muzicieni \u0219i 15 arti\u0219ti vizuali, bursieri \u00een cadrul <a href=\"https:\/\/www.tineretalente.org\/\">programului <strong><em>Tinere Talente<\/em><\/strong><\/a>, a XV-a genera\u021bie. <strong><em>Gala Tinere Talente<\/em><\/strong> este evenimentul care include un program muzical preg\u0103tit de tinerii muzicieni \u0219i o ampl\u0103 expozi\u021bie de art\u0103 vizual\u0103 cu lucr\u0103ri realizate \u00een anul de burs\u0103.<\/p>\n<p>Sponsori, parteneri, donatori \u0219i sus\u021bin\u0103tori ai tinerilor arti\u0219ti au avut ocazia s\u0103 fac\u0103 cuno\u0219tin\u021b\u0103 cu talentul fiec\u0103ruia, cu proiectele lor artistice individuale \u0219i comune, cu progresele pe care ace\u0219ti tineri le-au f\u0103cut de-a lungul anului, primind o burs\u0103 \u00een valoare de 2.000 euro \u0219i av\u00e2nd \u00eendrumarea mentorilor \u0219i a profesorilor, precum \u0219i sus\u021binerea Funda\u021biei.<\/p>\n<p>Publicul a fost introdus \u00een atmosfera serii printr-un film de prezentare a activit\u0103\u021bilor \u0219i evenimentelor la care au luat parte bursierii <em>Tinere Talente<\/em> \u00een anul 2023. A fost purtat apoi \u00een fermec\u0103toarea lume a filmului printr-un program muzical ce a cuprins coloane sonore celebre, reinterpretate \u00een stil clasic de tinerii muzicieni.<em> Pira\u021bii din Caraibe, A fost odat\u0103 \u00een America,<\/em><em> Lista lui Schindler, Misiune imposibil\u0103, Titanic &#8211; My heart will go on, Frumoasa \u0219i Bestia, <\/em><em>Deer Hunter,<\/em><em> Indiana Jones, <\/em><em>Gabriel\u2019s Oboe \u2013 The Mission, Scent of a woman<\/em> au fost interpretate de Isabela St\u0103nescu \u2013 sopran\u0103, Emilia Tudorache \u2013 sopran\u0103, Alexandra Barbosa \u2013 oboi, Raluca Ciula \u2013 clarinet\u00a0 Teodora Todoran \u2013 vioar\u0103, \u0218tefania Turcu \u2013 vioar\u0103, Andreea Mihalache \u2013 viol\u0103, Teodora Boloca \u2013 viol\u0103, Julia Coteanu \u2013 violoncel, Iurie Surguciov \u2013 violoncel, Ioan B\u0103nescu \u2013 chitar\u0103, Claudiu \u0218u\u021bu \u2013 saxofon, Catinca Mure\u0219an \u2013 harp\u0103, Iasmina Sava \u2013 pian, Irina Petrescu \u2013 pian.<\/p>\n<p>\u201c<em>Acest concert este expresia deschiderii tuturor celor ce particip\u0103 spre zone artistice care s\u0103 \u00eenlesneasc\u0103, prin raportarea la \u201da 7-a art\u0103\u201d \u0219i la capodoperele sale, comunicarea. Tinerii muzicieni, afla\u021bi \u00een etape diferite ale evolu\u021biei lor, migreaz\u0103 din zona preocup\u0103rilor obi\u0219nuite pentru alegerea profesional\u0103 pe care au f\u0103cut-o, cu deplin\u0103 \u00eendrept\u0103\u021bire, spre lumea muzicii de film \u2013 bogat\u0103, expresiv\u0103, evocatoare \u2013 \u00een care calitatea lor se exercit\u0103 \u00eentr-un fel aparte. <\/em><em>Este, astfel, o descoperire a imensei variet\u0103\u021bi de suprafe\u021be culturale \u0219i sociale \u00een care muzicianul poate aduce lumii bucurie, este o \u00eent\u00e2lnire pe un \u201dteren neutru\u201d cu publicul real al oric\u0103rei apari\u021bii publice.\u201d<\/em> &#8211; <strong>prof. univ. dr. Verona Maier, mentor \u00een programul Tinere Talente, coordonator al programului muzical al Galei<\/strong><\/p>\n<p>In cadrul Galei, Mugurel M\u0103rg\u0103rit, Director executiv al Funda\u021biei, a adus recunoa\u0219tere \u0219i mul\u021bumiri oamenilor care s-au implicat \u00een programul <em>Tinere Talente<\/em> \u00eenc\u0103 de la \u00eenceput \u0219i au sus\u021binut cu generozitate arta \u0219i arti\u0219tii cu posibilit\u0103\u021bi financiare reduse timp de aproape 15 ani. Alte\u021ba Sa Regal\u0103 Principesa Sofia a \u00eenm\u00e2nat diplome doamnei <strong>Ileana Dana Marinescu<\/strong>, mentor \u0219i consultant \u00een cadrul programului <em>Tinere Talente<\/em>, domnului <strong>Paolo Tocco \u0219i echipa Casa Siqua<\/strong>, care asigur\u0103 servicii de cazare bursierilor din \u021bar\u0103 \u0219i s\u0103li de \u00eent\u00e2lniri pentru mentorate \u0219i evenimente ale Funda\u021biei \u0219i domnului <strong>Silvius Neagu<\/strong>, director Easy Print, furnizor probono al programului <em>Tinere Talente<\/em> pentru materiale tip\u0103rite \u0219i promo\u021bionale necesare pentru vizibilitatea proiectului.<\/p>\n<p>La final, Alte\u021ba Sa Regal\u0103 Principesa Sofia a \u00eenm\u00e2nat celor 30 de bursieri ai programului <em>Tinere Talente<\/em> \u2013 edi\u021bia 2023 &#8211; diplomele pentru performan\u021ba artistic\u0103 \u00een domeniul artelor vizuale \u015fi a muzicii clasice.<\/p>\n<p><strong>Gala <\/strong><strong><em>Tinere Talente<\/em><\/strong> a fost prezentat\u0103 cu d\u0103ruire de Bogdan Chenciu, moderator-realizator de emisiuni tv.<\/p>\n<p>Momentul artistic din sal\u0103 a fost dublat, \u00een foaierul Media al TNB (aripa Grand Hotel), de <strong>colec\u021bia de lucr\u0103ri de art\u0103 vizual\u0103 <\/strong>care include lucr\u0103ri relevante din proiecte individuale ale bursierilor realizate cu materiale achizi\u021bionate din burs\u0103, precum \u0219i selec\u021bii de lucr\u0103ri din proiectele comune: <em>expozi\u021biile Jurnal de Via\u021b\u0103, Pasiunile \u0219i preocup\u0103rile membrilor Familiei Regale de-a lungul timpului \u0219i Exerci\u021bii de istorie la Balcic. <\/em>Cele trei expozi\u021bii au fost realizate sub \u00eendrumarea mentorilor programului &#8211; conf. univ. dr. Carmen Apetrei \u0219i conf. univ. dr. Ion Anghel. <strong>Expozi\u021bia va r\u0103m\u00e2ne deschis\u0103 publicului timp de o lun\u0103<\/strong><strong>, iar intrarea este liber\u0103.<\/strong><\/p>\n<p>Vestimenta\u021bia tinerilor arti\u0219ti a fost asigurat\u0103 de Alina Cern\u0103tescu Fashion \u0219i Sarto BeSpoke.<\/p>\n<p><strong>Programul <\/strong><strong><em>Tinere Talente<\/em><\/strong> \u00een cifre, \u00een anul 2023, a \u00eensemnat:<\/p>\n<p>&#8211; 30 de burse pentru 15 muzicieni \u0219i 15 arti\u0219ti vizuali<\/p>\n<p>&#8211; 331 de accesorii muzicale \u0219i instrumente, echipamente sau materiale de lucru achizi\u021bionate din burs\u0103<\/p>\n<p>&#8211; 122 de c\u0103r\u021bi, albume de art\u0103 \u0219i partituri sus\u021binute tot din burs\u0103<\/p>\n<p>&#8211;\u00a0 57 particip\u0103ri la expozi\u021bii de art\u0103 individuale \u0219i de grup \u0219i 5 organizate de Funda\u021bie<\/p>\n<p>&#8211; 166 particip\u0103ri la recitaluri, concerte individuale \u0219i de grup, colabor\u0103ri cu orchestre \u0219i 18 organizate de Funda\u021bie<\/p>\n<p>&#8211; participarea la 48 cursuri, mentorate \u0219i masterclass-uri \u0219i 12 organizate de Funda\u021bie<\/p>\n<p>&#8211; ob\u021binerea a 55 premii \u2013 19 premii I, 13 premii speciale \u0219i 8 premii de excelen\u021b\u0103<\/p>\n<p>Ajuns la al 15-lea an de existen\u021b\u0103, programul na\u021bional <em>Tinere Talente<\/em> a sus\u021binut p\u00e2n\u0103 \u00een acum peste 410\u00a0 tineri talenta\u021bi, cu burse, mentorat \u0219i promovare. Mul\u021bi dintre ei au reu\u0219it performan\u021be extraordinare pe plan na\u021bional \u0219i interna\u021bional, fiind laurea\u021bi la prestigioase concursuri interna\u021bionale, aplauda\u021bi \u0219i admira\u021bi ast\u0103zi \u00een capitalele culturale ale lumii pentru muzica \u0219i arta lor. Recunoscut de patru ori ca <strong>cel mai bun program de Art\u0103 \u0219i Cultur\u0103 din Rom\u00e2nia<\/strong>, la Gala Societ\u0103\u021bii Civile, proiectul creeaz\u0103 oportunit\u0103\u021bi egale pentru arti\u0219tii \u00een devenire, oferindu-le \u0219ansa de a-\u0219i dezvolta poten\u021bialul, de a-\u0219i exprima talentul \u0219i de a-\u0219i \u00eendeplini visul, indiferent de contextul lor social.<\/p>\n<p><strong>Partener:<\/strong> Kaufland Rom\u00e2nia<\/p>\n<p><strong>Sponsori<\/strong>: B&amp;B Collection &#8211; Kultho, PPG Rom\u00e2nia &#8211; Oskar, Dedeman, PEPCO Retail, Enayati Medical City, Ferrero Rom\u00e2nia, PSC Group, Dove Rom\u00e2nia, Casa Siqua, Easy Print Services, Foto Experience, Emotion Philms Production<\/p>\n<p><strong>Sponsori in-kind:<\/strong> Aqua Carpatica, Alina Cern\u0103tescu Fashion, Angelli, SARTO BeSpoke<\/p>\n<p><strong>Partener institu\u021bional:<\/strong> Teatrul Na\u021bional \u201cI. L. Caragiale\u201d Bucure\u0219ti (TNB)<\/p>\n<p><strong>Parteneri media \u00een 2023:<\/strong> Europa FM, TVR, TVR Cultural, Radio Rom\u00e2nia Muzical, Radio Rom\u00e2nia Cultural, Radio Rom\u00e2nia Actualit\u0103\u021bi, Radio Trinitas, RFI Rom\u00e2nia, Agerpres, Forbes, Forbes Life, Historia, Zile \u0219i Nop\u021bi, Revista BIZ, Haute Culture, ziarul cotidian diplomatic Nine O\u2019Clock, The Institute, The Diplomat, Adevarul, Revista CARIERE, Revista Cultura, Phoenix Media, Insight TAROM, IQads, SMARK, Societatea Muzical\u0103, Radio Clasic, Zenith Media, mediaTRUST Rom\u00e2nia<\/p>\n<p><strong>Foto credit: <\/strong>Anca Aramba\u0219a<\/p>\n","protected":false},"excerpt":{"rendered":"<p>Gala Tinere Talente, organizat\u0103 de Funda\u021bia Regal\u0103 Margareta a Rom\u00e2niei, a avut loc pe 20 noiembrie la Teatrul Na\u021bional \u201dI. L. Caragiale\u201d Bucure\u0219ti (TNB), \u00een prezen\u021ba Alte\u021bei Sale Regale Principesa Sofia. Prin acest eveniment au fost celebrate realiz\u0103rile artistice ale unora dintre cei mai talenta\u021bi&#8230;<\/p>\n","protected":false},"author":7,"featured_media":19571,"comment_status":"closed","ping_status":"closed","sticky":false,"template":"","format":"standard","meta":[],"categories":[163],"tags":[],"_links":{"self":[{"href":"https:\/\/www.tineretalente.org\/index.php\/wp-json\/wp\/v2\/posts\/19570"}],"collection":[{"href":"https:\/\/www.tineretalente.org\/index.php\/wp-json\/wp\/v2\/posts"}],"about":[{"href":"https:\/\/www.tineretalente.org\/index.php\/wp-json\/wp\/v2\/types\/post"}],"author":[{"embeddable":true,"href":"https:\/\/www.tineretalente.org\/index.php\/wp-json\/wp\/v2\/users\/7"}],"replies":[{"embeddable":true,"href":"https:\/\/www.tineretalente.org\/index.php\/wp-json\/wp\/v2\/comments?post=19570"}],"version-history":[{"count":1,"href":"https:\/\/www.tineretalente.org\/index.php\/wp-json\/wp\/v2\/posts\/19570\/revisions"}],"predecessor-version":[{"id":19572,"href":"https:\/\/www.tineretalente.org\/index.php\/wp-json\/wp\/v2\/posts\/19570\/revisions\/19572"}],"wp:featuredmedia":[{"embeddable":true,"href":"https:\/\/www.tineretalente.org\/index.php\/wp-json\/wp\/v2\/media\/19571"}],"wp:attachment":[{"href":"https:\/\/www.tineretalente.org\/index.php\/wp-json\/wp\/v2\/media?parent=19570"}],"wp:term":[{"taxonomy":"category","embeddable":true,"href":"https:\/\/www.tineretalente.org\/index.php\/wp-json\/wp\/v2\/categories?post=19570"},{"taxonomy":"post_tag","embeddable":true,"href":"https:\/\/www.tineretalente.org\/index.php\/wp-json\/wp\/v2\/tags?post=19570"}],"curies":[{"name":"wp","href":"https:\/\/api.w.org\/{rel}","templated":true}]}}