{"id":19580,"date":"2024-02-08T13:40:20","date_gmt":"2024-02-08T11:40:20","guid":{"rendered":"https:\/\/www.tineretalente.org\/?p=19580"},"modified":"2024-02-09T13:42:49","modified_gmt":"2024-02-09T11:42:49","slug":"30-de-tineri-artisti-selectati-pentru-a-primi-bursa-tinere-talente-oferita-de-fundatia-regala-margareta-a-romaniei","status":"publish","type":"post","link":"https:\/\/www.tineretalente.org\/index.php\/2024\/02\/08\/30-de-tineri-artisti-selectati-pentru-a-primi-bursa-tinere-talente-oferita-de-fundatia-regala-margareta-a-romaniei\/","title":{"rendered":"30 de tineri arti\u0219ti selecta\u021bi pentru a primi bursa Tinere Talente oferit\u0103 de Funda\u021bia Regal\u0103 Margareta a Rom\u00e2niei"},"content":{"rendered":"<p><strong>Funda\u021bia Regal\u0103 Margareta a Rom\u00e2niei anun\u021b\u0103 numele celor <\/strong><a href=\"https:\/\/www.tineretalente.org\/index.php\/2024\/02\/08\/fundatia-regala-margareta-a-romaniei-anunta-numele-celor-30-de-bursieri-selectati-pentru-a-face-parte-din-a-16-a-editie-a-programului-national-tinere-talente\/\"><strong>30 de bursieri selecta\u021bi<\/strong><\/a><strong> pentru a face parte din a 16-a edi\u021bie a programului na\u021bional <\/strong><a href=\"https:\/\/www.tineretalente.org\/\"><strong><em>Tinere Talente<\/em><\/strong><\/a><strong><em>. \u00a0<\/em><\/strong><strong>Arti\u0219tii vor fi sus\u021binu\u021bi pentru <\/strong><strong>dezvoltarea carierelor artistice \u00een domeniile muzicii \u0219i artelor vizuale, oferindu-le o platform\u0103 solid\u0103 pentru a explora \u0219i a perfec\u021biona abilit\u0103\u021bile creative \u00eentr-un mediu stimulativ \u0219i plin de oportunit\u0103\u021bi.<\/strong><\/p>\n<p><strong><em>Oportunit\u0103\u021bi pentru tinerii arti\u0219ti<\/em><\/strong><\/p>\n<p>Dintre 134 de aplican\u021bi, cu v\u00e2rste \u00eentre 14 \u0219i 24 de ani, au fost selecta\u021bi ca bursieri 15 muzicieni \u0219i 15 arti\u0219ti vizuali, care vor beneficia, pe parcursul unui an calendaristic, de sprijin pentru a-\u0219i urma visurile artistice sub \u00eendrumarea unor personalit\u0103\u021bi consacrate din lumea artei. Ace\u0219tia vor beneficia de burse individuale de p\u00e2n\u0103 la 2.000 Euro, sesiuni de mentorat, stagii de masterclass intergenera\u021bionale, training pentru dezvoltarea abilit\u0103\u021bilor necesare performan\u021bei, precum \u0219i oportunit\u0103\u021bi de promovare \u00een cadrul evenimentelor organizate de Funda\u021bie \u0219i de partenerii s\u0103i. <strong>Tinerii bursieri studiaz\u0103 la licee \u0219i universit\u0103\u021bi de arte \u0219i muzic\u0103 din Bucure\u0219ti, Bra\u0219ov, Suceava, Bac\u0103u, Timi\u0219oara, Ia\u0219i, Baia Mare \u0219i Gala\u021bi.<\/strong><\/p>\n<p>Competi\u021bia pentru bursa <strong><em>Tinere Talente 2024<\/em><\/strong> a fost acerb\u0103, datorat\u0103 num\u0103rului mare de candida\u021bi, elevi \u0219i studen\u021bi ai institu\u021biilor de \u00eenv\u0103\u021b\u0103m\u00e2nt voca\u021bional din \u00eentreaga \u021bar\u0103, provenind din familii cu venituri modeste. Procesul de selec\u021bie a debutat cu analiza dosarelor din punct de vedere social, a continuat cu evaluarea, din punct de vedere artistic, de c\u0103tre juriul format din\u00a0speciali\u0219ti, a fost finalizat cu anchete sociale, iar cei mai buni 30 de participan\u021bi la aceast\u0103 edi\u021bie a programului au fost ale\u0219i.<\/p>\n<p>Juriul a fost constituit din personalit\u0103\u021bi remarcabile ale mediului artistic \u0219i academic, care vor \u00eenso\u021bi bursierii \u0219i ca mentori pe parcursul proiectului: <em>Verona Maier &#8211; pianist, Iulia Isaev &#8211; sopran\u0103, Tiberiu Soare &#8211; dirijor, Rafael Butaru &#8211; violonist, Emil Vi\u0219enescu &#8211; clarinetist, Alexandru Matei \u2013 percu\u021bionist, <\/em>la categoria Muzic\u0103 clasic\u0103<em>, <\/em>\u0219i<em> Carmen Apetrei &#8211; grafician, Ion Anghel &#8211; pictor, Ileana Dana Marinescu &#8211; artist vizual, Anca Boeriu &#8211; grafician, Sergiu Chihaia &#8211; artist vizual, <\/em>la categoria Arte vizuale.<\/p>\n<p><em>\u201dPrezen\u021ba \u00een juriul de acordare a burselor Funda\u021biei Regale Margareta a Rom\u00e2niei este, de fiecare dat\u0103, o experien\u021b\u0103 de neuitat. Este onorant\u0103, provocatoare, necesit\u0103 mult\u0103 aten\u021bie, profesionalism, corectitudine \u0219i echidistan\u021b\u0103. Responsabilitatea cu care \u201cc\u00e2nt\u0103re\u0219ti\u201d calit\u0103\u021bile unui num\u0103r impresionant de copii \u0219i tineri arti\u0219ti \u00een devenire, pozi\u021bionarea lor corect\u0103 pe drumul evolu\u021biei \u0219i previziunea etapelor de dezvoltare ulterioar\u0103 a acestora, reclam\u0103 din partea noastr\u0103 o grij\u0103 p\u0103rinteasc\u0103 sinonim\u0103 cu dragostea. Dragostea, aceea\u0219i energie benefic\u0103 ce a generat apari\u021bia Funda\u021biei \u0219i a perpetuat de-a lungul anilor, cu at\u00e2ta succes, desf\u0103\u0219urarea tuturor proiectelor. Felicit\u0103ri \u0219i ur\u0103ri de succes organizatorilor \u0219i bursierilor, cu speran\u021ba c\u0103 ace\u0219tia din urm\u0103, se vor identifica, \u00eentr-o bun\u0103 zi, cu cei mai valoro\u0219i arti\u0219ti ai \u021b\u0103rii\u201d, <\/em><strong>declar\u0103 domnul <\/strong><strong>Emil Vi\u0219enescu, clarinetist, membru al juriului la categoria Muzic\u0103.<\/strong><\/p>\n<p><em>\u201dAm apreciat, deopotriv\u0103, parcursul bursierilor din anul precedent, c\u00e2t \u0219i calit\u0103\u021bile profesionale ale tinerilor care au aplicat pentru prima dat\u0103 \u00een acest an. Al\u0103turi de institu\u021biile de \u00eenv\u0103\u021b\u0103m\u00e2nt artistic, noua genera\u021bie de bursieri vor g\u0103si deopotriv\u0103, prin rolul asumat at\u00e2t de elocvent de Funda\u021bia Regal\u0103 Margareta a Rom\u00e2niei, un sprijin financiar, dar \u0219i o completare la educa\u021bia artistic\u0103 asigurat\u0103 prin mentoratele \u0219i evenimentele artistice organizate \u00een cadrul bursei. Rolul de a dezvolta, perfec\u021biona \u0219i promova, de-a lungul anilor, serii de tineri care doresc s\u0103-\u0219i construiasc\u0103 un viitor \u00een domeniul artelor vizuale este un exemplu benefic \u0219i se constituie \u00eentr-un reper at\u00e2t pentru societatea cultural\u0103 rom\u00e2neasc\u0103 c\u00e2t \u0219i pentru mediul socioeconomic, \u00een condi\u021biile dificile \u00een care, ast\u0103zi, un t\u00e2n\u0103r \u00ee\u0219i poate g\u0103si cu greu un parcurs \u00een demersul\u00a0profesional\u201d,<\/em> <strong>sus\u021bine \u0219i doamna Carmen Apetrei, grafician, membru al juriului la categoria Arte vizuale.<\/strong><\/p>\n<p><strong>Funda\u021bia Regal\u0103 mul\u021bume\u0219te membrilor juriului<\/strong> pentru implicare \u0219i generozitate!<\/p>\n<p><strong>Lista celor 15 tineri muzicieni \u0219i 15 arti\u0219ti vizuali,<\/strong> care au devenit <strong>bursierii programului <em>Tinere Talente <\/em>2024<\/strong>, poate fi consultat\u0103 <a href=\"https:\/\/www.tineretalente.org\/index.php\/2024\/02\/08\/fundatia-regala-margareta-a-romaniei-anunta-numele-celor-30-de-bursieri-selectati-pentru-a-face-parte-din-a-16-a-editie-a-programului-national-tinere-talente\/\"><strong>aici.<\/strong><\/a><\/p>\n<p><strong><em>Rom\u00e2nia are nevoie de art\u0103!<\/em><\/strong><\/p>\n<p>Ajuns la al 16-lea an de existen\u021b\u0103, programul na\u021bional <em>Tinere Talente<\/em> a sus\u021binut p\u00e2n\u0103 acum peste 410 de burse acordate tinerilor talenta\u021bi, sus\u021binu\u021bi, de asemenea, prin mentorat \u0219i promovare. Mul\u021bi dintre ei au reu\u0219it performan\u021be extraordinare pe plan na\u021bional \u0219i interna\u021bional, fiind laurea\u021bi la prestigioase concursuri interna\u021bionale, aplauda\u021bi \u0219i admira\u021bi ast\u0103zi \u00een capitalele culturale ale lumii pentru muzica \u0219i arta lor. Recunoscut de patru ori ca <strong>cel mai bun program de Art\u0103 \u0219i Cultur\u0103 din Rom\u00e2nia<\/strong>, la Gala Societ\u0103\u021bii Civile, proiectul creeaz\u0103 oportunit\u0103\u021bi egale pentru arti\u0219tii \u00een devenire, oferindu-le \u0219ansa de a-\u0219i dezvolta poten\u021bialul, de a-\u0219i exprima talentul \u0219i de a-\u0219i \u00eendeplini visul, indiferent de contextul lor social.<\/p>\n<p><strong>Partener program<\/strong>: Kaufland Rom\u00e2nia<\/p>\n<p><strong>Sponsori program:<\/strong> B&amp;B Collection &#8211; Kultho, PPG Rom\u00e2nia &#8211; Oskar, Dedeman, PEPCO Retail, Enayati Medical City, Ferrero Rom\u00e2nia, Yardi Rom\u00e2nia, EY Rom\u00e2nia, Dove Rom\u00e2nia, PSC Group, Casa Siqua, Easy Print Services, Emotion Philms Production<\/p>\n<p><strong>Parteneri media ai programului de-a lungul timpului: <\/strong>Europa FM, TVR, TVR Cultural, Radio Romania, Radio Rom\u00e2nia Muzical, Radio Rom\u00e2nia Cultural, Radio Rom\u00e2nia Actualit\u0103\u021bi, Radio Trinitas, Magic FM, RFI Rom\u00e2nia, Radio Clasic, Agerpres, Forbes, Forbes Life, Historia, Zile \u0219i Nop\u021bi, Revista BIZ, Haute Culture, ziarul cotidian diplomatic Nine O\u2019Clock, The Institute, The Diplomat, Adevarul, Revista CARIERE, Revista Cultura, Phoenix Media, Insight TAROM, IQads, SMARK, Societatea Muzical\u0103, Financial Intelligence, Zenith Media, mediaTRUST Rom\u00e2nia<\/p>\n<p><strong>Foto credit:<\/strong> Anca Aramba\u0219a<\/p>\n<p><strong>\u00a0***<\/strong><\/p>\n<p><strong><em>Despre programul Tinere Talente<\/em><\/strong><\/p>\n<p>Programul na\u021bional <em>Tinere Talente, <\/em>derulat de Funda\u021bia Regal\u0103 Margareta a Rom\u00e2niei<em>,<\/em> a debutat \u00een anul 2009 cu scopul de a sprijini \u0219i promova tinerii arti\u0219ti talenta\u021bi care provin din familii cu venituri reduse \u0219i care au nevoie de sprijin financiar pentru a-\u0219i atinge adev\u0103ratul poten\u021bial \u0219i a-\u0219i exprima talentul. Ceea ce diferen\u021biaz\u0103 programul <em>Tinere Talente <\/em>de alte proiecte care ofer\u0103 burse este abordarea holistic\u0103, centrat\u0103 pe dezvoltarea \u0219i afirmarea acestor arti\u0219ti \u00een devenire. Pe l\u00e2ng\u0103 sprijinul financiar, tinerii primesc \u00eendrumarea unor mentori valoro\u0219i, preg\u0103tire prin masterclass-uri \u0219i au oportunit\u0103\u021bi de promovare foarte importante, toate acestea cre\u00e2nd o platform\u0103 de lansare \u00een cariera artistic\u0103. P\u00e2n\u0103 \u00een prezent, 410 de burse au fost acordate tinerilor talenta\u021bi, afla\u021bi la \u00eenceput de drum, care studiaz\u0103 muzica sau artele vizuale \u00een licee \u0219i universit\u0103\u021bi din Rom\u00e2nia, fiind ajuta\u021bi s\u0103-\u0219i dep\u0103\u0219easc\u0103 greut\u0103\u021bile financiare \u0219i s\u0103 continue s\u0103-\u0219i exprime valoarea artistic\u0103. \u00cen sus\u021binerea bursierilor, au fost organizate 128 recitaluri \u0219i concerte, 82 de expozi\u021bii, 126 sesiuni de mentorat sau masterclass. De-a lungul timpului, 1.900.000 de euro au fost investi\u021bi \u00een viitorul artistic al Rom\u00e2niei. Mai multe detalii sunt disponibile pe <a href=\"http:\/\/www.tinteretalente.org\">www.tinteretalente.org<\/a>. Programul na\u021bional <em>Tinere Talente<\/em> este sus\u021binut de parteneri \u0219i sponsori, dar \u0219i prin dona\u021bii realizate prin <strong>SMS la 8864 cu textul ART\u0102<\/strong>, prin care <strong>publicul poate dona 4 Euro lunar<\/strong>, sus\u021bin\u00e2nd, astfel, bursele pentru tinerii talenta\u021bi ai Rom\u00e2niei.<\/p>\n<p>***<\/p>\n<p><strong>\u00a0<\/strong><strong><em>Despre Funda\u021bia Regal\u0103 Margareta a Rom\u00e2niei<\/em><\/strong><\/p>\n<p>Funda\u021bia Regal\u0103 Margareta a Rom\u00e2niei a fost \u00eenfiin\u021bat\u0103 \u00een 1990 de c\u0103tre Regele Mihai I al Rom\u00e2niei \u0219i Majestatea Sa Margareta, Custodele Coroanei rom\u00e2ne. Cu o activitate de 34 de ani, Funda\u021bia Regal\u0103 Margareta a Rom\u00e2niei sprijin\u0103 copii, tineri \u0219i v\u00e2rstnici prin interven\u021bii durabile, bazate pe schimbul de experien\u021b\u0103 \u0219i valori \u00eentre genera\u021bii. De-a lungul timpului, Funda\u021bia s-a implicat \u00een numeroase proiecte sociale, culturale \u015fi de sus\u021binere a educa\u021biei \u015fi talentului artistic. Mai multe detalii sunt disponibile pe <a href=\"http:\/\/www.frmr.ro\">www.frmr.ro<\/a>.<\/p>\n","protected":false},"excerpt":{"rendered":"<p>Funda\u021bia Regal\u0103 Margareta a Rom\u00e2niei anun\u021b\u0103 numele celor 30 de bursieri selecta\u021bi pentru a face parte din a 16-a edi\u021bie a programului na\u021bional Tinere Talente. \u00a0Arti\u0219tii vor fi sus\u021binu\u021bi pentru dezvoltarea carierelor artistice \u00een domeniile muzicii \u0219i artelor vizuale, oferindu-le o platform\u0103 solid\u0103 pentru a&#8230;<\/p>\n","protected":false},"author":7,"featured_media":19581,"comment_status":"closed","ping_status":"closed","sticky":false,"template":"","format":"standard","meta":[],"categories":[163],"tags":[],"_links":{"self":[{"href":"https:\/\/www.tineretalente.org\/index.php\/wp-json\/wp\/v2\/posts\/19580"}],"collection":[{"href":"https:\/\/www.tineretalente.org\/index.php\/wp-json\/wp\/v2\/posts"}],"about":[{"href":"https:\/\/www.tineretalente.org\/index.php\/wp-json\/wp\/v2\/types\/post"}],"author":[{"embeddable":true,"href":"https:\/\/www.tineretalente.org\/index.php\/wp-json\/wp\/v2\/users\/7"}],"replies":[{"embeddable":true,"href":"https:\/\/www.tineretalente.org\/index.php\/wp-json\/wp\/v2\/comments?post=19580"}],"version-history":[{"count":1,"href":"https:\/\/www.tineretalente.org\/index.php\/wp-json\/wp\/v2\/posts\/19580\/revisions"}],"predecessor-version":[{"id":19582,"href":"https:\/\/www.tineretalente.org\/index.php\/wp-json\/wp\/v2\/posts\/19580\/revisions\/19582"}],"wp:featuredmedia":[{"embeddable":true,"href":"https:\/\/www.tineretalente.org\/index.php\/wp-json\/wp\/v2\/media\/19581"}],"wp:attachment":[{"href":"https:\/\/www.tineretalente.org\/index.php\/wp-json\/wp\/v2\/media?parent=19580"}],"wp:term":[{"taxonomy":"category","embeddable":true,"href":"https:\/\/www.tineretalente.org\/index.php\/wp-json\/wp\/v2\/categories?post=19580"},{"taxonomy":"post_tag","embeddable":true,"href":"https:\/\/www.tineretalente.org\/index.php\/wp-json\/wp\/v2\/tags?post=19580"}],"curies":[{"name":"wp","href":"https:\/\/api.w.org\/{rel}","templated":true}]}}