{"id":19694,"date":"2024-04-23T11:33:47","date_gmt":"2024-04-23T09:33:47","guid":{"rendered":"https:\/\/www.tineretalente.org\/?p=19694"},"modified":"2024-04-23T11:37:50","modified_gmt":"2024-04-23T09:37:50","slug":"jurnal-de-viata-expozitia-care-uneste-generatii-24-aprilie-23-mai-2024","status":"publish","type":"post","link":"https:\/\/www.tineretalente.org\/index.php\/2024\/04\/23\/jurnal-de-viata-expozitia-care-uneste-generatii-24-aprilie-23-mai-2024\/","title":{"rendered":"Jurnal de via\u021b\u0103, expozi\u021bia care une\u0219te genera\u021bii | 24 aprilie \u2013 23 mai 2024"},"content":{"rendered":"<p><strong>Funda\u021bia Regal\u0103 Margareta a Rom\u00e2niei prezint\u0103 publicului iubitor de art\u0103 expozi\u021bia <\/strong><strong><em>Jurnal de Via\u021b\u0103<\/em><\/strong><strong>, <\/strong><strong>o c\u0103l\u0103torie artistic\u0103 intergenera\u021bional\u0103 care exploreaz\u0103 timpul \u0219i memoria prin ochii bursierilor<\/strong><strong> programului na<\/strong><strong>\u021b<\/strong><strong>ional <\/strong><a href=\"https:\/\/www.tineretalente.org\/\"><strong><em>Tinere Talente<\/em><\/strong><strong> 2024<\/strong><\/a><strong>. Expozi\u021bia este deschis\u0103 \u00eentre 24 aprilie \u0219i 23 mai 2024, la Muzeul Municipiului Bucure\u0219ti \u2013 Casa Filipescu-Cesianu.<\/strong> <strong>Lucr\u0103rile vor fi expuse \u00een aer liber, de-a lungul a 35 metri de trotuar, pe Calea Victoriei nr. 151. <\/strong><strong><em>Vernisajul <\/em><\/strong><strong>are loc miercuri, 24 aprilie, ora 18.00. <\/strong><\/p>\n<p><strong><em>O expozi\u021bie cu tradi\u021bie<\/em><\/strong><\/p>\n<p>Pentru al patrulea an consecutiv, expozi\u021bia este o provocare, un impuls adus tinerei genera\u021bii de a reflecta asupra temei timpului \u0219i de a o transpune \u00eentr-un mesaj artistic de solidaritate \u0219i admira\u021bie pentru cei care au experimentat via\u021ba p\u00e2n\u0103 la o v\u00e2rst\u0103 \u00eenaintat\u0103. Pornind de la pove\u0219tile de via\u021b\u0103 ale seniorilor, culese de tinerii arti\u0219ti din r\u00e2ndul apelan\u021bilor liniei <a href=\"https:\/\/www.telefonulvarstnicului.ro\/\"><em>Telefonul V\u00e2rstnicului<\/em><\/a><em>, <\/em>\u00eenscri\u0219i la serviciul ce are ca scop alinarea singur\u0103t\u0103\u021bii, bursierii <em>Tinere Talente<\/em> vor s\u0103 eviden\u021bieze impactul timpului asupra vie\u021bii umane \u0219i s\u0103 ofere o perspectiv\u0103 proprie asupra rela\u021biilor intergenera\u021bionale.<\/p>\n<p>Caracterul intergenera\u021bional al expozi\u021biei tinerilor arti\u0219ti este completat de lucr\u0103ri realizate de artistul vizual Ileana Dana Marinescu, membru al Uniunii Arti\u0219tilor Plastici din Rom\u00e2nia \u0219i mentor de peste 15 ani \u00een cadrul programului <em>Tinere Talente<\/em>.<\/p>\n<p><strong>Expozi\u021bia este curatoriat\u0103<\/strong> de <strong>conf. univ. dr. Ion Anghel<\/strong>, membru al Uniunii Arti\u0219tilor Plastici din Rom\u00e2nia \u0219i mentor al programului.<\/p>\n<p><em>\u201dAcest proiect exerseaz\u0103 viziunea tinerilor asupra viitorului lor prin prisma raport\u0103rii la cei v\u00e2rstnici. Interesant este c\u0103 bursierii asociaz\u0103 senectutea cu rudele lor v\u00e2rstnice. De aceea fiecare dintre noi c\u00e2nd ne \u00eent\u00e2lnim cu situa\u021bii str\u0103ine, pentru a putea descifra \u0219i rezolva uimirea, g\u0103sim similitudini cu propria experien\u021b\u0103. Fiecare imagine con\u021bine situa\u021bii antagonice. Extremele temporale func\u021bioneaz\u0103 \u00een cazul de fa\u021b\u0103 nu aidoma principiilor conflictuale, ci a celor de complementaritate. Extremele se \u00eembog\u0103\u021besc pe sine, nu se anuleaz\u0103. Putem spune c\u0103 tinerii bursieri au fost stimula\u021bi s\u0103 simt\u0103 \u0219i s\u0103 descifreze propria etap\u0103 a vie\u021bii care se poate numi preambul\u201d<\/em>, <strong>declar\u0103 Ion Anghel.<\/strong><\/p>\n<p>Acest eveniment se \u00eenscrie \u00eentr-o serie de ac\u021biuni dedicate promov\u0103rii tinerilor talenta\u021bi, arti\u0219ti vizuali \u0219i muzicieni, afla\u021bi la \u00eenceputul carierei, care sunt sus\u021binu\u021bi de Funda\u021bia Regal\u0103 \u0219i partenerii s\u0103i pe parcursul anului 2024. Multe dintre proiectele propuse publicului au un mesaj social legat de contextul \u0219i provoc\u0103rile societ\u0103\u021bii actuale, comunicat prin intermediul actelor artistice.<\/p>\n<p><strong>V\u0103 invit\u0103m s\u0103 participa\u021bi<\/strong> la un dialog artistic emo\u021bionant \u0219i s\u0103 explor\u0103m \u00eempreun\u0103 culorile senectu\u021bii prin arta vizual\u0103. Profilele tinerilor arti\u0219ti pot fi consultate <a href=\"https:\/\/www.tineretalente.org\/index.php\/2024\/02\/08\/fundatia-regala-margareta-a-romaniei-anunta-numele-celor-30-de-bursieri-selectati-pentru-a-face-parte-din-a-16-a-editie-a-programului-national-tinere-talente\/\"><strong>aici<\/strong><\/a><strong>.<\/strong><\/p>\n<p><strong>Partener program<\/strong>: Kaufland Rom\u00e2nia<\/p>\n<p><strong>Sponsori program:<\/strong> EY Rom\u00e2nia, B&amp;B Collection &#8211; Kultho, PEPCO Retail, PPG Rom\u00e2nia &#8211; Oskar, Dedeman, Yardi Rom\u00e2nia, Ferrero Rom\u00e2nia, Dove Rom\u00e2nia, Enayati Medical City, Casa Siqua, Easy Print Services, Emotion Philms Production, Anca Aramba\u0219a<\/p>\n<p><strong>Parteneri media ai programului de-a lungul timpului: <\/strong>Europa FM, TVR, TVR Cultural, Radio Romania, Radio Rom\u00e2nia Muzical, Radio Rom\u00e2nia Cultural, Radio Rom\u00e2nia Actualit\u0103\u021bi, Radio Trinitas, RFI Rom\u00e2nia, Magic FM, Radio Clasic, Agerpres, Forbes, Forbes Life, Historia, Zile \u0219i Nop\u021bi, Societatea Muzical\u0103, Revista BIZ, Haute Culture, ziarul cotidian diplomatic Nine O\u2019Clock, The Institute, The Diplomat, Adev\u0103rul, Revista CARIERE, Revista Cultura, Phoenix Media, Insight TAROM, IQads, SMARK, Financial Intelligence, Zenith Media, mediaTRUST Rom\u00e2nia<\/p>\n<p>***<\/p>\n<p><strong><em>Despre programul Tinere Talente<\/em><\/strong><\/p>\n<p>Programul na\u021bional <em>Tinere Talente, <\/em>derulat de Funda\u021bia Regal\u0103 Margareta a Rom\u00e2niei<em>,<\/em> a debutat \u00een anul 2009 cu scopul de a sprijini \u0219i promova tinerii arti\u0219ti talenta\u021bi care provin din familii cu venituri reduse \u0219i care au nevoie de sprijin financiar pentru a-\u0219i atinge adev\u0103ratul poten\u021bial \u0219i a-\u0219i exprima talentul. Ceea ce diferen\u021biaz\u0103 programul <em>Tinere Talente <\/em>de alte proiecte care ofer\u0103 burse este abordarea holistic\u0103, centrat\u0103 pe dezvoltarea \u0219i afirmarea acestor arti\u0219ti \u00een devenire. Pe l\u00e2ng\u0103 sprijinul financiar, tinerii primesc \u00eendrumarea unor mentori valoro\u0219i, preg\u0103tire prin masterclass-uri \u0219i au oportunit\u0103\u021bi de promovare foarte importante, toate acestea cre\u00e2nd o platform\u0103 de lansare \u00een cariera artistic\u0103. P\u00e2n\u0103 \u00een prezent, 410 de burse au fost acordate tinerilor talenta\u021bi, afla\u021bi la \u00eenceput de drum, care studiaz\u0103 muzica sau artele vizuale \u00een licee \u0219i universit\u0103\u021bi din Rom\u00e2nia, fiind ajuta\u021bi s\u0103-\u0219i dep\u0103\u0219easc\u0103 greut\u0103\u021bile financiare \u0219i s\u0103 continue s\u0103-\u0219i exprime valoarea artistic\u0103. \u00cen sus\u021binerea bursierilor, au fost organizate 128 recitaluri \u0219i concerte, 82 de expozi\u021bii, 126 sesiuni de mentorat sau masterclass. De-a lungul timpului, 1.900.000 de euro au fost investi\u021bi \u00een viitorul artistic al Rom\u00e2niei. Mai multe detalii sunt disponibile pe <a href=\"http:\/\/www.tinteretalente.org\">www.tinteretalente.org<\/a>.<\/p>\n<p>***<\/p>\n<p><strong><em>Despre Funda\u021bia Regal\u0103 Margareta a Rom\u00e2niei<\/em><\/strong><\/p>\n<p>Funda\u021bia Regal\u0103 Margareta a Rom\u00e2niei a fost \u00eenfiin\u021bat\u0103 \u00een 1990 de c\u0103tre Regele Mihai I al Rom\u00e2niei \u0219i Majestatea Sa Margareta, Custodele Coroanei rom\u00e2ne. Cu o activitate de 34 de ani, Funda\u021bia Regal\u0103 Margareta a Rom\u00e2niei sprijin\u0103 copii, tineri \u0219i v\u00e2rstnici prin interven\u021bii durabile, bazate pe schimbul de experien\u021b\u0103 \u0219i valori \u00eentre genera\u021bii. De-a lungul timpului, Funda\u021bia s-a implicat \u00een numeroase proiecte sociale, culturale \u015fi de sus\u021binere a educa\u021biei \u015fi talentului artistic. Mai multe detalii sunt disponibile pe <a href=\"http:\/\/www.frmr.ro\">www.frmr.ro<\/a>.<\/p>\n<p><strong>\u00a0***<\/strong><\/p>\n<p><strong>Despre Muzeul Municipiului Bucure<\/strong><strong>\u0219<\/strong><strong>ti<\/strong><\/p>\n<p>Muzeul Municipiului Bucure\u0219ti este un muzeu pavilionar \u00een Bucure\u0219ti, care reune\u0219te 9 muzee \u0219i case memoriale \u00een prezent deschise vizitatorilor. Din MMB (Muzeul Municipiului Bucure\u0219ti) fac parte \u2013 Palatul Su\u021bu (Bd. I.C. Br\u0103tianu nr. 2), Casa Filipescu-Cesianu (Calea Victoriei nr. 151), Muzeul Theodor Aman (Str. C.A. Rosetti nr. 8), Muzeul George Severeanu (Str. Henri Coand\u0103 nr. 26), Muzeul Victor Babe\u0219 (Str. Andrei Mure\u0219anu nr. 14A), Observatorul Astronomic \u201eAmiral Vasile Urseanu\u201d (Bd. Lasc\u0103r Catargiu nr. 21), Muzeul de Art\u0103 Popular\u0103 \u201eProf. Dr. Nicolae Minovici\u201d (Str. Dr. Nicolae Minovici nr. 1), Muzeul de Art\u0103 \u201eFrederic Storck \u0219i Cecilia Cu\u021bescu Storck\u201d (Str. Vasile Alecsandri nr. 16) \u0219i Colec\u021bia de Art\u0103 \u201eLigia \u0219i Pompiliu Macovei\u201d (Str. 11 iunie nr. 36-38). MMB este un centru informa\u021bional, cultural \u0219i educa\u021bional, un centru activ al unei re\u021bele de organiza\u021bii. Muzeul este un punct de reper pentru comunit\u0103\u021bile culturale din Bucure\u0219ti, precum \u0219i pentru mediul academic \u0219i \u0219tiin\u021bific. Mai multe detalii despre activitatea MMB pute\u021bi afla acces\u00e2nd site-ul oficial al muzeului \u2013 <a href=\"http:\/\/www.muzeulbucurestiului.ro\">www.muzeulbucurestiului.ro<\/a>.<\/p>\n","protected":false},"excerpt":{"rendered":"<p>Funda\u021bia Regal\u0103 Margareta a Rom\u00e2niei prezint\u0103 publicului iubitor de art\u0103 expozi\u021bia Jurnal de Via\u021b\u0103, o c\u0103l\u0103torie artistic\u0103 intergenera\u021bional\u0103 care exploreaz\u0103 timpul \u0219i memoria prin ochii bursierilor programului na\u021bional Tinere Talente 2024. Expozi\u021bia este deschis\u0103 \u00eentre 24 aprilie \u0219i 23 mai 2024, la Muzeul Municipiului Bucure\u0219ti&#8230;<\/p>\n","protected":false},"author":7,"featured_media":19695,"comment_status":"closed","ping_status":"closed","sticky":false,"template":"","format":"standard","meta":[],"categories":[163],"tags":[],"_links":{"self":[{"href":"https:\/\/www.tineretalente.org\/index.php\/wp-json\/wp\/v2\/posts\/19694"}],"collection":[{"href":"https:\/\/www.tineretalente.org\/index.php\/wp-json\/wp\/v2\/posts"}],"about":[{"href":"https:\/\/www.tineretalente.org\/index.php\/wp-json\/wp\/v2\/types\/post"}],"author":[{"embeddable":true,"href":"https:\/\/www.tineretalente.org\/index.php\/wp-json\/wp\/v2\/users\/7"}],"replies":[{"embeddable":true,"href":"https:\/\/www.tineretalente.org\/index.php\/wp-json\/wp\/v2\/comments?post=19694"}],"version-history":[{"count":1,"href":"https:\/\/www.tineretalente.org\/index.php\/wp-json\/wp\/v2\/posts\/19694\/revisions"}],"predecessor-version":[{"id":19696,"href":"https:\/\/www.tineretalente.org\/index.php\/wp-json\/wp\/v2\/posts\/19694\/revisions\/19696"}],"wp:featuredmedia":[{"embeddable":true,"href":"https:\/\/www.tineretalente.org\/index.php\/wp-json\/wp\/v2\/media\/19695"}],"wp:attachment":[{"href":"https:\/\/www.tineretalente.org\/index.php\/wp-json\/wp\/v2\/media?parent=19694"}],"wp:term":[{"taxonomy":"category","embeddable":true,"href":"https:\/\/www.tineretalente.org\/index.php\/wp-json\/wp\/v2\/categories?post=19694"},{"taxonomy":"post_tag","embeddable":true,"href":"https:\/\/www.tineretalente.org\/index.php\/wp-json\/wp\/v2\/tags?post=19694"}],"curies":[{"name":"wp","href":"https:\/\/api.w.org\/{rel}","templated":true}]}}