{"id":19764,"date":"2024-11-26T16:18:30","date_gmt":"2024-11-26T14:18:30","guid":{"rendered":"https:\/\/www.tineretalente.org\/?p=19764"},"modified":"2024-11-26T16:18:30","modified_gmt":"2024-11-26T14:18:30","slug":"gala-tinere-talente-a-pus-in-lumina-reflectoarelor-noua-generatie-de-artisti","status":"publish","type":"post","link":"https:\/\/www.tineretalente.org\/index.php\/2024\/11\/26\/gala-tinere-talente-a-pus-in-lumina-reflectoarelor-noua-generatie-de-artisti\/","title":{"rendered":"Gala Tinere Talente a pus \u00een lumina reflectoarelor noua genera\u021bie de arti\u0219ti"},"content":{"rendered":"<p><em>26 noiembrie 2024\u00a0\u00a0\u00a0 <\/em><strong>Edi\u021bia 2024 a<\/strong> <strong>Galei Tinere Talente, organizat\u0103 de Funda\u021bia Regal\u0103 Margareta a Rom\u00e2niei, a avut loc asear\u0103 la Teatrul Na\u021bional \u201dI. L. Caragiale\u201d Bucure\u0219ti (TNB), \u00een prezen\u021ba Alte\u021bei Sale Regale Principesa Sofia. <\/strong>Realiz\u0103rile artistice ale unora dintre cei mai talenta\u021bi tineri din \u021bar\u0103, 15 muzicieni \u0219i 15 arti\u0219ti vizuali, bursieri \u00een cadrul <a href=\"https:\/\/www.tineretalente.org\/\">programului <strong><em>Tinere Talente<\/em><\/strong><\/a>, a XVI-a genera\u021bie, au fost celebrate cu aceast\u0103 ocazie. <strong>Gala Tinere Talente<\/strong> este evenimentul care a pus \u00een lumina reflectoarelor pe bursierii Funda\u021biei la final de proiect, printr-un un program muzical preg\u0103tit de tinerii muzicieni \u0219i o ampl\u0103 expozi\u021bie de art\u0103 vizual\u0103 cu lucr\u0103ri realizate \u00een anul de burs\u0103.<\/p>\n<p>Sponsori, parteneri, donatori \u0219i sus\u021bin\u0103tori ai tinerilor arti\u0219ti au avut ocazia s\u0103 fac\u0103 cuno\u0219tin\u021b\u0103 cu personalitatea artistic\u0103 a fiec\u0103rui t\u00e2n\u0103r. S-au bucurat de proiectele lor artistice individuale \u0219i comune, de progresele pe care ace\u0219ti tineri le-au f\u0103cut de-a lungul anului, ca urmare a sus\u021binerii prin burs\u0103 \u00een valoare de 2.000 euro \u0219i av\u00e2nd \u00eendrumarea mentorilor \u0219i a profesorilor, precum \u0219i sus\u021binerea Funda\u021biei.<\/p>\n<p>Pe parcursul <strong>concertului,<\/strong> tinerii muzicieni au interpretat fragmente emblematice din repertoriul de oper\u0103 \u0219i balet, preg\u0103tite sub \u00eendrumarea mentorului Rafael Butaru, violonist, concertmaestru al Filarmonicii George Enescu \u0219i al Operei Na\u021bionale Bucure\u0219ti. Tinerilor li s-au al\u0103turat pe scen\u0103 violoncelista Julia Coteanu, fost\u0103 bursier\u0103 Tinere Talente \u0219i balerinii Operei Na\u021bionale\u00a0Bucure\u0219ti, Raluca Jercea \u0219i Cristian \u0218u\u0219u. <strong>Gala Tinere Talente<\/strong> a fost prezentat\u0103 de Bogdan Chenciu, moderator-realizator de emisiuni tv.<\/p>\n<p><em>\u201dA fost o sear\u0103 special\u0103 dedicat\u0103 artei, pasiunii \u0219i frumuse\u021bii muzicii clasice \u0219i ne-am bucurat s\u0103 avem al\u0103turi public numeros pentru un spectacol care a \u00eembinat capodopere atemporale din repertoriul de oper\u0103 \u0219i balet \u0219i talentul tinerilor muzicieni, put\u00e2ndu-l \u00eentr-o c\u0103l\u0103torie sonor\u0103 de neuitat.<\/em><\/p>\n<p><em>Am traversat epoci \u0219i stiluri muzicale, de la elegan\u021ba barocului lui Handel \u0219i Charpentier, la sensibilitatea romantic\u0103 a lui Verdi \u0219i Puccini, p\u00e2n\u0103 la rafinamentul baletului lui Ceaikovski. Fiecare pies\u0103 a spus o poveste, a evocat o emo\u021bie \u0219i ne-a invitat s\u0103 descoperim nu doar suple\u021bea muzicii, ci \u0219i puterea ei de a\u00a0uni\u00a0sufletele\u201d \u2013 <\/em>violonist Rafael Butaru<\/p>\n<p>In cadrul evenimentului, Alte\u021ba Sa Regal\u0103 Principesa Sofia a acordat diplome companiilor \u0219i institu\u021biilor care se implic\u0103 cu generozitate \u00een sus\u021binerea programului <em>Tinere Talente<\/em>: compania Dedeman &#8211; sponsor al programului, reprezentat\u0103 de Georgiana Grigora\u0219, Specialist Rela\u021bii publice; compania PEPCO Retail \u2013 sponsor; echipa TVR Ora Regelui &#8211; partener media, reprezentat\u0103 de produc\u0103torul Lidia Voicu \u0219i redactorul Diana Ilica; Teatrul Na\u021bional \u201dI. L. Caragiale\u201d Bucure\u0219ti, partener tradi\u021bional al evenimentului, reprezentat de doamna Adriana Popescu, Director al Direc\u021biei Comunicare \u0219i Rela\u021bii Interna\u021bionale; domnului Rafael Butaru<strong>,<\/strong> mentor de 10 ani \u00een cadrul proiectului. Mugurel M\u0103rg\u0103rit, Director executiv al Funda\u021biei, le-a mul\u021bumit \u0219i le-a oferit recunoa\u0219tere pentru dorin\u021ba de \u00eencurajare a creativit\u0103\u021bii autentice \u0219i sustinerea noii genera\u021bii de arti\u0219ti.<\/p>\n<p>La final, cei 30 de bursieri ai programului <em>Tinere Talente<\/em> \u2013 edi\u021bia 2024, au primit diplome pentru performan\u021ba artistic\u0103 \u00een domeniul artelor vizuale \u015fi a muzicii clasice.<\/p>\n<p>Momentul artistic din sal\u0103 a fost completat de <strong>Expozi\u021bia de art\u0103 vizual\u0103, <\/strong>\u00een foaierul Media al TNB (aripa Grand Hotel), cu lucr\u0103ri relevante din proiecte individuale ale bursierilor realizate cu materiale achizi\u021bionate din burs\u0103, precum \u0219i selec\u021bii de lucr\u0103ri din proiectele comune: <em>expozi\u021biile <\/em><em>Jurnal de Via\u021b\u0103<\/em>, <em>Forma G\u00e2ndului,<\/em> <em>Pasiunile \u0219i Preocup\u0103rile membrilor Familiei Regale<\/em>, coordonate de mentorul conf. univ. dr. Ion Anghel. Alte\u021ba Sa Regal\u0103 Principesa Sofia a vizitat expozi\u021bia \u00eenso\u021bit\u0103 de mentorii conf. univ. dr. Carmen Apetrei \u0219i conf. univ. dr. Ion Anghel, al\u0103turi de bursierii care au expus \u0219i publicul invitat la Gal\u0103.<\/p>\n<p><strong>Expozi\u021bia va r\u0103m\u00e2ne deschis\u0103 publicului p\u00e2n\u0103 pe 17 decembrie<\/strong><strong>, iar intrarea este liber\u0103.<\/strong><\/p>\n<p><strong>Programul <\/strong><strong><em>Tinere Talente<\/em><\/strong> \u00een cifre, \u00een anul 2024, a \u00eensemnat:<\/p>\n<p>&#8211; \u00a030 de bursieri: 15 muzicieni \u0219i 15 arti\u0219ti vizuali<\/p>\n<p>&#8211; 411 accesorii muzicale \u0219i instrumente, echipamente sau materiale de lucru (chitar\u0103 de epoc\u0103, corzi, saxofon, ma\u0219in\u0103 pentru confec\u021bionarea anciilor, camera video, scaun pian, tablete grafice, laptopuri, aparate foto, imprimante, culori acrilice, pensule, \u0219evalete etc.)<\/p>\n<p>&#8211; 99 de c\u0103r\u021bi, albume de art\u0103 \u0219i partituri<\/p>\n<p>&#8211; 56 de particip\u0103ri la expozi\u021bii de art\u0103 individuale \u0219i de grup, 6 prezent\u0103ri de mod\u0103, plus 5 organizate de Funda\u021bie<\/p>\n<p>&#8211; 148 de particip\u0103ri la recitaluri, 30 de colabor\u0103ri cu orchestre, plus 13 organizate de Funda\u021bie<\/p>\n<p>&#8211; 111 cursuri, proiecte, mentorate \u0219i masterclass-uri, plus 12 organizate de Funda\u021bie<\/p>\n<p>&#8211; 50 de vizite de documentare<\/p>\n<p>&#8211; 25 premii, din care: 1 trofeu, 4 Gale ale Laurea\u021bilor, 8 premii I, 1 premiu de excelen\u021b\u0103, Premiul pentru cea mai bun\u0103 interpretare a unei arii de oper\u0103 la Concursul Alexandru F\u0103rca\u0219 Voice Competition, Premiul Radio Rom\u00e2nia \u00een cadrul Concursului Interna\u021bional de Canto \u201cIonel Perlea\u201d, Premiul pentru debut la Bienala Na\u021bional\u0103 de Art\u0103 Plastic\u0103 \u201eLasc\u0103r Vorel&#8221; Piatra Neam\u021b<\/p>\n<p>&#8211; 18 burse (Erasmus, Sonoro Interferen\u021be, UNIMIR, etc.)<\/p>\n<p><strong><em>Tinere Talente<\/em><\/strong> a devenit un proiect de \u021bar\u0103, care sprijin\u0103 tinerii arti\u0219ti talenta\u021bi, oferindu-le \u0219anse egale, indiferent de provoc\u0103rile sociale sau economice din mediul din care provin. Fiecare dintre cele trei componente ale programului \u2013 art\u0103, educa\u021bie \u0219i impact social \u2013 demonstreaz\u0103 c\u0103 investi\u021bia \u00een talentul artistic al noii genera\u021bii este un act responsabil \u0219i sustenabil pentru viitorul Rom\u00e2niei.<\/p>\n<p><em>Partener: Kaufland Rom\u00e2nia<\/em><\/p>\n<p><em>Sponsori: EY Rom\u00e2nia, B&amp;B Collection &#8211; Kultho, PEPCO Retail, PPG Rom\u00e2nia &#8211; Oskar, Ferrero Rocher, Dedeman, Yardi Rom\u00e2nia, UniCredit Bank, Enayati Medical City, Highlight Agency<\/em><\/p>\n<p><em>Sponsori in kind: Casa Siqua, Easy Print Services, AQUA Carpatica, Angelli, Emotion Philms Production<\/em><\/p>\n<p><em>Partener institu\u021bional: Teatrul Na\u021bional \u201dI. L. Caragiale\u201d din Bucure\u0219ti<\/em><\/p>\n<p><em>Parteneri media \u00een 2024: Europa FM, TVR, TVR Cultural, Radio Rom\u00e2nia, <\/em><em>Radio Rom\u00e2nia Muzical, Radio Rom\u00e2nia Cultural, Radio Rom\u00e2nia Actualit\u0103\u021bi, Radio Trinitas, RFI Rom\u00e2nia, AGERPRES, Forbes, Forbes Life, <\/em><em>ziarul cotidian diplomatic Nine O\u2019Clock, Zile \u0219i Nop\u021bi, Revista BIZ, <\/em><em>Haute Culture, Revista CARIERE, Revista <\/em><em>Insight TAROM, Cocor Media Channel, IQads, SMARK, Phoenix Media, mediaTRUST Rom\u00e2nia, Zenith Media<\/em><\/p>\n<p>Foto credit: Anca Aramba\u0219a<\/p>\n<p><strong>***<\/strong><\/p>\n<p><strong>Programul Tinere Talente<\/strong><\/p>\n<p>Programul na\u021bional <em>Tinere Talente, <\/em>derulat de Funda\u021bia Regal\u0103 Margareta a Rom\u00e2niei<em>,<\/em> a debutat \u00een anul 2009 cu scopul de a sprijini \u0219i promova tinerii arti\u0219ti talenta\u021bi care provin din familii cu venituri reduse \u0219i care au nevoie de sprijin financiar pentru a-\u0219i atinge adev\u0103ratul poten\u021bial \u0219i a-\u0219i exprima talentul. Ceea ce diferen\u021biaz\u0103 programul <em>Tinere Talente <\/em>de alte proiecte care ofer\u0103 burse este abordarea holistic\u0103, centrat\u0103 pe dezvoltarea \u0219i afirmarea acestor arti\u0219ti \u00een devenire. Pe l\u00e2ng\u0103 sprijinul financiar, tinerii primesc \u00eendrumarea unor mentori valoro\u0219i, preg\u0103tire prin masterclass-uri \u0219i au oportunit\u0103\u021bi de promovare foarte importante, toate acestea cre\u00e2nd o platform\u0103 de lansare \u00een cariera artistic\u0103. P\u00e2n\u0103 \u00een prezent, 440 de burse au fost acordate tinerilor talenta\u021bi, afla\u021bi la \u00eenceput de drum, care studiaz\u0103 muzica sau artele vizuale \u00een licee \u0219i universit\u0103\u021bi din Rom\u00e2nia, fiind ajuta\u021bi s\u0103-\u0219i dep\u0103\u0219easc\u0103 greut\u0103\u021bile financiare \u0219i s\u0103 continue s\u0103-\u0219i exprime valoarea artistic\u0103. De-a lungul timpului, peste 2.000.000 de euro au fost investi\u021bi \u00een viitorul artistic al Rom\u00e2niei. Mai multe detalii sunt disponibile pe <a href=\"http:\/\/www.tinteretalente.org\">www.tinteretalente.org<\/a>. Programul na\u021bional <em>Tinere Talente<\/em> este sus\u021binut de parteneri \u0219i sponsori, dar \u0219i prin dona\u021bii realizate online \u2013 <a href=\"http:\/\/www.frmr.ro\/donationline\">www.frmr.ro\/donationline<\/a> , sus\u021bin\u00e2nd, astfel, bursele pentru tinerii talenta\u021bi ai Rom\u00e2niei.<\/p>\n","protected":false},"excerpt":{"rendered":"<p>26 noiembrie 2024\u00a0\u00a0\u00a0 Edi\u021bia 2024 a Galei Tinere Talente, organizat\u0103 de Funda\u021bia Regal\u0103 Margareta a Rom\u00e2niei, a avut loc asear\u0103 la Teatrul Na\u021bional \u201dI. L. Caragiale\u201d Bucure\u0219ti (TNB), \u00een prezen\u021ba Alte\u021bei Sale Regale Principesa Sofia. Realiz\u0103rile artistice ale unora dintre cei mai talenta\u021bi tineri din&#8230;<\/p>\n","protected":false},"author":7,"featured_media":19765,"comment_status":"closed","ping_status":"closed","sticky":false,"template":"","format":"standard","meta":[],"categories":[163],"tags":[],"_links":{"self":[{"href":"https:\/\/www.tineretalente.org\/index.php\/wp-json\/wp\/v2\/posts\/19764"}],"collection":[{"href":"https:\/\/www.tineretalente.org\/index.php\/wp-json\/wp\/v2\/posts"}],"about":[{"href":"https:\/\/www.tineretalente.org\/index.php\/wp-json\/wp\/v2\/types\/post"}],"author":[{"embeddable":true,"href":"https:\/\/www.tineretalente.org\/index.php\/wp-json\/wp\/v2\/users\/7"}],"replies":[{"embeddable":true,"href":"https:\/\/www.tineretalente.org\/index.php\/wp-json\/wp\/v2\/comments?post=19764"}],"version-history":[{"count":1,"href":"https:\/\/www.tineretalente.org\/index.php\/wp-json\/wp\/v2\/posts\/19764\/revisions"}],"predecessor-version":[{"id":19766,"href":"https:\/\/www.tineretalente.org\/index.php\/wp-json\/wp\/v2\/posts\/19764\/revisions\/19766"}],"wp:featuredmedia":[{"embeddable":true,"href":"https:\/\/www.tineretalente.org\/index.php\/wp-json\/wp\/v2\/media\/19765"}],"wp:attachment":[{"href":"https:\/\/www.tineretalente.org\/index.php\/wp-json\/wp\/v2\/media?parent=19764"}],"wp:term":[{"taxonomy":"category","embeddable":true,"href":"https:\/\/www.tineretalente.org\/index.php\/wp-json\/wp\/v2\/categories?post=19764"},{"taxonomy":"post_tag","embeddable":true,"href":"https:\/\/www.tineretalente.org\/index.php\/wp-json\/wp\/v2\/tags?post=19764"}],"curies":[{"name":"wp","href":"https:\/\/api.w.org\/{rel}","templated":true}]}}