{"id":19783,"date":"2025-02-20T14:47:45","date_gmt":"2025-02-20T12:47:45","guid":{"rendered":"https:\/\/www.tineretalente.org\/?p=19783"},"modified":"2026-02-04T00:17:36","modified_gmt":"2026-02-03T22:17:36","slug":"identitati-debutul-unei-noi-generatii-de-artisti-si-muzicieni-talentati-sustinuti-prin-programul-tinere-talente","status":"publish","type":"post","link":"https:\/\/www.tineretalente.org\/index.php\/2025\/02\/20\/identitati-debutul-unei-noi-generatii-de-artisti-si-muzicieni-talentati-sustinuti-prin-programul-tinere-talente\/","title":{"rendered":"Identit\u0103\u021bi, debutul unei noi genera\u021bii de arti\u0219ti \u0219i muzicieni talenta\u021bi sus\u021binu\u021bi prin programul Tinere Talente"},"content":{"rendered":"<p>20 februarie 2025\u00a0\u00a0\u00a0\u00a0<strong>Funda\u021bia Regal\u0103 Margareta a Rom\u00e2niei marcheaz\u0103 debutul unei noi genera\u021bii de arti\u0219ti \u0219i muzicieni talenta\u021bi prin evenimentul\u00a0<em>Identit\u0103\u021bi<\/em><\/strong>,<strong>\u00a0o expozi\u021bie de arte vizuale \u0219i un recital de muzic\u0103 clasic\u0103, care vor avea loc pe 24 februarie 2025, \u00een cadrul Elite Art Gallery din Bucure\u0219ti. Acest moment, aflat la a 12-a edi\u021bie, reprezint\u0103 prima ocazie de promovare \u00een care bursierii programului\u00a0<em>Tinere Talente 2025<\/em>\u00a0\u00ee\u0219i prezint\u0103 viziunea artistic\u0103 \u00een fa\u021ba publicului larg.<\/strong><\/p>\n<p><strong>Tineri arti\u0219ti \u0219i muzicieni pe drumul afirm\u0103rii<\/strong><\/p>\n<p>Ajuns la cea de-a 17-a edi\u021bie, programul na\u021bional\u00a0<strong><em>Tinere Talente<\/em><\/strong>\u00a0ofer\u0103 sprijin unui num\u0103r de\u00a0<strong>30 de tineri arti\u0219ti \u0219i muzicieni<\/strong>\u00a0cu v\u00e2rste \u00eentre\u00a0<strong>14 \u0219i 24 de ani<\/strong>, care provin din medii cu posibilit\u0103\u021bi financiare reduse. Prin burse, sesiuni de mentorat intergenera\u021bional, masterclass-uri \u0219i evenimente de promovare, ace\u0219ti tineri primesc oportunitatea de a-\u0219i dezvolta talentul \u0219i de a-\u0219i face cunoscut\u0103 vocea artistic\u0103.<\/p>\n<p><strong>Expozi\u021bie de arte vizuale \u0219i recital de muzic\u0103 clasic\u0103<\/strong><\/p>\n<p>\u00cen perioada\u00a0<strong>24 februarie \u2013 2 martie 2025<\/strong>, Elite Art Gallery din Bucure\u0219ti (Pia\u0163a Na\u0163iunile Unite nr. 3-5, Bl. B2, parter) va g\u0103zdui expozi\u021bia de arte vizuale a bursierilor\u00a0<em>Tinere Talente<\/em>, edi\u021bia 2025, curatoriat\u0103 de\u00a0<strong>Ileana Dana Marinescu<\/strong>, mentor \u00een cadrul proiectului. Vizitatorii vor putea descoperi lucr\u0103ri din domenii variate, precum\u00a0<strong>pictur\u0103, grafic\u0103, design vestimentar, arte \u0219i design textil, foto-video<\/strong>, create de cei\u00a0<strong>15 arti\u0219ti vizuali<\/strong>\u00a0selecta\u021bi anul acesta.<\/p>\n<p>Vernisajul expozi\u021biei va avea loc\u00a0<strong>luni,<\/strong>\u00a0<strong>24 februarie, ora 18:00<\/strong>, \u00een prezen\u021ba Alte\u021bei Sale Regale Principesa Sofia \u0219i va fi urmat de un\u00a0<strong>recital de muzic\u0103 clasic\u0103<\/strong>\u00a0sus\u021binut de\u00a0<strong>tinerii muzicieni bursieri\u00a0<\/strong>de la<strong>\u00a0ora 18.30<\/strong>, ale c\u0103ror interpret\u0103ri la pian, saxofon, violoncel, oboi, fagot, flaut, clarinet, corn vor cuprinde lucr\u0103ri din repertoriul compozitorilor I. Clarke, P. Gaubert, J. Haydn, M. Dring, G. Grovlez, F. Poulenc, I. Deterling \u0219i P. Iturralde. Programul muzical a fost preg\u0103tit sub \u00eendrumarea lui\u00a0<strong>Emil Vi\u0219enescu<\/strong>, prim clarinetist la Filarmonica\u00a0George\u00a0Enescu \u0219i mentor al proiectului\u00a0<em>Tinere Talente.<\/em><\/p>\n<p><strong>O invita\u021bie deschis\u0103 iubitorilor de art\u0103 \u0219i muzic\u0103<\/strong><\/p>\n<p>Accesul la evenimentul\u00a0<strong>Identit\u0103\u021bi<\/strong>\u00a0este\u00a0<strong>liber<\/strong>, oferind publicului ocazia de a descoperi \u0219i sus\u021bine tinerii arti\u0219ti ai Rom\u00e2niei. Este un prilej de a lua contact direct cu noua genera\u021bie de creatori \u0219i interpre\u021bi, dar \u0219i de a contribui la viitorul cultural al \u021b\u0103rii. Cei care doresc s\u0103 sprijine programul\u00a0<em>Tinere Talente<\/em>\u00a0pot face o\u00a0<strong>dona\u021bie online<\/strong>\u00a0pe\u00a0<a href=\"https:\/\/www.frmr.ro\/donationline\">www.frmr.ro\/donationline<\/a>.<\/p>\n<p><strong>Rom\u00e2nia are nevoie de art\u0103!<\/strong><\/p>\n<p>Prin programul\u00a0<em>Tinere Talente<\/em>, Funda\u021bia Regal\u0103 Margareta a Rom\u00e2niei \u00ee\u0219i reafirm\u0103 angajamentul de a sprijini tinerele genera\u021bii de arti\u0219ti \u0219i de a le oferi oportunit\u0103\u021bi pentru dezvoltarea \u0219i promovarea lor. Lista celor\u00a0<strong>30 de bursieri ai anului 2025<\/strong>\u00a0poate fi consultat\u0103\u00a0<a href=\"https:\/\/www.tineretalente.org\/index.php\/2024\/02\/08\/fundatia-regala-margareta-a-romaniei-anunta-numele-celor-30-de-bursieri-selectati-pentru-a-face-parte-din-a-16-a-editie-a-programului-national-tinere-talente\/\"><strong>aici.<\/strong><\/a><\/p>\n<p><strong>Programul de vizitare a expozi\u021biei: luni \u2013 vineri, orele 11 \u2013 19, cu intrare gratuit\u0103.<\/strong><\/p>\n<p><strong>\u00a0<\/strong><\/p>\n<p>&nbsp;<\/p>\n<p><strong>Partener program<\/strong>:\u00a0<em>Kaufland Rom\u00e2nia\u00a0\u00a0<\/em><strong>|<\/strong>\u00a0<strong>Sponsori program:\u00a0<\/strong><em>EY Rom\u00e2nia, B&amp;B Collection \u2013 Kultho, PEPCO Retail, PPG Rom\u00e2nia \u2013 Oskar, Ferrero Rocher, Dedeman, Yardi Rom\u00e2nia, UniCredit Bank, Enayati Medical City, Highlight Agency, Casa Siqua, Easy Print Services,\u00a0<\/em><em>Emotion Philms Production<\/em><\/p>\n<p><strong>Parteneri media ai programului \u00een timp:\u00a0<\/strong><em>Europa FM, TVR, TVR Cultural, Radio Rom\u00e2nia, Radio Rom\u00e2nia Muzical, Radio Rom\u00e2nia Cultural, Radio Rom\u00e2nia Actualit\u0103\u021bi, Radio Trinitas, RFI Rom\u00e2nia, Radio Clasic, Magic FM, AGERPRES, Forbes, Forbes Life, ziarul cotidian diplomatic Nine O\u2019Clock, Ziarul News, Zile \u0219i Nop\u021bi, Historia, Revista BIZ, Haute Culture, The Institute, The Diplomat, Adev\u0103rul, Revista CARIERE, Revista Insight TAROM, Revista Cultura, Cocor Media Channel, IQads, SMARK, Phoenix Media, mediaTRUST Rom\u00e2nia, Zenith Media<\/em><\/p>\n<p>&nbsp;<\/p>\n<p><strong><em>Despre programul Tinere Talente<\/em><\/strong><\/p>\n<p>Programul na\u021bional\u00a0<em>Tinere Talente,\u00a0<\/em>derulat de Funda\u021bia Regal\u0103 Margareta a Rom\u00e2niei<em>,<\/em>\u00a0a debutat \u00een anul 2009 cu scopul de a sprijini \u0219i promova tinerii arti\u0219ti talenta\u021bi care provin din familii cu venituri reduse \u0219i care au nevoie de sprijin financiar pentru a-\u0219i atinge adev\u0103ratul poten\u021bial \u0219i a-\u0219i exprima talentul. Ceea ce diferen\u021biaz\u0103 programul\u00a0<em>Tinere Talente\u00a0<\/em>de alte proiecte care ofer\u0103 burse este abordarea holistic\u0103, centrat\u0103 pe dezvoltarea \u0219i afirmarea acestor arti\u0219ti \u00een devenire. Pe l\u00e2ng\u0103 sprijinul financiar, tinerii primesc \u00eendrumarea unor mentori valoro\u0219i, preg\u0103tire prin masterclass-uri \u0219i au oportunit\u0103\u021bi de promovare foarte importante, toate acestea cre\u00e2nd o platform\u0103 de lansare \u00een cariera artistic\u0103. P\u00e2n\u0103 \u00een prezent, 470 de burse au fost acordate tinerilor talenta\u021bi, afla\u021bi la \u00eenceput de drum, care studiaz\u0103 muzica sau artele vizuale \u00een licee \u0219i universit\u0103\u021bi din Rom\u00e2nia, fiind ajuta\u021bi s\u0103-\u0219i dep\u0103\u0219easc\u0103 greut\u0103\u021bile financiare \u0219i s\u0103 continue s\u0103-\u0219i exprime valoarea artistic\u0103. \u00cen sus\u021binerea bursierilor, au fost organizate 141 recitaluri \u0219i concerte, 87 de expozi\u021bii, 138 sesiuni de mentorat sau masterclass. De-a lungul timpului, peste 2 milioane de euro au fost investi\u021bi \u00een viitorul artistic al Rom\u00e2niei. Programul\u00a0<em>Tinere Talente<\/em>\u00a0este recunoscut ca\u00a0<em>Cel mai bun Program de art\u0103 \u0219i Cultur\u0103 din Rom\u00e2nia<\/em>, de 4 ori laureat la Gala Societ\u0103\u021bii Civile. Mai multe detalii sunt disponibile pe\u00a0<a href=\"http:\/\/www.tinteretalente.org\/\">www.tinteretalente.org<\/a>.<\/p>\n<p><strong><em>Despre Funda\u021bia Regal\u0103 Margareta a Rom\u00e2niei<\/em><\/strong><\/p>\n<p>Funda\u021bia Regal\u0103 Margareta a Rom\u00e2niei a fost \u00eenfiin\u021bat\u0103 \u00een 1990 de c\u0103tre Regele Mihai I al Rom\u00e2niei \u0219i Majestatea Sa Margareta, Custodele Coroanei rom\u00e2ne. Cu o activitate de 35 de ani, Funda\u021bia Regal\u0103 Margareta a Rom\u00e2niei sprijin\u0103 copii, tineri \u0219i v\u00e2rstnici prin interven\u021bii durabile, bazate pe schimbul de experien\u021b\u0103 \u0219i valori \u00eentre genera\u021bii. De-a lungul timpului, Funda\u021bia s-a implicat \u00een numeroase proiecte sociale, culturale \u015fi de sus\u021binere a educa\u021biei \u015fi talentului artistic. Mai multe detalii sunt disponibile pe\u00a0<a href=\"https:\/\/www.frmr.ro\/\">www.frmr.ro<\/a>.<\/p>\n<p><strong>***<\/strong><\/p>\n<p><strong><em>Despre Elite Art Gallery<\/em><\/strong><\/p>\n<p>Din 2003 ELITE ART GALLERY prezint\u0103 publicului expozi\u021bii de art\u0103 contemporan\u0103, expun\u00e2nd arti\u0219ti rom\u00e2ni reprezentativi. Expozi\u021bii concepute ini\u021bial cu lucr\u0103rile realizate \u00een tab\u0103ra de Art\u0103 de la Balcic, au fost extinse spre multiple teme \u0219i proiecte artistice. Ca parte a Asocia\u021biei ELITE ART CLUB UNESCO, ELITE ART GALLERY \u0219i-a construit \u00een to\u021bi ace\u0219ti ani un portofoliu solid cuprinz\u00e2nd expozi\u021bii, competi\u021bii artistice dedicate tinerilor arti\u0219ti \u0219i alte proiecte adiacente. Asocia\u021bia implementeaz\u0103 proiecte \u00een domeniul artelor vizuale \u0219i muzicii, dar \u0219i proiecte educa\u021bionale, prin care contribuie la sus\u021binerea tinerilor arti\u0219ti. Acest proiect g\u0103zduit de Elite Art Gallery \u0219i implementat de Funda\u021bia Regal\u0103 Margareta a Rom\u00e2niei este unul dintre ele.<\/p>\n<p>&nbsp;<\/p>\n","protected":false},"excerpt":{"rendered":"<p>20 februarie 2025\u00a0\u00a0\u00a0\u00a0Funda\u021bia Regal\u0103 Margareta a Rom\u00e2niei marcheaz\u0103 debutul unei noi genera\u021bii de arti\u0219ti \u0219i muzicieni talenta\u021bi prin evenimentul\u00a0Identit\u0103\u021bi,\u00a0o expozi\u021bie de arte vizuale \u0219i un recital de muzic\u0103 clasic\u0103, care vor avea loc pe 24 februarie 2025, \u00een cadrul Elite Art Gallery din Bucure\u0219ti. Acest&#8230;<\/p>\n","protected":false},"author":7,"featured_media":19784,"comment_status":"closed","ping_status":"closed","sticky":false,"template":"","format":"standard","meta":[],"categories":[163],"tags":[],"_links":{"self":[{"href":"https:\/\/www.tineretalente.org\/index.php\/wp-json\/wp\/v2\/posts\/19783"}],"collection":[{"href":"https:\/\/www.tineretalente.org\/index.php\/wp-json\/wp\/v2\/posts"}],"about":[{"href":"https:\/\/www.tineretalente.org\/index.php\/wp-json\/wp\/v2\/types\/post"}],"author":[{"embeddable":true,"href":"https:\/\/www.tineretalente.org\/index.php\/wp-json\/wp\/v2\/users\/7"}],"replies":[{"embeddable":true,"href":"https:\/\/www.tineretalente.org\/index.php\/wp-json\/wp\/v2\/comments?post=19783"}],"version-history":[{"count":1,"href":"https:\/\/www.tineretalente.org\/index.php\/wp-json\/wp\/v2\/posts\/19783\/revisions"}],"predecessor-version":[{"id":19785,"href":"https:\/\/www.tineretalente.org\/index.php\/wp-json\/wp\/v2\/posts\/19783\/revisions\/19785"}],"wp:featuredmedia":[{"embeddable":true,"href":"https:\/\/www.tineretalente.org\/index.php\/wp-json\/wp\/v2\/media\/19784"}],"wp:attachment":[{"href":"https:\/\/www.tineretalente.org\/index.php\/wp-json\/wp\/v2\/media?parent=19783"}],"wp:term":[{"taxonomy":"category","embeddable":true,"href":"https:\/\/www.tineretalente.org\/index.php\/wp-json\/wp\/v2\/categories?post=19783"},{"taxonomy":"post_tag","embeddable":true,"href":"https:\/\/www.tineretalente.org\/index.php\/wp-json\/wp\/v2\/tags?post=19783"}],"curies":[{"name":"wp","href":"https:\/\/api.w.org\/{rel}","templated":true}]}}