{"id":20012,"date":"2026-02-26T14:23:44","date_gmt":"2026-02-26T12:23:44","guid":{"rendered":"https:\/\/www.tineretalente.org\/?p=20012"},"modified":"2026-02-27T18:33:35","modified_gmt":"2026-02-27T16:33:35","slug":"identitati-2026-debutul-artistic-al-noii-generatii-de-bursieri-ai-programului-tinere-talente","status":"publish","type":"post","link":"https:\/\/www.tineretalente.org\/index.php\/2026\/02\/26\/identitati-2026-debutul-artistic-al-noii-generatii-de-bursieri-ai-programului-tinere-talente\/","title":{"rendered":"Identit\u0103\u021bi 2026: debutul artistic al noii genera\u021bii de bursieri ai programului Tinere Talente"},"content":{"rendered":"<ul>\n<li><strong>36 de tineri arti\u0219ti vizuali \u0219i muzicieni, sus\u021binu\u021bi de c\u0103tre Funda\u021bia Regal\u0103 Margareta a Rom\u00e2niei, se prezint\u0103 publicului pe 2 martie, la Elite Art Gallery, Bucure\u0219ti<\/strong><\/li>\n<\/ul>\n<p><strong>\u00a0<\/strong><\/p>\n<p><strong>Funda\u021bia Regal\u0103 Margareta a Rom\u00e2niei anun\u021b\u0103 <em>Identit\u0103\u021bi<\/em><\/strong>,<strong> evenimentul care marcheaz\u0103 debutul public al genera\u021biei 2026 a programului na\u021bional Tinere Talente<\/strong>: <strong>36 de bursieri<\/strong><strong> &#8211; 18 arti\u0219ti vizuali \u0219i 18 muzicieni &#8211; cu v\u00e2rste \u00eentre 15 \u0219i 24 de ani, din Rom\u00e2nia \u0219i Republica Moldova. Aflat la a 13-a edi\u021bie, evenimentul va avea loc luni, 2 martie 2026, la Elite Art Gallery (Pia\u021ba Na\u021biunile Unite nr. 3-5, Bucure\u0219ti)<\/strong> <strong>\u0219i include vernisajul expozi\u021biei de arte vizuale, de la ora 17:30 \u0219i recitalul de muzic\u0103 clasic\u0103<\/strong> <strong>sus\u021binut de bursieri la ora 18:00. <\/strong><strong>Accesul este liber.<\/strong><\/p>\n<p><strong>De ce este important acest moment<\/strong><\/p>\n<p><strong>Identit\u0103\u021bi<\/strong> este prima ocazie \u00een care bursierii programului <strong>Tinere Talente, genera\u021bia 2026,<\/strong> \u00ee\u0219i prezint\u0103 publicului larg direc\u021bia artistic\u0103 \u0219i nivelul de preg\u0103tire, \u00eentr-un cadru profesionist, al\u0103turi de mentorii lor. Ajuns la <strong>edi\u021bia a 18-a<\/strong>, programul <strong>Tinere Talente<\/strong> sus\u021bine tineri cu poten\u021bial artistic excep\u021bional, proveni\u021bi din medii cu resurse financiare reduse, prin <strong>burse, mentorat, masterclass-uri intergenera\u021bionale, training pentru dezvoltare personal\u0103 \u0219i profesional\u0103 \u0219i oportunit\u0103\u021bi de promovare.<\/strong><\/p>\n<p><strong>Expozi\u021bia de arte vizuale | 2 &#8211; 8 martie 2026<\/strong><\/p>\n<p>\u00cen perioada <strong>2 &#8211; 8 martie 2026<\/strong>, Elite Art Gallery din Bucure\u0219ti g\u0103zduie\u0219te expozi\u021bia bursierilor <strong>Tinere Talente <\/strong>2026, curatoriat\u0103 de <strong>Ileana Dana Marinescu<\/strong>, artist vizual \u0219i mentor \u00een cadrul programului de mai bine de 15 ani. Publicul va putea vedea lucr\u0103ri realizate de c\u0103tre cei 18 bursieri, \u00een tehnici diferite: fotografie, plasticogravur\u0103, point-s\u00e8che, ulei pe p\u00e2nz\u0103, acrilic pe p\u00e2nz\u0103, tehnic\u0103 mixt\u0103 \u0219i digital\u0103 sau design vestimentar. Expozi\u021bia include \u0219i lucr\u0103ri semnate de c\u0103tre mentor.<\/p>\n<p><strong>Recitalul de muzic\u0103 clasic\u0103 | 2 martie 2026, ora 18:00<\/strong><\/p>\n<p>Recitalul reune\u0219te bursieri instrumenti\u0219ti \u0219i soli\u0219ti vocali, cu interpret\u0103ri la pian, chitar\u0103, flaut, oboi, corn, canto. <strong>Programul muzical<\/strong> cuprinde lucr\u0103ri din repertoriul unor compozitori precum: <strong>Antonio Lauro, Max Bruch, Mihail Glinka, Wolfgang A. Mozart, Gioachino Rossini, Philippe Gaubert, Carl Reinecke, Franz Leh\u00e1r, Tiberiu Brediceanu, Gheorghe Dima \u0219i Eugen Doga<\/strong>. Preg\u0103tirea muzical\u0103 a fost realizat\u0103 sub \u00eendrumarea <strong>prof. univ. dr. Verona Maier<\/strong>, pianist, prorector al Universit\u0103\u021bii Na\u021bionale de Muzic\u0103 din Bucure\u0219ti \u0219i mentor Tinere Talente din anul 2018.<\/p>\n<p><strong>Invita\u021bie deschis\u0103 publicului<\/strong><\/p>\n<p>Evenimentul <strong>Identit\u0103\u021bi<\/strong> este o invita\u021bie adresat\u0103 iubitorilor de art\u0103, muzic\u0103 \u0219i educa\u021bie cultural\u0103 de a cunoa\u0219te \u0219i sus\u021bine noua genera\u021bie de arti\u0219ti \u0219i muzicieni.<\/p>\n<p><strong>Lista<\/strong> complet\u0103 a celor <strong>36 de bursieri Tinere Talente 2026<\/strong> poate fi consultat\u0103 pe <a href=\"https:\/\/www.tineretalente.org\/index.php\/2026\/02\/02\/fundatia-regala-margareta-a-romaniei-anunta-numele-celor-36-de-tineri-selectati-pentru-a-face-parte-din-a-18-a-generatie-de-bursieri-ai-programului-national-tinere-talente\/\"><strong>site-ul Funda\u021biei<\/strong><\/a>.<\/p>\n<p><strong>Programul de vizitare a expozi\u021biei: luni &#8211; vineri, 11:00 &#8211; 19:00 <\/strong><strong>| <\/strong><strong>Intrare gratuit\u0103<\/strong><\/p>\n<p><strong>Cum poate fi sus\u021binut programul Tinere Talente<\/strong><\/p>\n<p>Cei care doresc s\u0103 sprijine programul pot:<\/p>\n<ul>\n<li>redirec\u021biona <strong>3,5% din impozitul pe salariu<\/strong> prin completarea Formularului 230, p\u00e2n\u0103 la <strong>25 mai 2026<\/strong>, prin platforma <a href=\"http:\/\/www.redirectioneaza.ro\/fundatia-regala-margareta-a-romaniei\/\"><strong>redirectioneaza.ro\/fundatia-regala-margareta-a-romaniei\/<\/strong><\/a><\/li>\n<li>face o dona\u021bie online: <a href=\"http:\/\/www.frmr.ro\/donationline\"><strong>frmr.ro\/donationline<\/strong><\/a><\/li>\n<\/ul>\n<p><strong>Partener program<\/strong>: <em>Kaufland Rom\u00e2nia\u00a0 <\/em><strong>|<\/strong> <strong>Sponsori program:\u00a0<\/strong><em>EY Rom\u00e2nia, Funda\u021bia Dacia pentru Rom\u00e2nia, B&amp;B Collection &#8211; Kultho, PEPCO Retail, UniCredit Bank, Ferrero Rocher, Dedeman, Yardi Rom\u00e2nia, Enayati Medical City, Highlight Agency, SOFMEDICA, Casa Siqua, Easy Print Services<\/em><\/p>\n<p><strong>Cu sprijin media: <\/strong><em>TVR, TVR Cultural, Europa FM, Radio Rom\u00e2nia Muzical, Radio Rom\u00e2nia Cultural, Radio Rom\u00e2nia Actualit\u0103\u021bi, Radio Trinitas, RFI Rom\u00e2nia, AGERPRES, Forbes, Forbes Life, ziarul cotidian diplomatic Nine O\u2019Clock, Revista Insight TAROM, Zile \u0219i Nop\u021bi, BIZ, Cotidianul,\u00a0 AdPlayers, Ziarul News, Revista Future Economy, Zenith Media, mediaTRUST Rom\u00e2nia<\/em><\/p>\n<p><strong>*****<\/strong><\/p>\n<p><strong><em>Programul Tinere Talente<\/em><\/strong><\/p>\n<p>Programul na\u021bional <em>Tinere Talente, <\/em>derulat de Funda\u021bia Regal\u0103 Margareta a Rom\u00e2niei<em>,<\/em> a debutat \u00een anul 2009 cu scopul de a sprijini \u0219i promova tinerii arti\u0219ti talenta\u021bi care provin din familii cu venituri reduse \u0219i care au nevoie de sprijin financiar pentru a-\u0219i atinge adev\u0103ratul poten\u021bial \u0219i a-\u0219i exprima talentul. Ceea ce diferen\u021biaz\u0103 programul <em>Tinere Talente <\/em>de alte proiecte care ofer\u0103 burse este abordarea holistic\u0103, centrat\u0103 pe dezvoltarea \u0219i afirmarea acestor arti\u0219ti \u00een devenire. Pe l\u00e2ng\u0103 sprijinul financiar, tinerii primesc \u00eendrumarea unor mentori valoro\u0219i, preg\u0103tire prin masterclass-uri \u0219i au oportunit\u0103\u021bi de promovare foarte importante, toate acestea cre\u00e2nd o platform\u0103 de lansare \u00een cariera artistic\u0103. P\u00e2n\u0103 \u00een prezent, <strong>506 burse<\/strong> <strong>au fost acordate tinerilor talenta\u021bi<\/strong>, afla\u021bi la \u00eenceput de drum, care studiaz\u0103 muzica sau artele vizuale \u00een licee \u0219i universit\u0103\u021bi din Rom\u00e2nia, fiind ajuta\u021bi s\u0103-\u0219i dep\u0103\u0219easc\u0103 greut\u0103\u021bile financiare \u0219i s\u0103 continue s\u0103-\u0219i exprime valoarea artistic\u0103. De-a lungul timpului, peste 2.200.000 de euro au fost investi\u021bi \u00een viitorul artistic al Rom\u00e2niei. \u00cen anul 2025, programul <strong>Tinere Talente<\/strong> a primit <strong>distinc\u021bia GOLD<\/strong> \u00een cadrul <strong>Premiilor Community Index<\/strong>, la categoria Art\u0103 \u0219i cultur\u0103, iar \u00een anii 2013, 2015, 2019 \u0219i 2022 a fost recunoscut ca <strong>cel mai bun program de Art\u0103 \u0219i Cultur\u0103 din Rom\u00e2nia<\/strong>, la Gala Societ\u0103\u021bii Civile. Detalii pe <a href=\"http:\/\/www.tinteretalente.org\">www.tinteretalente.org<\/a>.<\/p>\n<p><strong><em>Funda\u021bia Regal\u0103 Margareta a Rom\u00e2niei<\/em><\/strong><\/p>\n<p>Funda\u021bia Regal\u0103 Margareta a Rom\u00e2niei a fost \u00eenfiin\u021bat\u0103 \u00een 1990 de c\u0103tre Regele Mihai I al Rom\u00e2niei \u0219i Majestatea Sa Margareta Custodele Coroanei rom\u00e2ne. Cu o activitate de 36 de ani, Funda\u021bia Regal\u0103 Margareta a Rom\u00e2niei sprijin\u0103 copii, tineri \u0219i v\u00e2rstnici prin interven\u021bii durabile, bazate pe schimbul de experien\u021b\u0103 \u0219i valori \u00eentre genera\u021bii. De-a lungul timpului, Funda\u021bia s-a implicat \u00een numeroase proiecte sociale, culturale \u015fi de sus\u021binere a educa\u021biei \u015fi talentului artistic. Detalii pe <a href=\"http:\/\/www.frmr.ro\">www.frmr.ro<\/a>.<\/p>\n<p><strong><em>Elite Art Gallery<\/em><\/strong><\/p>\n<p>Din 2003, Elite Art Gallery g\u0103zduie\u0219te expozi\u021bii de art\u0103 contemporan\u0103. Ca parte a Asocia\u021biei Elite Art Club Unesco, Elite Art Gallery a construit \u00een ace\u0219ti ani un portofoliu solid care cuprinde expozi\u021bii \u0219i un concurs dedicat arti\u0219tilor emergen\u021bi. Asocia\u021bia implementeaz\u0103 proiecte \u00een domeniul artelor vizuale \u0219i muzicii, precum \u0219i proiecte educa\u021bionale, prin care contribuie la dezvoltarea arti\u0219tilor. Acest program, g\u0103zduit de Elite Art Gallery \u0219i implementat de Funda\u021bia Regal\u0103 Margareta a Rom\u00e2niei, este unul dintre ele.<\/p>\n<p>&nbsp;<\/p>\n","protected":false},"excerpt":{"rendered":"<p>36 de tineri arti\u0219ti vizuali \u0219i muzicieni, sus\u021binu\u021bi de c\u0103tre Funda\u021bia Regal\u0103 Margareta a Rom\u00e2niei, se prezint\u0103 publicului pe 2 martie, la Elite Art Gallery, Bucure\u0219ti \u00a0 Funda\u021bia Regal\u0103 Margareta a Rom\u00e2niei anun\u021b\u0103 Identit\u0103\u021bi, evenimentul care marcheaz\u0103 debutul public al genera\u021biei 2026 a programului na\u021bional&#8230;<\/p>\n","protected":false},"author":7,"featured_media":20013,"comment_status":"closed","ping_status":"closed","sticky":false,"template":"","format":"standard","meta":[],"categories":[163,1],"tags":[],"_links":{"self":[{"href":"https:\/\/www.tineretalente.org\/index.php\/wp-json\/wp\/v2\/posts\/20012"}],"collection":[{"href":"https:\/\/www.tineretalente.org\/index.php\/wp-json\/wp\/v2\/posts"}],"about":[{"href":"https:\/\/www.tineretalente.org\/index.php\/wp-json\/wp\/v2\/types\/post"}],"author":[{"embeddable":true,"href":"https:\/\/www.tineretalente.org\/index.php\/wp-json\/wp\/v2\/users\/7"}],"replies":[{"embeddable":true,"href":"https:\/\/www.tineretalente.org\/index.php\/wp-json\/wp\/v2\/comments?post=20012"}],"version-history":[{"count":1,"href":"https:\/\/www.tineretalente.org\/index.php\/wp-json\/wp\/v2\/posts\/20012\/revisions"}],"predecessor-version":[{"id":20014,"href":"https:\/\/www.tineretalente.org\/index.php\/wp-json\/wp\/v2\/posts\/20012\/revisions\/20014"}],"wp:featuredmedia":[{"embeddable":true,"href":"https:\/\/www.tineretalente.org\/index.php\/wp-json\/wp\/v2\/media\/20013"}],"wp:attachment":[{"href":"https:\/\/www.tineretalente.org\/index.php\/wp-json\/wp\/v2\/media?parent=20012"}],"wp:term":[{"taxonomy":"category","embeddable":true,"href":"https:\/\/www.tineretalente.org\/index.php\/wp-json\/wp\/v2\/categories?post=20012"},{"taxonomy":"post_tag","embeddable":true,"href":"https:\/\/www.tineretalente.org\/index.php\/wp-json\/wp\/v2\/tags?post=20012"}],"curies":[{"name":"wp","href":"https:\/\/api.w.org\/{rel}","templated":true}]}}